{"id":2775,"date":"2021-10-29T14:35:28","date_gmt":"2021-10-29T12:35:28","guid":{"rendered":"https:\/\/agora.xtec.cat\/ceiptorreroja\/?p=2775"},"modified":"2022-09-27T09:13:22","modified_gmt":"2022-09-27T07:13:22","slug":"eleccions-consell-escolar-2021","status":"publish","type":"post","link":"https:\/\/agora.xtec.cat\/ceiptorreroja\/cursos-anteriors\/eleccions-consell-escolar-2021\/","title":{"rendered":"Eleccions Consell Escolar 2021"},"content":{"rendered":"<p><img loading=\"lazy\" decoding=\"async\" class=\"aligncenter size-large wp-image-2776\" src=\"https:\/\/agora.xtec.cat\/ceiptorreroja\/wp-content\/uploads\/usu1673\/2021\/10\/Retol-Eleccions-C.Escolar-1024x667.jpg\" alt=\"\" width=\"1024\" height=\"667\" srcset=\"https:\/\/agora.xtec.cat\/ceiptorreroja\/wp-content\/uploads\/usu1673\/2021\/10\/Retol-Eleccions-C.Escolar-1024x667.jpg 1024w, https:\/\/agora.xtec.cat\/ceiptorreroja\/wp-content\/uploads\/usu1673\/2021\/10\/Retol-Eleccions-C.Escolar-300x196.jpg 300w, https:\/\/agora.xtec.cat\/ceiptorreroja\/wp-content\/uploads\/usu1673\/2021\/10\/Retol-Eleccions-C.Escolar-768x501.jpg 768w, https:\/\/agora.xtec.cat\/ceiptorreroja\/wp-content\/uploads\/usu1673\/2021\/10\/Retol-Eleccions-C.Escolar.jpg 1258w\" sizes=\"auto, (max-width: 1024px) 100vw, 1024px\" \/><\/p>\n<p>El Consell Escolar \u00e9s l\u2019\u00f2rgan de participaci\u00f3 en el control i la gesti\u00f3 de centres, en el qual hi participen tots els sectors de la comunitat educativa.<\/p>\n<p>El <strong>2 de novembre<\/strong> s\u2019inicia el procediment per a la renovaci\u00f3 parcial dels membres dels consells escolars dels centres educatius (curs 2021-2022).<\/p>\n<p><img loading=\"lazy\" decoding=\"async\" class=\"aligncenter size-large wp-image-2778\" src=\"https:\/\/agora.xtec.cat\/ceiptorreroja\/wp-content\/uploads\/usu1673\/2021\/10\/calendari-1024x411.jpg\" alt=\"\" width=\"1024\" height=\"411\" srcset=\"https:\/\/agora.xtec.cat\/ceiptorreroja\/wp-content\/uploads\/usu1673\/2021\/10\/calendari-1024x411.jpg 1024w, https:\/\/agora.xtec.cat\/ceiptorreroja\/wp-content\/uploads\/usu1673\/2021\/10\/calendari-300x120.jpg 300w, https:\/\/agora.xtec.cat\/ceiptorreroja\/wp-content\/uploads\/usu1673\/2021\/10\/calendari-768x308.jpg 768w, https:\/\/agora.xtec.cat\/ceiptorreroja\/wp-content\/uploads\/usu1673\/2021\/10\/calendari.jpg 1353w\" sizes=\"auto, (max-width: 1024px) 100vw, 1024px\" \/><\/p>\n","protected":false},"excerpt":{"rendered":"<p>El Consell Escolar \u00e9s l\u2019\u00f2rgan de participaci\u00f3 en el control i la gesti\u00f3 de centres, en el qual hi participen tots els sectors de la comunitat educativa.<br \/>\nEl 2 de novembre s\u2019inicia el procediment per a la renovaci\u00f3 parcial dels membres dels consells escolars dels centres&hellip;  <a href=\"https:\/\/agora.xtec.cat\/ceiptorreroja\/cursos-anteriors\/eleccions-consell-escolar-2021\/\" title=\"Read Eleccions Consell Escolar 2021\">Llegeix m\u00e9s\u00bb<\/a><\/p>\n","protected":false},"author":1,"featured_media":2776,"comment_status":"open","ping_status":"closed","sticky":false,"template":"","format":"standard","meta":{"_bbp_topic_count":0,"_bbp_reply_count":0,"_bbp_total_topic_count":0,"_bbp_total_reply_count":0,"_bbp_voice_count":0,"_bbp_anonymous_reply_count":0,"_bbp_topic_count_hidden":0,"_bbp_reply_count_hidden":0,"_bbp_forum_subforum_count":0,"footnotes":""},"categories":[107],"tags":[114],"class_list":["post-2775","post","type-post","status-publish","format-standard","has-post-thumbnail","hentry","category-cursos-anteriors","tag-consell-escolar"],"post_mailing_queue_ids":[],"_links":{"self":[{"href":"https:\/\/agora.xtec.cat\/ceiptorreroja\/wp-json\/wp\/v2\/posts\/2775","targetHints":{"allow":["GET"]}}],"collection":[{"href":"https:\/\/agora.xtec.cat\/ceiptorreroja\/wp-json\/wp\/v2\/posts"}],"about":[{"href":"https:\/\/agora.xtec.cat\/ceiptorreroja\/wp-json\/wp\/v2\/types\/post"}],"author":[{"embeddable":true,"href":"https:\/\/agora.xtec.cat\/ceiptorreroja\/wp-json\/wp\/v2\/users\/1"}],"replies":[{"embeddable":true,"href":"https:\/\/agora.xtec.cat\/ceiptorreroja\/wp-json\/wp\/v2\/comments?post=2775"}],"version-history":[{"count":3,"href":"https:\/\/agora.xtec.cat\/ceiptorreroja\/wp-json\/wp\/v2\/posts\/2775\/revisions"}],"predecessor-version":[{"id":2930,"href":"https:\/\/agora.xtec.cat\/ceiptorreroja\/wp-json\/wp\/v2\/posts\/2775\/revisions\/2930"}],"wp:featuredmedia":[{"embeddable":true,"href":"https:\/\/agora.xtec.cat\/ceiptorreroja\/wp-json\/wp\/v2\/media\/2776"}],"wp:attachment":[{"href":"https:\/\/agora.xtec.cat\/ceiptorreroja\/wp-json\/wp\/v2\/media?parent=2775"}],"wp:term":[{"taxonomy":"category","embeddable":true,"href":"https:\/\/agora.xtec.cat\/ceiptorreroja\/wp-json\/wp\/v2\/categories?post=2775"},{"taxonomy":"post_tag","embeddable":true,"href":"https:\/\/agora.xtec.cat\/ceiptorreroja\/wp-json\/wp\/v2\/tags?post=2775"}],"curies":[{"name":"wp","href":"https:\/\/api.w.org\/{rel}","templated":true}]}}