{"id":2431,"date":"2021-02-02T10:46:51","date_gmt":"2021-02-02T09:46:51","guid":{"rendered":"http:\/\/agora.xtec.cat\/ceiptorreroja\/?p=2431"},"modified":"2021-09-16T16:26:04","modified_gmt":"2021-09-16T14:26:04","slug":"portes-obertes-2021-2022","status":"publish","type":"post","link":"https:\/\/agora.xtec.cat\/ceiptorreroja\/general\/portes-obertes-2021-2022\/","title":{"rendered":"Portes Obertes 2021-2022"},"content":{"rendered":"<p><a href=\"https:\/\/agora.xtec.cat\/ceiptorreroja\/wp-content\/uploads\/usu1673\/2021\/02\/Portes-obertes-Torre-Roja-2021-2022.jpg\" target=\"_blank\" rel=\"noopener noreferrer\"><img loading=\"lazy\" decoding=\"async\" class=\"aligncenter wp-image-2437 size-large\" src=\"https:\/\/agora.xtec.cat\/ceiptorreroja\/wp-content\/uploads\/usu1673\/2021\/02\/Portes-obertes-Torre-Roja-2021-2022-724x1024.jpg\" alt=\"\" width=\"724\" height=\"1024\" srcset=\"https:\/\/agora.xtec.cat\/ceiptorreroja\/wp-content\/uploads\/usu1673\/2021\/02\/Portes-obertes-Torre-Roja-2021-2022-724x1024.jpg 724w, https:\/\/agora.xtec.cat\/ceiptorreroja\/wp-content\/uploads\/usu1673\/2021\/02\/Portes-obertes-Torre-Roja-2021-2022-212x300.jpg 212w, https:\/\/agora.xtec.cat\/ceiptorreroja\/wp-content\/uploads\/usu1673\/2021\/02\/Portes-obertes-Torre-Roja-2021-2022-768x1086.jpg 768w\" sizes=\"auto, (max-width: 724px) 100vw, 724px\" \/><\/a><\/p>\n<div style=\"border: 1px solid black; border-radius: 5px; \/* background: lightblue; *\/ padding: 10px;\">\n<p>Com cada any, al llarg del 2n trimestre es portar\u00e0 a termeel proc\u00e9s de preinscripci\u00f3 dels nous alumnes per al <strong>curs 2021-2022<\/strong>. Per tal que les fam\u00edlies pugueu valorar les diferents opcions que teniu a l\u2019abast per als vostres fills i filles, els centres escolars realitzem jornades de Portes Obertes.<\/p>\n<p>Aquest any per\u00f2, donada la situaci\u00f3 sanit\u00e0ria, el funcionament de la sessi\u00f3 no podr\u00e0 ser l\u2019habitual. Segons les instruccions del Departament d\u2019Educaci\u00f3 l\u2019organitzaci\u00f3 haur\u00e0 de ser:<\/p>\n<ul>\n<li>Grups de <strong>10 persones<\/strong>. \u00c9s imprescindible l\u2019\u00fas de mascareta i la higiene de mans per poder accedir al centre.<\/li>\n<li>Visita restringida a 2 adults per alumne\/a. Cal reservar una cita pr\u00e8via per a cada adult.\u00a0Sense aquest pas no es podr\u00e0 accedir al centre.<\/li>\n<li>Els menors d\u2019edat no podran accedir al recinte escolar.<\/li>\n<li>La visita tindr\u00e0 una durada aproximada d\u2019una hora, en la que podreu con\u00e8ixer la nostra escola i tindreu temps per resoldre possibles dubtes sobre el proc\u00e9s de preinscripci\u00f3, el projecte o el funcionament del nostre centre.<\/li>\n<li>No es podr\u00e0 lliurar cap tipus de documentaci\u00f3 en format paper.<\/li>\n<\/ul>\n<p>Per poder atendre tothom, podeu demanar cita pr\u00e8via per al torn que m\u00e9s us convingui.<\/p>\n<p>Anirem penjant al web de l\u2019escola tota la informaci\u00f3 relacionada amb la Preinscripci\u00f3 2021-22.<\/p>\n<p><strong>A dia d\u2019avui, les dates que tenim per a la presentaci\u00f3 de sol\u00b7licituds de preinscripci\u00f3 s\u00f3n: <\/strong><\/p>\n<ul>\n<li style=\"color: red;\">Educaci\u00f3 infantil de segon cicle i Educaci\u00f3 prim\u00e0ria:<br \/>\n<strong>del 15 al 24 de mar\u00e7 de 2021<\/strong><\/li>\n<\/ul>\n<p>Moltes gr\u00e0cies per la vostra col\u00b7laboraci\u00f3, molta salut i us esperem el 26 o 27 de febrer a l\u2019Escola Torre Roja.<\/p>\n<\/div>\n","protected":false},"excerpt":{"rendered":"<p><a href=\"https:\/\/agora.xtec.cat\/ceiptorreroja\/wp-content\/uploads\/usu1673\/2021\/02\/Portes-obertes-Torre-Roja-2021-2022.jpg\" target=\"_blank\" rel=\"noopener noreferrer\"><\/a><\/p>\n<p>Com cada any, al llarg del 2n trimestre es portar\u00e0 a termeel proc\u00e9s de preinscripci\u00f3 dels nous alumnes per al curs 2021-2022. Per tal que les fam\u00edlies pugueu valorar les diferents opcions que teniu a l\u2019abast per als vostres fills i&hellip;  <a href=\"https:\/\/agora.xtec.cat\/ceiptorreroja\/general\/portes-obertes-2021-2022\/\" title=\"Read Portes Obertes 2021-2022\">Llegeix m\u00e9s\u00bb<\/a><\/p>\n","protected":false},"author":1,"featured_media":0,"comment_status":"closed","ping_status":"closed","sticky":false,"template":"","format":"standard","meta":{"_bbp_topic_count":0,"_bbp_reply_count":0,"_bbp_total_topic_count":0,"_bbp_total_reply_count":0,"_bbp_voice_count":0,"_bbp_anonymous_reply_count":0,"_bbp_topic_count_hidden":0,"_bbp_reply_count_hidden":0,"_bbp_forum_subforum_count":0,"footnotes":""},"categories":[107,1,2,5],"tags":[],"class_list":["post-2431","post","type-post","status-publish","format-standard","hentry","category-cursos-anteriors","category-general","category-infantil","category-primaria"],"post_mailing_queue_ids":[],"_links":{"self":[{"href":"https:\/\/agora.xtec.cat\/ceiptorreroja\/wp-json\/wp\/v2\/posts\/2431","targetHints":{"allow":["GET"]}}],"collection":[{"href":"https:\/\/agora.xtec.cat\/ceiptorreroja\/wp-json\/wp\/v2\/posts"}],"about":[{"href":"https:\/\/agora.xtec.cat\/ceiptorreroja\/wp-json\/wp\/v2\/types\/post"}],"author":[{"embeddable":true,"href":"https:\/\/agora.xtec.cat\/ceiptorreroja\/wp-json\/wp\/v2\/users\/1"}],"replies":[{"embeddable":true,"href":"https:\/\/agora.xtec.cat\/ceiptorreroja\/wp-json\/wp\/v2\/comments?post=2431"}],"version-history":[{"count":3,"href":"https:\/\/agora.xtec.cat\/ceiptorreroja\/wp-json\/wp\/v2\/posts\/2431\/revisions"}],"predecessor-version":[{"id":2433,"href":"https:\/\/agora.xtec.cat\/ceiptorreroja\/wp-json\/wp\/v2\/posts\/2431\/revisions\/2433"}],"wp:attachment":[{"href":"https:\/\/agora.xtec.cat\/ceiptorreroja\/wp-json\/wp\/v2\/media?parent=2431"}],"wp:term":[{"taxonomy":"category","embeddable":true,"href":"https:\/\/agora.xtec.cat\/ceiptorreroja\/wp-json\/wp\/v2\/categories?post=2431"},{"taxonomy":"post_tag","embeddable":true,"href":"https:\/\/agora.xtec.cat\/ceiptorreroja\/wp-json\/wp\/v2\/tags?post=2431"}],"curies":[{"name":"wp","href":"https:\/\/api.w.org\/{rel}","templated":true}]}}