{"id":949,"date":"2022-03-04T12:09:26","date_gmt":"2022-03-04T11:09:26","guid":{"rendered":"https:\/\/agora.xtec.cat\/ceiptorrentdenmelis\/?p=949"},"modified":"2022-09-02T11:01:38","modified_gmt":"2022-09-02T09:01:38","slug":"preinscripcio-curs-22-23","status":"publish","type":"post","link":"https:\/\/agora.xtec.cat\/ceiptorrentdenmelis\/general\/preinscripcio-curs-22-23\/","title":{"rendered":"PREINSCRIPCI\u00d3 I MATR\u00cdCULA CURS 22-23"},"content":{"rendered":"<p><strong>\u00daltima actualitzaci\u00f3: 10 de juny de 2022.<\/strong><\/p>\n<p>La preinscripci\u00f3 escolar aquest curs s&#8217;inicia el <strong>7 de mar\u00e7 i es podr\u00e0 fer fins al 21 de mar\u00e7<\/strong>.<\/p>\n<p>A l&#8217;abril sortir\u00e0 la resoluci\u00f3 i assignaci\u00f3 de places i al juny ser\u00e0 moment de formalitzar la matr\u00edcula.<\/p>\n<p>Des de l&#8217;escola us informem del seg\u00fcent:<\/p>\n<ul>\n<li><a href=\"https:\/\/agora.xtec.cat\/ceiptorrentdenmelis\/wp-content\/uploads\/usu2278\/2022\/03\/20220304-Oferta_Inicial_preinscripcio.pdf\">Oferta inicial de places\u00a0<\/a><\/li>\n<li><a href=\"https:\/\/agora.xtec.cat\/ceiptorrentdenmelis\/wp-content\/uploads\/usu2278\/2022\/03\/20220421_Barem_Provisional_-preins.pdf\">Publicaci\u00f3 de la llista de sol\u00b7licituds amb la puntuaci\u00f3 provisional.<\/a> (Presentaci\u00f3 de reclamacions per a la llista\u00a0 amb la puntuaci\u00f3 provisional del 22 al 28 d&#8217;abril).<\/li>\n<\/ul>\n<p>________<\/p>\n<p><strong>DIJOUS 9 DE JUNY<\/strong><\/p>\n<ul>\n<li><a href=\"https:\/\/agora.xtec.cat\/ceiptorrentdenmelis\/wp-content\/uploads\/usu2278\/2022\/03\/Oferta-definitiva-de-places.pdf\">Oferta definitiva de places<\/a> de la nostra escola.<\/li>\n<\/ul>\n<p><strong>DIVENDRES 10 DE JUNY<\/strong><\/p>\n<ul>\n<li><a href=\"https:\/\/agora.xtec.cat\/ceiptorrentdenmelis\/wp-content\/uploads\/usu2278\/2022\/03\/INFORME_PREINSCRITES_OME_INFORME_PREINSCRITES_OME.pdf\">Alumnes preinscrits al centre 10\/06\/2022<\/a><\/li>\n<li><a href=\"https:\/\/agora.xtec.cat\/ceiptorrentdenmelis\/wp-content\/uploads\/usu2278\/2022\/03\/INFORME_ASSIGNADES_INFORME_ASSIGNADES.pdf\">Alumnes assignats al centre amb indicaci\u00f3 de la primera petici\u00f3 a 10\/06\/2022<\/a><\/li>\n<li><a href=\"https:\/\/agora.xtec.cat\/ceiptorrentdenmelis\/wp-content\/uploads\/usu2278\/2022\/03\/INFORME_LLISTA_ESPERA_OME_LLISTA_ESPERA.pdf\">Publicaci\u00f3 de la llista d&#8217;espera del centre a 10\/06\/2022<\/a><\/li>\n<\/ul>\n<h4>INFORMAR-VOS QUE LES DATES DE LA MATR\u00cdCULA S\u00d3N DEL 21 AL 29 DE JUNY.<\/h4>\n<p>&nbsp;<\/p>\n<p>Podreu trobar tota la informaci\u00f3 detallada de com dur a terme el proc\u00e9s en el aquest <a href=\"https:\/\/preinscripcio.gencat.cat\/ca\/estudis\/infantil-3-6\/informat\/calendari\/\">enlla\u00e7<\/a>.<\/p>\n<p><a href=\"https:\/\/preinscripcio.gencat.cat\/ca\/estudis\/infantil-3-6\/informat\/calendari\/\"><img loading=\"lazy\" decoding=\"async\" class=\"aligncenter\" src=\"https:\/\/preinscripcio.gencat.cat\/web\/.content\/estudis\/infantil-3-6\/inici\/carrusel\/infantil3-6-bola1.png_223078711.png\" width=\"743\" height=\"418\" \/><\/a><\/p>\n<p>&nbsp;<\/p>\n","protected":false},"excerpt":{"rendered":"<p>\u00daltima actualitzaci\u00f3: 10 de juny de 2022. La preinscripci\u00f3 escolar aquest curs s&#8217;inicia el 7 de mar\u00e7 i es podr\u00e0 fer fins al 21 de mar\u00e7. A l&#8217;abril sortir\u00e0 la resoluci\u00f3 i assignaci\u00f3 de places i al juny ser\u00e0 moment de formalitzar la matr\u00edcula. Des de l&#8217;escola us informem del seg\u00fcent: Oferta inicial de places\u00a0 [&hellip;]<\/p>\n","protected":false},"author":1,"featured_media":995,"comment_status":"open","ping_status":"closed","sticky":false,"template":"","format":"standard","meta":{"_bbp_topic_count":0,"_bbp_reply_count":0,"_bbp_total_topic_count":0,"_bbp_total_reply_count":0,"_bbp_voice_count":0,"_bbp_anonymous_reply_count":0,"_bbp_topic_count_hidden":0,"_bbp_reply_count_hidden":0,"_bbp_forum_subforum_count":0,"site-sidebar-layout":"default","site-content-layout":"","ast-site-content-layout":"","site-content-style":"default","site-sidebar-style":"default","ast-global-header-display":"","ast-banner-title-visibility":"","ast-main-header-display":"","ast-hfb-above-header-display":"","ast-hfb-below-header-display":"","ast-hfb-mobile-header-display":"","site-post-title":"","ast-breadcrumbs-content":"","ast-featured-img":"","footer-sml-layout":"","theme-transparent-header-meta":"","adv-header-id-meta":"","stick-header-meta":"","header-above-stick-meta":"","header-main-stick-meta":"","header-below-stick-meta":"","astra-migrate-meta-layouts":"default","ast-page-background-enabled":"default","ast-page-background-meta":{"desktop":{"background-color":"var(--ast-global-color-4)","background-image":"","background-repeat":"repeat","background-position":"center center","background-size":"auto","background-attachment":"scroll","background-type":"","background-media":"","overlay-type":"","overlay-color":"","overlay-opacity":"","overlay-gradient":""},"tablet":{"background-color":"","background-image":"","background-repeat":"repeat","background-position":"center center","background-size":"auto","background-attachment":"scroll","background-type":"","background-media":"","overlay-type":"","overlay-color":"","overlay-opacity":"","overlay-gradient":""},"mobile":{"background-color":"","background-image":"","background-repeat":"repeat","background-position":"center center","background-size":"auto","background-attachment":"scroll","background-type":"","background-media":"","overlay-type":"","overlay-color":"","overlay-opacity":"","overlay-gradient":""}},"ast-content-background-meta":{"desktop":{"background-color":"var(--ast-global-color-5)","background-image":"","background-repeat":"repeat","background-position":"center center","background-size":"auto","background-attachment":"scroll","background-type":"","background-media":"","overlay-type":"","overlay-color":"","overlay-opacity":"","overlay-gradient":""},"tablet":{"background-color":"var(--ast-global-color-5)","background-image":"","background-repeat":"repeat","background-position":"center center","background-size":"auto","background-attachment":"scroll","background-type":"","background-media":"","overlay-type":"","overlay-color":"","overlay-opacity":"","overlay-gradient":""},"mobile":{"background-color":"var(--ast-global-color-5)","background-image":"","background-repeat":"repeat","background-position":"center center","background-size":"auto","background-attachment":"scroll","background-type":"","background-media":"","overlay-type":"","overlay-color":"","overlay-opacity":"","overlay-gradient":""}},"footnotes":""},"categories":[1,4],"tags":[],"class_list":["post-949","post","type-post","status-publish","format-standard","has-post-thumbnail","hentry","category-general","category-portada"],"post_mailing_queue_ids":[],"_links":{"self":[{"href":"https:\/\/agora.xtec.cat\/ceiptorrentdenmelis\/wp-json\/wp\/v2\/posts\/949","targetHints":{"allow":["GET"]}}],"collection":[{"href":"https:\/\/agora.xtec.cat\/ceiptorrentdenmelis\/wp-json\/wp\/v2\/posts"}],"about":[{"href":"https:\/\/agora.xtec.cat\/ceiptorrentdenmelis\/wp-json\/wp\/v2\/types\/post"}],"author":[{"embeddable":true,"href":"https:\/\/agora.xtec.cat\/ceiptorrentdenmelis\/wp-json\/wp\/v2\/users\/1"}],"replies":[{"embeddable":true,"href":"https:\/\/agora.xtec.cat\/ceiptorrentdenmelis\/wp-json\/wp\/v2\/comments?post=949"}],"version-history":[{"count":4,"href":"https:\/\/agora.xtec.cat\/ceiptorrentdenmelis\/wp-json\/wp\/v2\/posts\/949\/revisions"}],"predecessor-version":[{"id":1025,"href":"https:\/\/agora.xtec.cat\/ceiptorrentdenmelis\/wp-json\/wp\/v2\/posts\/949\/revisions\/1025"}],"wp:featuredmedia":[{"embeddable":true,"href":"https:\/\/agora.xtec.cat\/ceiptorrentdenmelis\/wp-json\/wp\/v2\/media\/995"}],"wp:attachment":[{"href":"https:\/\/agora.xtec.cat\/ceiptorrentdenmelis\/wp-json\/wp\/v2\/media?parent=949"}],"wp:term":[{"taxonomy":"category","embeddable":true,"href":"https:\/\/agora.xtec.cat\/ceiptorrentdenmelis\/wp-json\/wp\/v2\/categories?post=949"},{"taxonomy":"post_tag","embeddable":true,"href":"https:\/\/agora.xtec.cat\/ceiptorrentdenmelis\/wp-json\/wp\/v2\/tags?post=949"}],"curies":[{"name":"wp","href":"https:\/\/api.w.org\/{rel}","templated":true}]}}