{"id":916,"date":"2021-11-11T17:02:57","date_gmt":"2021-11-11T16:02:57","guid":{"rendered":"https:\/\/agora.xtec.cat\/ceiptorrentdenmelis\/?p=916"},"modified":"2021-11-17T08:29:09","modified_gmt":"2021-11-17T07:29:09","slug":"jornada-solidaria","status":"publish","type":"post","link":"https:\/\/agora.xtec.cat\/ceiptorrentdenmelis\/general\/jornada-solidaria\/","title":{"rendered":"JORNADA SOLID\u00c0RIA"},"content":{"rendered":"<p style=\"text-align: justify;\">Amb molta il\u00b7lusi\u00f3 i amb moltes ganes volem presentar-vos una jornada solid\u00e0ria per recollir diners per les col\u00f2nies del curs 2021-22 del Torrent d&#8217;en Melis.<\/p>\n<p style=\"text-align: justify;\">Ser\u00e0 el proper <strong>diumenge 28 de novembre de les 9h30 a les 13h<\/strong> i hi haur\u00e0 activitats per a tota la fam\u00edlia.<\/p>\n<p style=\"text-align: justify;\">A les 10h hi haur\u00e0 una sessi\u00f3 de Zumba per moure l&#8217;esquelet i seguir el ritme de can\u00e7ons modernes i animades. Seguit, a les 11h hi haur\u00e0 una gimcana perqu\u00e8 poseu a prova les vostres habilitats t\u00e8cniques i de cooperaci\u00f3.<\/p>\n<p style=\"text-align: justify;\">Durant tota la jornada hi haur\u00e0 disponible diferents tallers per jugar, entretenir-se i divertir-se. A m\u00e9s, hi haur\u00e0 un petit bar per refrigerar-se i reposar energia.<\/p>\n<p style=\"text-align: justify;\">No us ho penseu i veniu! Amb l&#8217;entrada us assegureu un petit regal i hi haur\u00e0 sortejos.<\/p>\n<p>&nbsp;<\/p>\n<p>Les participacions ja estan a la venta a la secretaria de l&#8217;escola.<\/p>\n<p>Us hi esperem a tots i totes!<\/p>\n<p><a href=\"https:\/\/agora.xtec.cat\/ceiptorrentdenmelis\/wp-content\/uploads\/usu2278\/2021\/11\/Captura.jpg\"><img loading=\"lazy\" decoding=\"async\" class=\"size-full wp-image-917 aligncenter\" src=\"https:\/\/agora.xtec.cat\/ceiptorrentdenmelis\/wp-content\/uploads\/usu2278\/2021\/11\/Captura.jpg\" alt=\"\" width=\"664\" height=\"924\" srcset=\"https:\/\/agora.xtec.cat\/ceiptorrentdenmelis\/wp-content\/uploads\/usu2278\/2021\/11\/Captura.jpg 664w, https:\/\/agora.xtec.cat\/ceiptorrentdenmelis\/wp-content\/uploads\/usu2278\/2021\/11\/Captura-216x300.jpg 216w\" sizes=\"auto, (max-width: 664px) 100vw, 664px\" \/><\/a><\/p>\n","protected":false},"excerpt":{"rendered":"<p>Amb molta il\u00b7lusi\u00f3 i amb moltes ganes volem presentar-vos una jornada solid\u00e0ria per recollir diners per les col\u00f2nies del curs 2021-22 del Torrent d&#8217;en Melis. Ser\u00e0 el proper diumenge 28 de novembre de les 9h30 a les 13h i hi haur\u00e0 activitats per a tota la fam\u00edlia. A les 10h hi haur\u00e0 una sessi\u00f3 de [&hellip;]<\/p>\n","protected":false},"author":1,"featured_media":917,"comment_status":"open","ping_status":"closed","sticky":false,"template":"","format":"standard","meta":{"_bbp_topic_count":0,"_bbp_reply_count":0,"_bbp_total_topic_count":0,"_bbp_total_reply_count":0,"_bbp_voice_count":0,"_bbp_anonymous_reply_count":0,"_bbp_topic_count_hidden":0,"_bbp_reply_count_hidden":0,"_bbp_forum_subforum_count":0,"site-sidebar-layout":"default","site-content-layout":"","ast-site-content-layout":"","site-content-style":"default","site-sidebar-style":"default","ast-global-header-display":"","ast-banner-title-visibility":"","ast-main-header-display":"","ast-hfb-above-header-display":"","ast-hfb-below-header-display":"","ast-hfb-mobile-header-display":"","site-post-title":"","ast-breadcrumbs-content":"","ast-featured-img":"","footer-sml-layout":"","theme-transparent-header-meta":"","adv-header-id-meta":"","stick-header-meta":"","header-above-stick-meta":"","header-main-stick-meta":"","header-below-stick-meta":"","astra-migrate-meta-layouts":"default","ast-page-background-enabled":"default","ast-page-background-meta":{"desktop":{"background-color":"var(--ast-global-color-4)","background-image":"","background-repeat":"repeat","background-position":"center center","background-size":"auto","background-attachment":"scroll","background-type":"","background-media":"","overlay-type":"","overlay-color":"","overlay-opacity":"","overlay-gradient":""},"tablet":{"background-color":"","background-image":"","background-repeat":"repeat","background-position":"center center","background-size":"auto","background-attachment":"scroll","background-type":"","background-media":"","overlay-type":"","overlay-color":"","overlay-opacity":"","overlay-gradient":""},"mobile":{"background-color":"","background-image":"","background-repeat":"repeat","background-position":"center center","background-size":"auto","background-attachment":"scroll","background-type":"","background-media":"","overlay-type":"","overlay-color":"","overlay-opacity":"","overlay-gradient":""}},"ast-content-background-meta":{"desktop":{"background-color":"var(--ast-global-color-5)","background-image":"","background-repeat":"repeat","background-position":"center center","background-size":"auto","background-attachment":"scroll","background-type":"","background-media":"","overlay-type":"","overlay-color":"","overlay-opacity":"","overlay-gradient":""},"tablet":{"background-color":"var(--ast-global-color-5)","background-image":"","background-repeat":"repeat","background-position":"center center","background-size":"auto","background-attachment":"scroll","background-type":"","background-media":"","overlay-type":"","overlay-color":"","overlay-opacity":"","overlay-gradient":""},"mobile":{"background-color":"var(--ast-global-color-5)","background-image":"","background-repeat":"repeat","background-position":"center center","background-size":"auto","background-attachment":"scroll","background-type":"","background-media":"","overlay-type":"","overlay-color":"","overlay-opacity":"","overlay-gradient":""}},"footnotes":""},"categories":[1,4],"tags":[],"class_list":["post-916","post","type-post","status-publish","format-standard","has-post-thumbnail","hentry","category-general","category-portada"],"post_mailing_queue_ids":[],"_links":{"self":[{"href":"https:\/\/agora.xtec.cat\/ceiptorrentdenmelis\/wp-json\/wp\/v2\/posts\/916","targetHints":{"allow":["GET"]}}],"collection":[{"href":"https:\/\/agora.xtec.cat\/ceiptorrentdenmelis\/wp-json\/wp\/v2\/posts"}],"about":[{"href":"https:\/\/agora.xtec.cat\/ceiptorrentdenmelis\/wp-json\/wp\/v2\/types\/post"}],"author":[{"embeddable":true,"href":"https:\/\/agora.xtec.cat\/ceiptorrentdenmelis\/wp-json\/wp\/v2\/users\/1"}],"replies":[{"embeddable":true,"href":"https:\/\/agora.xtec.cat\/ceiptorrentdenmelis\/wp-json\/wp\/v2\/comments?post=916"}],"version-history":[{"count":2,"href":"https:\/\/agora.xtec.cat\/ceiptorrentdenmelis\/wp-json\/wp\/v2\/posts\/916\/revisions"}],"predecessor-version":[{"id":919,"href":"https:\/\/agora.xtec.cat\/ceiptorrentdenmelis\/wp-json\/wp\/v2\/posts\/916\/revisions\/919"}],"wp:featuredmedia":[{"embeddable":true,"href":"https:\/\/agora.xtec.cat\/ceiptorrentdenmelis\/wp-json\/wp\/v2\/media\/917"}],"wp:attachment":[{"href":"https:\/\/agora.xtec.cat\/ceiptorrentdenmelis\/wp-json\/wp\/v2\/media?parent=916"}],"wp:term":[{"taxonomy":"category","embeddable":true,"href":"https:\/\/agora.xtec.cat\/ceiptorrentdenmelis\/wp-json\/wp\/v2\/categories?post=916"},{"taxonomy":"post_tag","embeddable":true,"href":"https:\/\/agora.xtec.cat\/ceiptorrentdenmelis\/wp-json\/wp\/v2\/tags?post=916"}],"curies":[{"name":"wp","href":"https:\/\/api.w.org\/{rel}","templated":true}]}}