{"id":1835,"date":"2026-01-16T11:10:07","date_gmt":"2026-01-16T10:10:07","guid":{"rendered":"https:\/\/agora.xtec.cat\/ceiptorrentdenmelis\/?p=1835"},"modified":"2026-01-20T08:41:44","modified_gmt":"2026-01-20T07:41:44","slug":"%f0%9f%8f%ab-jornades-de-portes-obertes","status":"publish","type":"post","link":"https:\/\/agora.xtec.cat\/ceiptorrentdenmelis\/general\/%f0%9f%8f%ab-jornades-de-portes-obertes\/","title":{"rendered":"\ud83c\udfeb Jornades de Portes Obertes"},"content":{"rendered":"\n<p>L\u2019escola obre les portes a totes les fam\u00edlies interessades a con\u00e8ixer el nostre projecte educatiu.<\/p>\n\n\n\n<p>\ud83d\udcc5 <strong>Dijous 19 de febrer<\/strong><br \/>\ud83d\udd54 <strong>A les 17.00 h<\/strong><\/p>\n\n\n\n<p>\ud83d\udcc5 <strong>Dijous 26 de febrer<\/strong><br \/>\ud83d\udd52 <strong>A les 15.15 h<\/strong><\/p>\n\n\n\n<p><strong>Per assistir-hi, \u00e9s necessari omplir l\u2019enquesta d\u2019inscripci\u00f3 pr\u00e8viament.<\/strong> <strong><a href=\"https:\/\/docs.google.com\/forms\/d\/e\/1FAIpQLSf-HqRhEtATkqdnaHPCpo8xpZ-4EofcIbIttnQqwx1UFyZlIg\/viewform\">AQU\u00cd<\/a><\/strong><\/p>\n\n\n\n<figure class=\"wp-block-image size-large is-resized\"><a href=\"https:\/\/docs.google.com\/forms\/d\/e\/1FAIpQLSf-HqRhEtATkqdnaHPCpo8xpZ-4EofcIbIttnQqwx1UFyZlIg\/viewform\"><img loading=\"lazy\" decoding=\"async\" width=\"724\" height=\"1024\" src=\"https:\/\/agora.xtec.cat\/ceiptorrentdenmelis\/wp-content\/uploads\/usu2278\/2026\/01\/POTorrent-724x1024.jpeg\" alt=\"\" class=\"wp-image-1837\" style=\"width:373px;height:auto\" srcset=\"https:\/\/agora.xtec.cat\/ceiptorrentdenmelis\/wp-content\/uploads\/usu2278\/2026\/01\/POTorrent-724x1024.jpeg 724w, https:\/\/agora.xtec.cat\/ceiptorrentdenmelis\/wp-content\/uploads\/usu2278\/2026\/01\/POTorrent-212x300.jpeg 212w, https:\/\/agora.xtec.cat\/ceiptorrentdenmelis\/wp-content\/uploads\/usu2278\/2026\/01\/POTorrent-768x1086.jpeg 768w, https:\/\/agora.xtec.cat\/ceiptorrentdenmelis\/wp-content\/uploads\/usu2278\/2026\/01\/POTorrent-1086x1536.jpeg 1086w, https:\/\/agora.xtec.cat\/ceiptorrentdenmelis\/wp-content\/uploads\/usu2278\/2026\/01\/POTorrent.jpeg 1131w\" sizes=\"auto, (max-width: 724px) 100vw, 724px\" \/><\/a><\/figure>\n","protected":false},"excerpt":{"rendered":"<p>L\u2019escola obre les portes a totes les fam\u00edlies interessades a con\u00e8ixer el nostre projecte educatiu. \ud83d\udcc5 Dijous 19 de febrer\ud83d\udd54 A les 17.00 h \ud83d\udcc5 Dijous 26 de febrer\ud83d\udd52 A les 15.15 h Per assistir-hi, \u00e9s necessari omplir l\u2019enquesta d\u2019inscripci\u00f3 pr\u00e8viament. AQU\u00cd<\/p>\n","protected":false},"author":1,"featured_media":1837,"comment_status":"open","ping_status":"open","sticky":false,"template":"","format":"standard","meta":{"_bbp_topic_count":0,"_bbp_reply_count":0,"_bbp_total_topic_count":0,"_bbp_total_reply_count":0,"_bbp_voice_count":0,"_bbp_anonymous_reply_count":0,"_bbp_topic_count_hidden":0,"_bbp_reply_count_hidden":0,"_bbp_forum_subforum_count":0,"site-sidebar-layout":"default","site-content-layout":"","ast-site-content-layout":"default","site-content-style":"default","site-sidebar-style":"default","ast-global-header-display":"","ast-banner-title-visibility":"","ast-main-header-display":"","ast-hfb-above-header-display":"","ast-hfb-below-header-display":"","ast-hfb-mobile-header-display":"","site-post-title":"","ast-breadcrumbs-content":"","ast-featured-img":"","footer-sml-layout":"","theme-transparent-header-meta":"","adv-header-id-meta":"","stick-header-meta":"","header-above-stick-meta":"","header-main-stick-meta":"","header-below-stick-meta":"","astra-migrate-meta-layouts":"set","ast-page-background-enabled":"default","ast-page-background-meta":{"desktop":{"background-color":"var(--ast-global-color-4)","background-image":"","background-repeat":"repeat","background-position":"center center","background-size":"auto","background-attachment":"scroll","background-type":"","background-media":"","overlay-type":"","overlay-color":"","overlay-opacity":"","overlay-gradient":""},"tablet":{"background-color":"","background-image":"","background-repeat":"repeat","background-position":"center center","background-size":"auto","background-attachment":"scroll","background-type":"","background-media":"","overlay-type":"","overlay-color":"","overlay-opacity":"","overlay-gradient":""},"mobile":{"background-color":"","background-image":"","background-repeat":"repeat","background-position":"center center","background-size":"auto","background-attachment":"scroll","background-type":"","background-media":"","overlay-type":"","overlay-color":"","overlay-opacity":"","overlay-gradient":""}},"ast-content-background-meta":{"desktop":{"background-color":"var(--ast-global-color-5)","background-image":"","background-repeat":"repeat","background-position":"center center","background-size":"auto","background-attachment":"scroll","background-type":"","background-media":"","overlay-type":"","overlay-color":"","overlay-opacity":"","overlay-gradient":""},"tablet":{"background-color":"var(--ast-global-color-5)","background-image":"","background-repeat":"repeat","background-position":"center center","background-size":"auto","background-attachment":"scroll","background-type":"","background-media":"","overlay-type":"","overlay-color":"","overlay-opacity":"","overlay-gradient":""},"mobile":{"background-color":"var(--ast-global-color-5)","background-image":"","background-repeat":"repeat","background-position":"center center","background-size":"auto","background-attachment":"scroll","background-type":"","background-media":"","overlay-type":"","overlay-color":"","overlay-opacity":"","overlay-gradient":""}},"footnotes":""},"categories":[1,4],"tags":[],"class_list":["post-1835","post","type-post","status-publish","format-standard","has-post-thumbnail","hentry","category-general","category-portada"],"post_mailing_queue_ids":[],"_links":{"self":[{"href":"https:\/\/agora.xtec.cat\/ceiptorrentdenmelis\/wp-json\/wp\/v2\/posts\/1835","targetHints":{"allow":["GET"]}}],"collection":[{"href":"https:\/\/agora.xtec.cat\/ceiptorrentdenmelis\/wp-json\/wp\/v2\/posts"}],"about":[{"href":"https:\/\/agora.xtec.cat\/ceiptorrentdenmelis\/wp-json\/wp\/v2\/types\/post"}],"author":[{"embeddable":true,"href":"https:\/\/agora.xtec.cat\/ceiptorrentdenmelis\/wp-json\/wp\/v2\/users\/1"}],"replies":[{"embeddable":true,"href":"https:\/\/agora.xtec.cat\/ceiptorrentdenmelis\/wp-json\/wp\/v2\/comments?post=1835"}],"version-history":[{"count":2,"href":"https:\/\/agora.xtec.cat\/ceiptorrentdenmelis\/wp-json\/wp\/v2\/posts\/1835\/revisions"}],"predecessor-version":[{"id":1838,"href":"https:\/\/agora.xtec.cat\/ceiptorrentdenmelis\/wp-json\/wp\/v2\/posts\/1835\/revisions\/1838"}],"wp:featuredmedia":[{"embeddable":true,"href":"https:\/\/agora.xtec.cat\/ceiptorrentdenmelis\/wp-json\/wp\/v2\/media\/1837"}],"wp:attachment":[{"href":"https:\/\/agora.xtec.cat\/ceiptorrentdenmelis\/wp-json\/wp\/v2\/media?parent=1835"}],"wp:term":[{"taxonomy":"category","embeddable":true,"href":"https:\/\/agora.xtec.cat\/ceiptorrentdenmelis\/wp-json\/wp\/v2\/categories?post=1835"},{"taxonomy":"post_tag","embeddable":true,"href":"https:\/\/agora.xtec.cat\/ceiptorrentdenmelis\/wp-json\/wp\/v2\/tags?post=1835"}],"curies":[{"name":"wp","href":"https:\/\/api.w.org\/{rel}","templated":true}]}}