{"id":1629,"date":"2025-01-28T13:00:10","date_gmt":"2025-01-28T12:00:10","guid":{"rendered":"https:\/\/agora.xtec.cat\/ceiptorrentdenmelis\/?p=1629"},"modified":"2025-06-16T15:43:27","modified_gmt":"2025-06-16T13:43:27","slug":"preinscripcio-2025-2026","status":"publish","type":"post","link":"https:\/\/agora.xtec.cat\/ceiptorrentdenmelis\/general\/preinscripcio-2025-2026\/","title":{"rendered":"Informaci\u00f3 sobre la preinscripci\u00f3 escolar 2025-2026"},"content":{"rendered":"\n<figure class=\"wp-block-image size-full\"><a href=\"https:\/\/agora.xtec.cat\/ceiptorrentdenmelis\/wp-content\/uploads\/usu2278\/2025\/02\/GENE_CONSTRUIM-FUTURS_BANNER_744x250_Preinscripcio.jpg\"><img loading=\"lazy\" decoding=\"async\" width=\"744\" height=\"251\" src=\"https:\/\/agora.xtec.cat\/ceiptorrentdenmelis\/wp-content\/uploads\/usu2278\/2025\/02\/GENE_CONSTRUIM-FUTURS_BANNER_744x250_Preinscripcio.jpg\" alt=\"\" class=\"wp-image-1641\" srcset=\"https:\/\/agora.xtec.cat\/ceiptorrentdenmelis\/wp-content\/uploads\/usu2278\/2025\/02\/GENE_CONSTRUIM-FUTURS_BANNER_744x250_Preinscripcio.jpg 744w, https:\/\/agora.xtec.cat\/ceiptorrentdenmelis\/wp-content\/uploads\/usu2278\/2025\/02\/GENE_CONSTRUIM-FUTURS_BANNER_744x250_Preinscripcio-300x101.jpg 300w\" sizes=\"auto, (max-width: 744px) 100vw, 744px\" \/><\/a><\/figure>\n\n\n\n<p>Ja podeu consultar tota la informaci\u00f3 relativa a la preinscripci\u00f3 per al proper curs escolar. Al web del Consorci d\u2019Educaci\u00f3 de Barcelona trobareu les dates, els criteris i tot el proc\u00e9s detallat per formalitzar la sol\u00b7licitud d\u2019admissi\u00f3.<\/p>\n\n\n\n<p>\ud83d\udccc <strong>Enlla\u00e7 directe a la informaci\u00f3 general de preinscripci\u00f3:<\/strong><br>\ud83d\udc49 <a>Preinscripci\u00f3 escolar \u2013 Consorci d\u2019Educaci\u00f3 de Barcelona<\/a><\/p>\n\n\n\n<h3 class=\"wp-block-heading\">Publicaci\u00f3 d&#8217;Informaci\u00f3 Rellevant<\/h3>\n\n\n\n<ul class=\"wp-block-list\">\n<li> <strong>24\/04\/2025<\/strong> \u2013 Publicaci\u00f3 del  <strong><a href=\"https:\/\/drive.google.com\/file\/d\/1mTzBhBp53w3l0gdGJIOeAJH9eq0YWLrp\/view?usp=sharing\">barem provisional<\/a><\/strong>.<br>Ja es pot consultar la puntuaci\u00f3 assignada a cada sol\u00b7licitud segons els criteris establerts.<\/li>\n\n\n\n<li><strong>05\/05\/2025<\/strong> \u2013 Publicaci\u00f3 del <strong><strong><a href=\"https:\/\/drive.google.com\/file\/d\/1eGoEX0T9yeYlKwpdoIqVIfAn7s7Hydy4\/view?usp=sharing\"> barem definitiu<\/a><\/strong><\/strong> i del <strong>n\u00famero de desempat<\/strong>.<br>Tamb\u00e9 es pot consultar la <strong>llista definitiva de sol\u00b7licituds amb puntuaci\u00f3<\/strong>.<\/li>\n<\/ul>\n\n\n\n<h3 class=\"wp-block-heading\">\ud83c\udd95 NOVETAT 16\/06\/2025<\/h3>\n\n\n\n<p>Ja estan disponibles els seg\u00fcents llistats relacionats amb la preinscripci\u00f3:<\/p>\n\n\n\n<ul class=\"wp-block-list\">\n<li>\ud83d\udcc4 <strong><a href=\"https:\/\/drive.google.com\/file\/d\/19zD09OwJKS_fe9zljE6pys-O3aEP4xHw\/view?usp=sharing\">Llista d\u2019alumnes assignats al centre<\/a><\/strong>.                                                                                                      Consulteu quins alumnes han obtingut pla\u00e7a al nostre centre.<\/li>\n\n\n\n<li>\ud83d\udcc4 <strong><a href=\"https:\/\/drive.google.com\/file\/d\/1eGoEX0T9yeYlKwpdoIqVIfAn7s7Hydy4\/view?usp=sharing\">Llista de sol\u00b7licituds que han demanat el centre <\/a><\/strong><\/li>\n\n\n\n<li>\ud83d\udcc4 <strong><a href=\"https:\/\/drive.google.com\/file\/d\/15T_I_EY6DHG2ivwKuPtH15BPpcGXi-YB\/view?usp=sharing\">Llista d\u2019espera<\/a><\/strong><br><\/li>\n<\/ul>\n\n\n\n<p>\ud83d\udcde <strong>Per a m\u00e9s informaci\u00f3 o consultes, no dubteu a contactar amb nosaltres.<\/strong><\/p>\n\n\n\n<p><\/p>\n\n\n\n<p><\/p>\n","protected":false},"excerpt":{"rendered":"<p>Ja podeu consultar tota la informaci\u00f3 relativa a la preinscripci\u00f3 per al proper curs escolar. Al web del Consorci d\u2019Educaci\u00f3 de Barcelona trobareu les dates, els criteris i tot el proc\u00e9s detallat per formalitzar la sol\u00b7licitud d\u2019admissi\u00f3. \ud83d\udccc Enlla\u00e7 directe a la informaci\u00f3 general de preinscripci\u00f3:\ud83d\udc49 Preinscripci\u00f3 escolar \u2013 Consorci d\u2019Educaci\u00f3 de Barcelona Publicaci\u00f3 d&#8217;Informaci\u00f3 [&hellip;]<\/p>\n","protected":false},"author":1,"featured_media":0,"comment_status":"open","ping_status":"closed","sticky":true,"template":"","format":"standard","meta":{"_bbp_topic_count":0,"_bbp_reply_count":0,"_bbp_total_topic_count":0,"_bbp_total_reply_count":0,"_bbp_voice_count":0,"_bbp_anonymous_reply_count":0,"_bbp_topic_count_hidden":0,"_bbp_reply_count_hidden":0,"_bbp_forum_subforum_count":0,"site-sidebar-layout":"default","site-content-layout":"","ast-site-content-layout":"default","site-content-style":"default","site-sidebar-style":"default","ast-global-header-display":"","ast-banner-title-visibility":"","ast-main-header-display":"","ast-hfb-above-header-display":"","ast-hfb-below-header-display":"","ast-hfb-mobile-header-display":"","site-post-title":"","ast-breadcrumbs-content":"","ast-featured-img":"","footer-sml-layout":"","theme-transparent-header-meta":"","adv-header-id-meta":"","stick-header-meta":"","header-above-stick-meta":"","header-main-stick-meta":"","header-below-stick-meta":"","astra-migrate-meta-layouts":"set","ast-page-background-enabled":"default","ast-page-background-meta":{"desktop":{"background-color":"var(--ast-global-color-4)","background-image":"","background-repeat":"repeat","background-position":"center center","background-size":"auto","background-attachment":"scroll","background-type":"","background-media":"","overlay-type":"","overlay-color":"","overlay-opacity":"","overlay-gradient":""},"tablet":{"background-color":"","background-image":"","background-repeat":"repeat","background-position":"center center","background-size":"auto","background-attachment":"scroll","background-type":"","background-media":"","overlay-type":"","overlay-color":"","overlay-opacity":"","overlay-gradient":""},"mobile":{"background-color":"","background-image":"","background-repeat":"repeat","background-position":"center center","background-size":"auto","background-attachment":"scroll","background-type":"","background-media":"","overlay-type":"","overlay-color":"","overlay-opacity":"","overlay-gradient":""}},"ast-content-background-meta":{"desktop":{"background-color":"var(--ast-global-color-5)","background-image":"","background-repeat":"repeat","background-position":"center center","background-size":"auto","background-attachment":"scroll","background-type":"","background-media":"","overlay-type":"","overlay-color":"","overlay-opacity":"","overlay-gradient":""},"tablet":{"background-color":"var(--ast-global-color-5)","background-image":"","background-repeat":"repeat","background-position":"center center","background-size":"auto","background-attachment":"scroll","background-type":"","background-media":"","overlay-type":"","overlay-color":"","overlay-opacity":"","overlay-gradient":""},"mobile":{"background-color":"var(--ast-global-color-5)","background-image":"","background-repeat":"repeat","background-position":"center center","background-size":"auto","background-attachment":"scroll","background-type":"","background-media":"","overlay-type":"","overlay-color":"","overlay-opacity":"","overlay-gradient":""}},"footnotes":""},"categories":[1,4],"tags":[],"class_list":["post-1629","post","type-post","status-publish","format-standard","hentry","category-general","category-portada"],"post_mailing_queue_ids":[],"_links":{"self":[{"href":"https:\/\/agora.xtec.cat\/ceiptorrentdenmelis\/wp-json\/wp\/v2\/posts\/1629","targetHints":{"allow":["GET"]}}],"collection":[{"href":"https:\/\/agora.xtec.cat\/ceiptorrentdenmelis\/wp-json\/wp\/v2\/posts"}],"about":[{"href":"https:\/\/agora.xtec.cat\/ceiptorrentdenmelis\/wp-json\/wp\/v2\/types\/post"}],"author":[{"embeddable":true,"href":"https:\/\/agora.xtec.cat\/ceiptorrentdenmelis\/wp-json\/wp\/v2\/users\/1"}],"replies":[{"embeddable":true,"href":"https:\/\/agora.xtec.cat\/ceiptorrentdenmelis\/wp-json\/wp\/v2\/comments?post=1629"}],"version-history":[{"count":5,"href":"https:\/\/agora.xtec.cat\/ceiptorrentdenmelis\/wp-json\/wp\/v2\/posts\/1629\/revisions"}],"predecessor-version":[{"id":1693,"href":"https:\/\/agora.xtec.cat\/ceiptorrentdenmelis\/wp-json\/wp\/v2\/posts\/1629\/revisions\/1693"}],"wp:attachment":[{"href":"https:\/\/agora.xtec.cat\/ceiptorrentdenmelis\/wp-json\/wp\/v2\/media?parent=1629"}],"wp:term":[{"taxonomy":"category","embeddable":true,"href":"https:\/\/agora.xtec.cat\/ceiptorrentdenmelis\/wp-json\/wp\/v2\/categories?post=1629"},{"taxonomy":"post_tag","embeddable":true,"href":"https:\/\/agora.xtec.cat\/ceiptorrentdenmelis\/wp-json\/wp\/v2\/tags?post=1629"}],"curies":[{"name":"wp","href":"https:\/\/api.w.org\/{rel}","templated":true}]}}