{"id":1279,"date":"2024-05-05T12:00:17","date_gmt":"2024-05-05T10:00:17","guid":{"rendered":"https:\/\/agora.xtec.cat\/ceiptorrentdenmelis\/?p=1279"},"modified":"2024-06-10T13:06:57","modified_gmt":"2024-06-10T11:06:57","slug":"preinscripcio-i-matricula-23-24","status":"publish","type":"post","link":"https:\/\/agora.xtec.cat\/ceiptorrentdenmelis\/general\/preinscripcio-i-matricula-23-24\/","title":{"rendered":"Preinscripci\u00f3 i matr\u00edcula 24-25"},"content":{"rendered":"\n<p>En aquesta p\u00e0gina anireu trobant tota la informaci\u00f3 per fer la<a href=\"https:\/\/preinscripcio.gencat.cat\/ca\/estudis\/infantil-3-6\/inici\/\"><strong> PREINSCRIPCI\u00d3 i <\/strong><\/a>la Matr\u00edcula per al curs 2024-2025.<\/p>\n\n\n\n<div class=\"wp-block-columns is-layout-flex wp-container-core-columns-is-layout-1 wp-block-columns-is-layout-flex\">\n<div class=\"wp-block-column is-vertically-aligned-center has-white-background-color has-background is-layout-flow wp-block-column-is-layout-flow\">\n<div class=\"wp-block-group has-cyan-bluish-gray-background-color has-background is-layout-constrained wp-block-group-is-layout-constrained\">\n<p class=\"has-text-align-center has-white-background-color has-background\"><a href=\"https:\/\/drive.google.com\/file\/d\/1xexwJ0TCb5bpfU7LUlH_y4KhhBWxoyXN\/view?usp=sharing\" data-type=\"link\" data-id=\"https:\/\/drive.google.com\/file\/d\/1xexwJ0TCb5bpfU7LUlH_y4KhhBWxoyXN\/view?usp=sharing\"><strong>Alumnes assignats al centre <\/strong><\/a><strong>(10\/06\/2024)<\/strong><\/p>\n\n\n\n<p class=\"has-text-align-center has-white-background-color has-background\"><a href=\"https:\/\/drive.google.com\/file\/d\/1x54gsXu9Qr7r_hULzqcnkuzePWUa966w\/view?usp=sharing\">Publicaci\u00f3 de l&#8217;oferta definitiva de places<\/a> (07\/06\/2024)<\/p>\n\n\n\n<p class=\"has-text-align-center has-white-background-color has-background\"><a href=\"https:\/\/drive.google.com\/file\/d\/1kns_rcTFws15QqsIGKU9zxgG83sZ9Wpk\/view?usp=sharing\">Llistat del Barem definitiu\u00a0<\/a> (02\/05\/2024)<br><a href=\"https:\/\/drive.google.com\/file\/d\/1JQ0uKxkS728I0uSTOvnl1A_ZtYaKTi0i\/view?usp=sharing\">Llistat del Barem provisional<\/a><\/p>\n<\/div>\n<\/div>\n<\/div>\n\n\n\n<p><\/p>\n\n\n\n<figure class=\"wp-block-table aligncenter\"><table><tbody><tr><td><img loading=\"lazy\" decoding=\"async\" class=\"aligncenter wp-image-1271\" src=\"https:\/\/agora.xtec.cat\/ceiptorrentdenmelis\/wp-content\/uploads\/usu2278\/2023\/02\/baixa.png\" alt=\"\" width=\"38\" height=\"41\"><\/td><td><a href=\"https:\/\/preinscripcio.gencat.cat\/ca\/estudis\/infantil-3-6\/inici\/\"><strong>PREINSCRIPCI\u00d3 24-25<\/strong><\/a><\/td><\/tr><tr><td><img loading=\"lazy\" decoding=\"async\" width=\"45\" height=\"45\" class=\"aligncenter size-full wp-image-1270\" src=\"https:\/\/agora.xtec.cat\/ceiptorrentdenmelis\/wp-content\/uploads\/usu2278\/2023\/02\/calendari-on.png_2044584825.png\" alt=\"\"><\/td><td><a href=\"https:\/\/preinscripcio.gencat.cat\/ca\/estudis\/infantil-3-6\/informat\/calendari\/\">Calendari i terminis&nbsp;<\/a><\/td><\/tr><\/tbody><\/table><\/figure>\n\n\n\n<p>Informacions d&#8217;inter\u00e8s de l&#8217;escola Torrent d&#8217;en Melis<\/p>\n\n\n\n<figure class=\"wp-block-table\">\n<table style=\"width: 100%; height: 271px;\">\n<tbody>\n<tr style=\"height: 23px;\">\n<td style=\"height: 23px; width: 100%;\"><a href=\"https:\/\/agora.xtec.cat\/ceiptorrentdenmelis\/projecte-educatiu\/projecte-educatiu-de-centre\/\">Projecte educatiu de centre\u00a0<\/a><\/td>\n<\/tr>\n<tr style=\"height: 156px;\">\n<td style=\"height: 156px; width: 100%;\">L&#8217;escola est\u00e0 adscrita als instituts:\n<ul>\n<li><a href=\"https:\/\/agora.xtec.cat\/iesgoya\/\">Institut Francisco Goya<\/a><\/li>\n<li><a href=\"https:\/\/institutbroggi.org\/\">Institut Mois\u00e8s Broggi\u00a0<\/a><\/li>\n<li><a href=\"http:\/\/www.institutjoanbrossa.cat\/\">Institut Joan Brossa<\/a><\/li>\n<\/ul>\n<\/td>\n<\/tr>\n<tr style=\"height: 23px;\">\n<td style=\"height: 23px; width: 100%;\"><a href=\"https:\/\/agora.xtec.cat\/ceiptorrentdenmelis\/wp-content\/uploads\/usu2278\/2021\/07\/Carta-comprom%C3%ADs-Torrent-20.21.pdf\">Carta de comprom\u00eds educatiu\u00a0<\/a><\/td>\n<\/tr>\n<tr style=\"height: 23px;\">\n<td style=\"height: 23px; width: 100%;\">\u00a0<\/td>\n<\/tr>\n<tr style=\"height: 23px;\">\n<td style=\"height: 23px; width: 100%;\"><a href=\"https:\/\/agora.xtec.cat\/ceiptorrentdenmelis\/lescola\/material-escolar\/\">Aportacions econ\u00f2miques al centre\u00a0<\/a><\/td>\n<\/tr>\n<tr style=\"height: 23px;\">\n<td style=\"height: 23px; width: 100%;\"><a href=\"https:\/\/sites.google.com\/escolatorrentdenmelis.cat\/afa-escolat-torrent-den-melis\/inici?pli=1\">AFA (Associaci\u00f3 de fam\u00edlies de l&#8217;escola)<\/a><\/td>\n<\/tr>\n<\/tbody>\n<\/table>\n<\/figure>\n","protected":false},"excerpt":{"rendered":"<p>En aquesta p\u00e0gina anireu trobant tota la informaci\u00f3 per fer la PREINSCRIPCI\u00d3 i la Matr\u00edcula per al curs 2024-2025. Alumnes assignats al centre (10\/06\/2024) Publicaci\u00f3 de l&#8217;oferta definitiva de places (07\/06\/2024) Llistat del Barem definitiu\u00a0 (02\/05\/2024)Llistat del Barem provisional PREINSCRIPCI\u00d3 24-25 Calendari i terminis&nbsp; Informacions d&#8217;inter\u00e8s de l&#8217;escola Torrent d&#8217;en Melis Projecte educatiu de centre\u00a0 [&hellip;]<\/p>\n","protected":false},"author":1,"featured_media":0,"comment_status":"open","ping_status":"closed","sticky":false,"template":"","format":"standard","meta":{"_bbp_topic_count":0,"_bbp_reply_count":0,"_bbp_total_topic_count":0,"_bbp_total_reply_count":0,"_bbp_voice_count":0,"_bbp_anonymous_reply_count":0,"_bbp_topic_count_hidden":0,"_bbp_reply_count_hidden":0,"_bbp_forum_subforum_count":0,"site-sidebar-layout":"default","site-content-layout":"","ast-site-content-layout":"","site-content-style":"default","site-sidebar-style":"default","ast-global-header-display":"","ast-banner-title-visibility":"","ast-main-header-display":"","ast-hfb-above-header-display":"","ast-hfb-below-header-display":"","ast-hfb-mobile-header-display":"","site-post-title":"","ast-breadcrumbs-content":"","ast-featured-img":"","footer-sml-layout":"","theme-transparent-header-meta":"","adv-header-id-meta":"","stick-header-meta":"","header-above-stick-meta":"","header-main-stick-meta":"","header-below-stick-meta":"","astra-migrate-meta-layouts":"default","ast-page-background-enabled":"default","ast-page-background-meta":{"desktop":{"background-color":"var(--ast-global-color-4)","background-image":"","background-repeat":"repeat","background-position":"center center","background-size":"auto","background-attachment":"scroll","background-type":"","background-media":"","overlay-type":"","overlay-color":"","overlay-opacity":"","overlay-gradient":""},"tablet":{"background-color":"","background-image":"","background-repeat":"repeat","background-position":"center center","background-size":"auto","background-attachment":"scroll","background-type":"","background-media":"","overlay-type":"","overlay-color":"","overlay-opacity":"","overlay-gradient":""},"mobile":{"background-color":"","background-image":"","background-repeat":"repeat","background-position":"center center","background-size":"auto","background-attachment":"scroll","background-type":"","background-media":"","overlay-type":"","overlay-color":"","overlay-opacity":"","overlay-gradient":""}},"ast-content-background-meta":{"desktop":{"background-color":"var(--ast-global-color-5)","background-image":"","background-repeat":"repeat","background-position":"center center","background-size":"auto","background-attachment":"scroll","background-type":"","background-media":"","overlay-type":"","overlay-color":"","overlay-opacity":"","overlay-gradient":""},"tablet":{"background-color":"var(--ast-global-color-5)","background-image":"","background-repeat":"repeat","background-position":"center center","background-size":"auto","background-attachment":"scroll","background-type":"","background-media":"","overlay-type":"","overlay-color":"","overlay-opacity":"","overlay-gradient":""},"mobile":{"background-color":"var(--ast-global-color-5)","background-image":"","background-repeat":"repeat","background-position":"center center","background-size":"auto","background-attachment":"scroll","background-type":"","background-media":"","overlay-type":"","overlay-color":"","overlay-opacity":"","overlay-gradient":""}},"footnotes":""},"categories":[1,4],"tags":[],"class_list":["post-1279","post","type-post","status-publish","format-standard","hentry","category-general","category-portada"],"post_mailing_queue_ids":[],"_links":{"self":[{"href":"https:\/\/agora.xtec.cat\/ceiptorrentdenmelis\/wp-json\/wp\/v2\/posts\/1279","targetHints":{"allow":["GET"]}}],"collection":[{"href":"https:\/\/agora.xtec.cat\/ceiptorrentdenmelis\/wp-json\/wp\/v2\/posts"}],"about":[{"href":"https:\/\/agora.xtec.cat\/ceiptorrentdenmelis\/wp-json\/wp\/v2\/types\/post"}],"author":[{"embeddable":true,"href":"https:\/\/agora.xtec.cat\/ceiptorrentdenmelis\/wp-json\/wp\/v2\/users\/1"}],"replies":[{"embeddable":true,"href":"https:\/\/agora.xtec.cat\/ceiptorrentdenmelis\/wp-json\/wp\/v2\/comments?post=1279"}],"version-history":[{"count":6,"href":"https:\/\/agora.xtec.cat\/ceiptorrentdenmelis\/wp-json\/wp\/v2\/posts\/1279\/revisions"}],"predecessor-version":[{"id":1533,"href":"https:\/\/agora.xtec.cat\/ceiptorrentdenmelis\/wp-json\/wp\/v2\/posts\/1279\/revisions\/1533"}],"wp:attachment":[{"href":"https:\/\/agora.xtec.cat\/ceiptorrentdenmelis\/wp-json\/wp\/v2\/media?parent=1279"}],"wp:term":[{"taxonomy":"category","embeddable":true,"href":"https:\/\/agora.xtec.cat\/ceiptorrentdenmelis\/wp-json\/wp\/v2\/categories?post=1279"},{"taxonomy":"post_tag","embeddable":true,"href":"https:\/\/agora.xtec.cat\/ceiptorrentdenmelis\/wp-json\/wp\/v2\/tags?post=1279"}],"curies":[{"name":"wp","href":"https:\/\/api.w.org\/{rel}","templated":true}]}}