{"id":843,"date":"2017-11-14T22:56:54","date_gmt":"2017-11-14T21:56:54","guid":{"rendered":"http:\/\/agora.xtec.cat\/ceipteresaclaramunt\/?p=843"},"modified":"2023-04-25T12:53:50","modified_gmt":"2023-04-25T10:53:50","slug":"celebrem-santa-cecilia","status":"publish","type":"post","link":"https:\/\/agora.xtec.cat\/ceipteresaclaramunt\/general\/celebrem-santa-cecilia\/","title":{"rendered":"CELEBREM SANTA CEC\u00cdLIA!"},"content":{"rendered":"<p>Avui ens hem tornat a trobar tots junts al Gimn\u00e0s de l&#8217;escola per celebrar tots plegats el dia de la M\u00fasica i el de la seva patrona, Santa Cec\u00edlia.<\/p>\n<p>La M\u00fasica \u00e9s el veritable llenguatge universal. \u00c9s un llenguatge que tothom ent\u00e9n i que ens ajuda a compartir molts sentiments i moltes emocions.<\/p>\n<p>La M\u00fasica \u00e9s la vida emocional de la gent, \u00e9s la veritable bellesa que ens connecta entre nosaltres, les persones. Tranporta missatges i els missatgers s\u00f3n els m\u00fasics que han fet possible la diada a la nostra escola, els M\u00fasics de Gr\u00e0cia i tots els infants de l&#8217;escola que d&#8217;una manera o altra han participat d&#8217;aquest moment.<\/p>\n<p>Visca la M\u00fasica!<\/p>\n<p><iframe loading=\"lazy\" title=\"VID 20171114 115143\" width=\"500\" height=\"281\" src=\"https:\/\/www.youtube.com\/embed\/dbcZhjK7wiQ?start=9&#038;feature=oembed\" frameborder=\"0\" allow=\"accelerometer; autoplay; clipboard-write; encrypted-media; gyroscope; picture-in-picture; web-share\" referrerpolicy=\"strict-origin-when-cross-origin\" allowfullscreen><\/iframe><\/p>\n<p><iframe loading=\"lazy\" title=\"VID 20171114 115723\" width=\"500\" height=\"281\" src=\"https:\/\/www.youtube.com\/embed\/_2HUZEs-E38?feature=oembed\" frameborder=\"0\" allow=\"accelerometer; autoplay; clipboard-write; encrypted-media; gyroscope; picture-in-picture; web-share\" referrerpolicy=\"strict-origin-when-cross-origin\" allowfullscreen><\/iframe><\/p>\n<p><iframe loading=\"lazy\" title=\"VID 20171114 120628\" width=\"500\" height=\"281\" src=\"https:\/\/www.youtube.com\/embed\/YTgebfEmb7g?feature=oembed\" frameborder=\"0\" allow=\"accelerometer; autoplay; clipboard-write; encrypted-media; gyroscope; picture-in-picture; web-share\" referrerpolicy=\"strict-origin-when-cross-origin\" allowfullscreen><\/iframe><\/p>\n","protected":false},"excerpt":{"rendered":"<p>Avui ens hem tornat a trobar tots junts al Gimn\u00e0s de l&#8217;escola per celebrar tots plegats el dia de la M\u00fasica i el de la seva patrona, Santa Cec\u00edlia.<br \/>\nLa M\u00fasica \u00e9s el veritable llenguatge universal. \u00c9s un llenguatge que tothom ent\u00e9n i que ens ajuda&hellip;  <a href=\"https:\/\/agora.xtec.cat\/ceipteresaclaramunt\/general\/celebrem-santa-cecilia\/\" title=\"Read CELEBREM SANTA CEC\u00cdLIA!\">Llegeix m\u00e9s\u00bb<\/a><\/p>\n","protected":false},"author":1,"featured_media":0,"comment_status":"open","ping_status":"closed","sticky":false,"template":"","format":"standard","meta":{"_bbp_topic_count":0,"_bbp_reply_count":0,"_bbp_total_topic_count":0,"_bbp_total_reply_count":0,"_bbp_voice_count":0,"_bbp_anonymous_reply_count":0,"_bbp_topic_count_hidden":0,"_bbp_reply_count_hidden":0,"_bbp_forum_subforum_count":0,"footnotes":""},"categories":[49,1],"tags":[],"class_list":["post-843","post","type-post","status-publish","format-standard","hentry","category-festes","category-general"],"post_mailing_queue_ids":[],"_links":{"self":[{"href":"https:\/\/agora.xtec.cat\/ceipteresaclaramunt\/wp-json\/wp\/v2\/posts\/843","targetHints":{"allow":["GET"]}}],"collection":[{"href":"https:\/\/agora.xtec.cat\/ceipteresaclaramunt\/wp-json\/wp\/v2\/posts"}],"about":[{"href":"https:\/\/agora.xtec.cat\/ceipteresaclaramunt\/wp-json\/wp\/v2\/types\/post"}],"author":[{"embeddable":true,"href":"https:\/\/agora.xtec.cat\/ceipteresaclaramunt\/wp-json\/wp\/v2\/users\/1"}],"replies":[{"embeddable":true,"href":"https:\/\/agora.xtec.cat\/ceipteresaclaramunt\/wp-json\/wp\/v2\/comments?post=843"}],"version-history":[{"count":3,"href":"https:\/\/agora.xtec.cat\/ceipteresaclaramunt\/wp-json\/wp\/v2\/posts\/843\/revisions"}],"predecessor-version":[{"id":848,"href":"https:\/\/agora.xtec.cat\/ceipteresaclaramunt\/wp-json\/wp\/v2\/posts\/843\/revisions\/848"}],"wp:attachment":[{"href":"https:\/\/agora.xtec.cat\/ceipteresaclaramunt\/wp-json\/wp\/v2\/media?parent=843"}],"wp:term":[{"taxonomy":"category","embeddable":true,"href":"https:\/\/agora.xtec.cat\/ceipteresaclaramunt\/wp-json\/wp\/v2\/categories?post=843"},{"taxonomy":"post_tag","embeddable":true,"href":"https:\/\/agora.xtec.cat\/ceipteresaclaramunt\/wp-json\/wp\/v2\/tags?post=843"}],"curies":[{"name":"wp","href":"https:\/\/api.w.org\/{rel}","templated":true}]}}