{"id":488,"date":"2016-02-11T13:27:42","date_gmt":"2016-02-11T12:27:42","guid":{"rendered":"http:\/\/agora.xtec.cat\/ceipteresaclaramunt\/?p=488"},"modified":"2023-04-25T12:50:11","modified_gmt":"2023-04-25T10:50:11","slug":"portes-obertes-2016","status":"publish","type":"post","link":"https:\/\/agora.xtec.cat\/ceipteresaclaramunt\/general\/portes-obertes-2016\/","title":{"rendered":"PORTES OBERTES 2016"},"content":{"rendered":"<p style=\"text-align: center;\"><strong>PORTES OBERTES<\/strong><\/p>\n<p>Benvolgudes fam\u00edlies,<\/p>\n<p>Voleu con\u00e8ixer la nostra escola?<\/p>\n<p>Us agradaria que us expliqu\u00e9ssim quins projectes tenim, quines din\u00e0miques organitzem o com ens divertim fent la nostra feina?<\/p>\n<p>Els dies 17 i 18 de febrer farem les JORNADES DE PORTES OBERTES !<\/p>\n<p>A les 17 h comen\u00e7arem amb una reuni\u00f3 informativa i despr\u00e9s farem un recorregut per tots els espais de la nostra escola.<\/p>\n<p>Si us plau, confirmeu-nos la vostra assist\u00e8ncia i aix\u00ed ens organitzarem millor.<\/p>\n<p>HI SOU TOTES CONVIDADES !<\/p>\n<p>\u00c9s molt recomanable que els infants NO vinguin a la reuni\u00f3.<\/p>\n<p>Moltes gr\u00e0cies !<\/p>\n<p>ESCOLA TERESA CLARAMUNT<\/p>\n<p><strong>RECORDEU:<\/strong><\/p>\n<p><strong>Dimecres 17 de febrer de 17 a 18:30 h<\/strong><\/p>\n<p><strong>Dijous 18 de febrer de 17 a 18:30 h.<\/strong><\/p>\n<p style=\"text-align: center;\"><strong>\u00a0<\/strong><\/p>\n","protected":false},"excerpt":{"rendered":"<p>PORTES OBERTES<br \/>\nBenvolgudes fam\u00edlies,<br \/>\nVoleu con\u00e8ixer la nostra escola?<br \/>\nUs agradaria que us expliqu\u00e9ssim quins projectes tenim, quines din\u00e0miques organitzem o com ens divertim fent la nostra feina?<br \/>\nEls dies 17 i 18 de febrer farem les JORNADES DE PORTES OBERTES !<br \/>\nA les 17 h comen\u00e7arem amb una reuni\u00f3&hellip;  <a href=\"https:\/\/agora.xtec.cat\/ceipteresaclaramunt\/general\/portes-obertes-2016\/\" title=\"Read PORTES OBERTES 2016\">Llegeix m\u00e9s\u00bb<\/a><\/p>\n","protected":false},"author":1,"featured_media":0,"comment_status":"open","ping_status":"closed","sticky":false,"template":"","format":"standard","meta":{"_bbp_topic_count":0,"_bbp_reply_count":0,"_bbp_total_topic_count":0,"_bbp_total_reply_count":0,"_bbp_voice_count":0,"_bbp_anonymous_reply_count":0,"_bbp_topic_count_hidden":0,"_bbp_reply_count_hidden":0,"_bbp_forum_subforum_count":0,"footnotes":""},"categories":[1,52],"tags":[],"class_list":["post-488","post","type-post","status-publish","format-standard","hentry","category-general","category-portes-obertes"],"post_mailing_queue_ids":[],"_links":{"self":[{"href":"https:\/\/agora.xtec.cat\/ceipteresaclaramunt\/wp-json\/wp\/v2\/posts\/488","targetHints":{"allow":["GET"]}}],"collection":[{"href":"https:\/\/agora.xtec.cat\/ceipteresaclaramunt\/wp-json\/wp\/v2\/posts"}],"about":[{"href":"https:\/\/agora.xtec.cat\/ceipteresaclaramunt\/wp-json\/wp\/v2\/types\/post"}],"author":[{"embeddable":true,"href":"https:\/\/agora.xtec.cat\/ceipteresaclaramunt\/wp-json\/wp\/v2\/users\/1"}],"replies":[{"embeddable":true,"href":"https:\/\/agora.xtec.cat\/ceipteresaclaramunt\/wp-json\/wp\/v2\/comments?post=488"}],"version-history":[{"count":2,"href":"https:\/\/agora.xtec.cat\/ceipteresaclaramunt\/wp-json\/wp\/v2\/posts\/488\/revisions"}],"predecessor-version":[{"id":514,"href":"https:\/\/agora.xtec.cat\/ceipteresaclaramunt\/wp-json\/wp\/v2\/posts\/488\/revisions\/514"}],"wp:attachment":[{"href":"https:\/\/agora.xtec.cat\/ceipteresaclaramunt\/wp-json\/wp\/v2\/media?parent=488"}],"wp:term":[{"taxonomy":"category","embeddable":true,"href":"https:\/\/agora.xtec.cat\/ceipteresaclaramunt\/wp-json\/wp\/v2\/categories?post=488"},{"taxonomy":"post_tag","embeddable":true,"href":"https:\/\/agora.xtec.cat\/ceipteresaclaramunt\/wp-json\/wp\/v2\/tags?post=488"}],"curies":[{"name":"wp","href":"https:\/\/api.w.org\/{rel}","templated":true}]}}