{"id":482,"date":"2016-02-11T13:14:54","date_gmt":"2016-02-11T12:14:54","guid":{"rendered":"http:\/\/agora.xtec.cat\/ceipteresaclaramunt\/?p=482"},"modified":"2023-04-25T12:40:17","modified_gmt":"2023-04-25T10:40:17","slug":"dijous-gras","status":"publish","type":"post","link":"https:\/\/agora.xtec.cat\/ceipteresaclaramunt\/general\/dijous-gras\/","title":{"rendered":"DIJOUS GRAS"},"content":{"rendered":"<p>El passat Dijous, vam celebrar Dijous Gras i ens ho vam passar molt b\u00e9!. Al mat\u00ed, els nens i nenes d&#8217;infantil i els de cinqu\u00e8 i sis\u00e8, vam gaudir ballant amb el Ramon Mon-Roma.<br \/>\nDespr\u00e9s els nens i nenes d&#8217;infantil vam esmorzar coca, estava molt bona!. I, per acabar a la tarda les nostres senyoretes ens vam maquillar la cara de: princeses, Spider-mans, conillets, gats, ratetes, tigres, pirates&#8230; va ser un dia molt divertit!.<\/p>\n<p>Els nens i nenes de Cicle Inicial, tamb\u00e9 vam anar al Palau de la M\u00fasica a veure l&#8217;espectacle Trencad\u00eds de Colors , ens va agradar molt va ser preci\u00f3s . Despr\u00e9s a la tarda, vam fer un berenar amb botifarres, a la Pla\u00e7a del Treball.<br \/>\nEls alumnes de Cicle Mitj\u00e0, vam esmorzar entrepans de botifarra i truita al Parc de Can Gamb\u00fas!, tamb\u00e9 ens ho vam passar molt b\u00e9!.<br \/>\nAra, ens queda la disbauxa i la gresca del divendres!<\/p>\n<p><a href=\"https:\/\/picasaweb.google.com\/116120148806280557914\/DIJOUSGRASCICLEMITJACANGAMBUS?authuser=0&amp;feat=directlink\" target=\"_blank\" rel=\"noopener\">\u00c0lbum fotos cicle mitj\u00e0. Can Gamb\u00fas.<\/a><\/p>\n<p><a href=\"https:\/\/picasaweb.google.com\/116120148806280557914\/DIJOUSGRASEIAMBELSPADRINSDEP4IP5?authuser=0&amp;feat=directlink\">\u00c0lbum fotos d&#8217;EI amb els padrins de p4 i p5.<\/a><\/p>\n<p><a href=\"https:\/\/youtu.be\/okuF4_hzcNU\">Mireu com ballem !!!!!!!<\/a><\/p>\n<p><a href=\"https:\/\/picasaweb.google.com\/116120148806280557914\/ESMORZARITARDADIJOUSGRASEI?authuser=0&amp;feat=directlink\">M\u00e9s fotos d&#8217;educaci\u00f3 infantil. Esmorzar i maquillatge a la tarda.<\/a><\/p>\n<p>&nbsp;<\/p>\n","protected":false},"excerpt":{"rendered":"<p>El passat Dijous, vam celebrar Dijous Gras i ens ho vam passar molt b\u00e9!. Al mat\u00ed, els nens i nenes d&#8217;infantil i els de cinqu\u00e8 i sis\u00e8, vam gaudir ballant amb el Ramon Mon-Roma.<br \/>\nDespr\u00e9s els nens i nenes d&#8217;infantil vam esmorzar coca, estava molt bona!.&hellip;  <a href=\"https:\/\/agora.xtec.cat\/ceipteresaclaramunt\/general\/dijous-gras\/\" title=\"Read DIJOUS GRAS\">Llegeix m\u00e9s\u00bb<\/a><\/p>\n","protected":false},"author":1,"featured_media":0,"comment_status":"open","ping_status":"closed","sticky":false,"template":"","format":"standard","meta":{"_bbp_topic_count":0,"_bbp_reply_count":0,"_bbp_total_topic_count":0,"_bbp_total_reply_count":0,"_bbp_voice_count":0,"_bbp_anonymous_reply_count":0,"_bbp_topic_count_hidden":0,"_bbp_reply_count_hidden":0,"_bbp_forum_subforum_count":0,"footnotes":""},"categories":[49,1],"tags":[],"class_list":["post-482","post","type-post","status-publish","format-standard","hentry","category-festes","category-general"],"post_mailing_queue_ids":[],"_links":{"self":[{"href":"https:\/\/agora.xtec.cat\/ceipteresaclaramunt\/wp-json\/wp\/v2\/posts\/482","targetHints":{"allow":["GET"]}}],"collection":[{"href":"https:\/\/agora.xtec.cat\/ceipteresaclaramunt\/wp-json\/wp\/v2\/posts"}],"about":[{"href":"https:\/\/agora.xtec.cat\/ceipteresaclaramunt\/wp-json\/wp\/v2\/types\/post"}],"author":[{"embeddable":true,"href":"https:\/\/agora.xtec.cat\/ceipteresaclaramunt\/wp-json\/wp\/v2\/users\/1"}],"replies":[{"embeddable":true,"href":"https:\/\/agora.xtec.cat\/ceipteresaclaramunt\/wp-json\/wp\/v2\/comments?post=482"}],"version-history":[{"count":3,"href":"https:\/\/agora.xtec.cat\/ceipteresaclaramunt\/wp-json\/wp\/v2\/posts\/482\/revisions"}],"predecessor-version":[{"id":2575,"href":"https:\/\/agora.xtec.cat\/ceipteresaclaramunt\/wp-json\/wp\/v2\/posts\/482\/revisions\/2575"}],"wp:attachment":[{"href":"https:\/\/agora.xtec.cat\/ceipteresaclaramunt\/wp-json\/wp\/v2\/media?parent=482"}],"wp:term":[{"taxonomy":"category","embeddable":true,"href":"https:\/\/agora.xtec.cat\/ceipteresaclaramunt\/wp-json\/wp\/v2\/categories?post=482"},{"taxonomy":"post_tag","embeddable":true,"href":"https:\/\/agora.xtec.cat\/ceipteresaclaramunt\/wp-json\/wp\/v2\/tags?post=482"}],"curies":[{"name":"wp","href":"https:\/\/api.w.org\/{rel}","templated":true}]}}