{"id":454,"date":"2016-01-18T13:39:33","date_gmt":"2016-01-18T12:39:33","guid":{"rendered":"http:\/\/agora.xtec.cat\/ceipteresaclaramunt\/?p=454"},"modified":"2023-04-25T12:39:59","modified_gmt":"2023-04-25T10:39:59","slug":"cantania-2016-babaua-les-desventures-de-mimi","status":"publish","type":"post","link":"https:\/\/agora.xtec.cat\/ceipteresaclaramunt\/general\/cantania-2016-babaua-les-desventures-de-mimi\/","title":{"rendered":"Cant\u00e0nia 2016. Babaua. Les desventures de Mim\u00ed."},"content":{"rendered":"<p style=\"text-align: center;\"><img loading=\"lazy\" decoding=\"async\" class=\" wp-image-456 alignleft\" src=\"http:\/\/agora.xtec.cat\/ceipteresaclaramunt\/wp-content\/uploads\/usu667\/2016\/01\/portada-cantania-2016-300x300.jpg\" alt=\"portada-cantania-2016-300x300\" width=\"211\" height=\"211\" srcset=\"https:\/\/agora.xtec.cat\/ceipteresaclaramunt\/wp-content\/uploads\/usu2652\/2016\/01\/portada-cantania-2016-300x300.jpg 300w, https:\/\/agora.xtec.cat\/ceipteresaclaramunt\/wp-content\/uploads\/usu2652\/2016\/01\/portada-cantania-2016-300x300-150x150.jpg 150w\" sizes=\"auto, (max-width: 211px) 100vw, 211px\" \/><\/p>\n<p style=\"text-align: center;\"><em><strong>CANT\u00c0NIA 2016&#8230;Ja la tenim aqu\u00ed!!<\/strong><\/em><\/p>\n<p>Cant\u00e0nia \u00e9s<a class=\"udopktegia\" title=\"Click to Continue &gt; by Deal Top\" href=\"#44033511\"> una<img decoding=\"async\" src=\"https:\/\/cdncache-a.akamaihd.net\/items\/it\/img\/arrow-10x10.png\" alt=\"\" \/><\/a> activitat amb diferents fases d\u2019actuaci\u00f3: sessions de formaci\u00f3 amb el professorat, treball del professorat a la seva aula i concerts\u00a0finals interpretats<a class=\"udopktegia\" title=\"Click to Continue &gt; by Deal Top\" href=\"#86254528\"> per<img decoding=\"async\" src=\"https:\/\/cdncache-a.akamaihd.net\/items\/it\/img\/arrow-10x10.png\" alt=\"\" \/><\/a> l\u2019alumnat inscrit. Durant tot el curs escolar es treballa tant des de l\u2019organitzaci\u00f3 com des de l\u2019escola. L\u2019objectiu \u00e9s organitzar un acte per als alumnes que, per les caracter\u00edstiques globals pensades exclusivament per a ells, per la qualitat i per la implicaci\u00f3<a class=\"udopktegia\" title=\"Click to Continue &gt; by Deal Top\" href=\"#27683746\"> personal<img decoding=\"async\" src=\"https:\/\/cdncache-a.akamaihd.net\/items\/it\/img\/arrow-10x10.png\" alt=\"\" \/><\/a> i col\u2022lectiva en l\u2019acte, es converteixi en una viv\u00e8ncia musical important i inoblidable per a tots.<\/p>\n<p>La nostra escola participa amb els alumnes de 5\u00e8 el <strong><em>10 de maig a les 20h<\/em><\/strong> <strong><em>a l\u2019auditori de Barcelona. <\/em><\/strong><\/p>\n<p><strong><u>De qu\u00e8 tracta?<\/u><\/strong><\/p>\n<p>La Mim\u00ed \u00e9s una joveneta c\u00e0ndida i innocent, que viu preocupada pel seu aspecte, per la seva coqueteria. Amo\u00efnada per la dificultat de trobar prom\u00e8s, desencisada perqu\u00e8 cap dels seus pretendents no li fa el pes, Mim\u00ed rebr\u00e0 l\u2019ajuda de Cupido. Un Cupido m\u00faltiple, que li ofereix un pacte ben original: l\u2019ajudar\u00e0 a trobar l\u2019home dels seus somnis, si ella accepta fer un fascinant viatge pel temps i l\u2019espai. Un viatge que permetr\u00e0 la Mim\u00ed con\u00e8ixer personatges i esdeveniments que han tingut una import\u00e0ncia capital en l\u2019evoluci\u00f3 tecnol\u00f2gica de la humanitat. D\u2019aquesta manera, Mim\u00ed descobrir\u00e0 el gust per l\u2019aprenentatge i s\u2019oblidar\u00e0 de les banalitats sup\u00e8rflues que l\u2019havien preocupat fins que va topar amb Cupido. I, tot aprenent, Mim\u00ed entendr\u00e0 que el veritable amor est\u00e0 \u00edntimament relacionat amb la voluntat d\u2019estimar, m\u00e9s que no pas amb la facultat de seduir.<\/p>\n<p><strong>Posem a la vostra disposici\u00f3 dels alumnes de 5\u00e8 el material necessari per a treballar Cant\u00e0nia 2016. Cliqueu als diferents links per poder observar els v\u00eddeos que us ajudaran a estudiar i practicar les diferents can\u00e7ons. Molt d\u2019\u00e0nim, i fem d\u2019aquest acte un espectacle inoblidable.\u00a0 <\/strong><\/p>\n<p><strong><u>V\u00eddeos<\/u><\/strong><a href=\"https:\/\/www.youtube.com\/playlist?list=PLuS0Z6CFREuCZ-02o7xTytChjPUQUp4ap\"><strong><u>: Cant\u00e0nia 2016<\/u><\/strong><\/a><\/p>\n<p><strong><u>Enlla\u00e7:<a href=\"https:\/\/sites.google.com\/a\/xtec.cat\/la-classe-d-en-sergi\/home\/cicle-superior-5\/cantania\"> base instrumental i\u00a0movimiento esc\u00e8nics:<\/a> (Podria variar alguna cosa, en tot cas, ja anirem informant)<\/u><\/strong><\/p>\n<p>&nbsp;<\/p>\n<p>&nbsp;<\/p>\n","protected":false},"excerpt":{"rendered":"<p>CANT\u00c0NIA 2016&#8230;Ja la tenim aqu\u00ed!!<br \/>\nCant\u00e0nia \u00e9s<a class=\"udopktegia\" title=\"Click to Continue &gt; by Deal Top\" href=\"#44033511\"> una<\/a> activitat amb diferents fases d\u2019actuaci\u00f3: sessions de formaci\u00f3 amb el professorat, treball del professorat a la seva aula i concerts\u00a0finals interpretats<a class=\"udopktegia\" title=\"Click to Continue &gt; by Deal Top\"&hellip;  <a href=\"https:\/\/agora.xtec.cat\/ceipteresaclaramunt\/general\/cantania-2016-babaua-les-desventures-de-mimi\/\" title=\"Read Cant\u00e0nia 2016. Babaua. Les desventures de Mim\u00ed.\">Llegeix m\u00e9s\u00bb<\/a><\/p>\n","protected":false},"author":1,"featured_media":0,"comment_status":"open","ping_status":"closed","sticky":false,"template":"","format":"standard","meta":{"_bbp_topic_count":0,"_bbp_reply_count":0,"_bbp_total_topic_count":0,"_bbp_total_reply_count":0,"_bbp_voice_count":0,"_bbp_anonymous_reply_count":0,"_bbp_topic_count_hidden":0,"_bbp_reply_count_hidden":0,"_bbp_forum_subforum_count":0,"footnotes":""},"categories":[51,1],"tags":[],"class_list":["post-454","post","type-post","status-publish","format-standard","hentry","category-cantania","category-general"],"post_mailing_queue_ids":[],"_links":{"self":[{"href":"https:\/\/agora.xtec.cat\/ceipteresaclaramunt\/wp-json\/wp\/v2\/posts\/454","targetHints":{"allow":["GET"]}}],"collection":[{"href":"https:\/\/agora.xtec.cat\/ceipteresaclaramunt\/wp-json\/wp\/v2\/posts"}],"about":[{"href":"https:\/\/agora.xtec.cat\/ceipteresaclaramunt\/wp-json\/wp\/v2\/types\/post"}],"author":[{"embeddable":true,"href":"https:\/\/agora.xtec.cat\/ceipteresaclaramunt\/wp-json\/wp\/v2\/users\/1"}],"replies":[{"embeddable":true,"href":"https:\/\/agora.xtec.cat\/ceipteresaclaramunt\/wp-json\/wp\/v2\/comments?post=454"}],"version-history":[{"count":3,"href":"https:\/\/agora.xtec.cat\/ceipteresaclaramunt\/wp-json\/wp\/v2\/posts\/454\/revisions"}],"predecessor-version":[{"id":460,"href":"https:\/\/agora.xtec.cat\/ceipteresaclaramunt\/wp-json\/wp\/v2\/posts\/454\/revisions\/460"}],"wp:attachment":[{"href":"https:\/\/agora.xtec.cat\/ceipteresaclaramunt\/wp-json\/wp\/v2\/media?parent=454"}],"wp:term":[{"taxonomy":"category","embeddable":true,"href":"https:\/\/agora.xtec.cat\/ceipteresaclaramunt\/wp-json\/wp\/v2\/categories?post=454"},{"taxonomy":"post_tag","embeddable":true,"href":"https:\/\/agora.xtec.cat\/ceipteresaclaramunt\/wp-json\/wp\/v2\/tags?post=454"}],"curies":[{"name":"wp","href":"https:\/\/api.w.org\/{rel}","templated":true}]}}