{"id":361,"date":"2015-04-21T14:26:22","date_gmt":"2015-04-21T13:26:22","guid":{"rendered":"http:\/\/agora.xtec.cat\/ceipteresaclaramunt\/?p=361"},"modified":"2023-04-25T12:38:28","modified_gmt":"2023-04-25T10:38:28","slug":"setmana-cultural-esports-minoritaris","status":"publish","type":"post","link":"https:\/\/agora.xtec.cat\/ceipteresaclaramunt\/general\/setmana-cultural-esports-minoritaris\/","title":{"rendered":"SETMANA CULTURAL: ESPORTS MINORITARIS"},"content":{"rendered":"<p style=\"text-align: center;\">Aquest curs hem dedicat la Setmana Cultural a treballar els esports menys medi\u00e0tics per\u00f2 no per aix\u00f2 menys importants ni divertits.<\/p>\n<p style=\"text-align: center;\">Hem fet multitud d&#8217;activitats i sortides. Si cliqueu a l&#8217;enlla\u00e7 en podeu veure un resum<\/p>\n<p style=\"text-align: center;\"><a href=\"http:\/\/blocs.xtec.cat\/activitatsconjuntes\/2015\/04\/20\/setmana-cultural-teresa-claramunt-esport-amunt\/\">SETMANA CULTURAL 2015<\/a><\/p>\n","protected":false},"excerpt":{"rendered":"<p>Aquest curs hem dedicat la Setmana Cultural a treballar els esports menys medi\u00e0tics per\u00f2 no per aix\u00f2 menys importants ni divertits.<br \/>\nHem fet multitud d&#8217;activitats i sortides. Si cliqueu a l&#8217;enlla\u00e7 en podeu veure un resum<br \/>\n<a href=\"http:\/\/blocs.xtec.cat\/activitatsconjuntes\/2015\/04\/20\/setmana-cultural-teresa-claramunt-esport-amunt\/\">SETMANA CULTURAL 2015<\/a><\/p>\n","protected":false},"author":1,"featured_media":0,"comment_status":"open","ping_status":"closed","sticky":false,"template":"","format":"standard","meta":{"_bbp_topic_count":0,"_bbp_reply_count":0,"_bbp_total_topic_count":0,"_bbp_total_reply_count":0,"_bbp_voice_count":0,"_bbp_anonymous_reply_count":0,"_bbp_topic_count_hidden":0,"_bbp_reply_count_hidden":0,"_bbp_forum_subforum_count":0,"footnotes":""},"categories":[49,1],"tags":[],"class_list":["post-361","post","type-post","status-publish","format-standard","hentry","category-festes","category-general"],"post_mailing_queue_ids":[],"_links":{"self":[{"href":"https:\/\/agora.xtec.cat\/ceipteresaclaramunt\/wp-json\/wp\/v2\/posts\/361","targetHints":{"allow":["GET"]}}],"collection":[{"href":"https:\/\/agora.xtec.cat\/ceipteresaclaramunt\/wp-json\/wp\/v2\/posts"}],"about":[{"href":"https:\/\/agora.xtec.cat\/ceipteresaclaramunt\/wp-json\/wp\/v2\/types\/post"}],"author":[{"embeddable":true,"href":"https:\/\/agora.xtec.cat\/ceipteresaclaramunt\/wp-json\/wp\/v2\/users\/1"}],"replies":[{"embeddable":true,"href":"https:\/\/agora.xtec.cat\/ceipteresaclaramunt\/wp-json\/wp\/v2\/comments?post=361"}],"version-history":[{"count":2,"href":"https:\/\/agora.xtec.cat\/ceipteresaclaramunt\/wp-json\/wp\/v2\/posts\/361\/revisions"}],"predecessor-version":[{"id":363,"href":"https:\/\/agora.xtec.cat\/ceipteresaclaramunt\/wp-json\/wp\/v2\/posts\/361\/revisions\/363"}],"wp:attachment":[{"href":"https:\/\/agora.xtec.cat\/ceipteresaclaramunt\/wp-json\/wp\/v2\/media?parent=361"}],"wp:term":[{"taxonomy":"category","embeddable":true,"href":"https:\/\/agora.xtec.cat\/ceipteresaclaramunt\/wp-json\/wp\/v2\/categories?post=361"},{"taxonomy":"post_tag","embeddable":true,"href":"https:\/\/agora.xtec.cat\/ceipteresaclaramunt\/wp-json\/wp\/v2\/tags?post=361"}],"curies":[{"name":"wp","href":"https:\/\/api.w.org\/{rel}","templated":true}]}}