{"id":3188,"date":"2026-03-03T09:22:35","date_gmt":"2026-03-03T08:22:35","guid":{"rendered":"https:\/\/agora.xtec.cat\/ceipteresaclaramunt\/?p=3188"},"modified":"2026-03-04T10:39:20","modified_gmt":"2026-03-04T09:39:20","slug":"publicacio-oferta-de-places-inicial","status":"publish","type":"post","link":"https:\/\/agora.xtec.cat\/ceipteresaclaramunt\/general\/publicacio-oferta-de-places-inicial\/","title":{"rendered":"Publicaci\u00f3 oferta de places inicial"},"content":{"rendered":"<p data-pm-slice=\"1 3 []\">Escola Teresa Claramunt fa p\u00fablica l\u2019oferta inicial de places per al proper curs escolar. Aquest document detalla les vacants disponibles per als diferents nivells educatius, d\u2019acord amb la planificaci\u00f3 establerta pel Departament d\u2019Educaci\u00f3.<\/p>\n<h5><a href=\"https:\/\/agora.xtec.cat\/ceipteresaclaramunt\/wp-content\/uploads\/usu2652\/2026\/03\/INFORME_OFERTA_OME_INFORME_OFERTA-1.pdf\">Informe oferta OME<\/a><\/h5>\n<p>El dimecres 4 de mar\u00e7 comen\u00e7a el per\u00edode d\u2019inscripci\u00f3.<\/p>\n<p>Per fer la sol\u00b7licitud, podeu accedir als seg\u00fcents enlla\u00e7os segons el nivell educatiu\u00a0<strong>(<span style=\"color: #ff0000;\">Ja disponible)<\/span><\/strong><\/p>\n<ul data-spread=\"false\">\n<li><strong>Educaci\u00f3 Infantil:<\/strong>\u00a0<a href=\"https:\/\/educacio.gencat.cat\/ca\/tramits\/tramits-temes\/perinscripcio-obligatoris?&amp;moda=1\">Preinscripci\u00f3\u00a0<\/a><\/li>\n<li><strong>Educaci\u00f3 Prim\u00e0ria i\u00a0Secund\u00e0ria:<\/strong>\u00a0<a href=\"https:\/\/educacio.gencat.cat\/ca\/tramits\/tramits-temes\/perinscripcio-obligatoris?&amp;moda=2\">Preinscripci\u00f3 Prim\u00e0ria<\/a><\/li>\n<\/ul>\n","protected":false},"excerpt":{"rendered":"<p>Escola Teresa Claramunt fa p\u00fablica l\u2019oferta inicial de places per al proper curs escolar. Aquest document detalla les vacants disponibles per als diferents nivells educatius, d\u2019acord amb la planificaci\u00f3 establerta pel Departament d\u2019Educaci\u00f3.<br \/>\n<a href=\"https:\/\/agora.xtec.cat\/ceipteresaclaramunt\/wp-content\/uploads\/usu2652\/2026\/03\/INFORME_OFERTA_OME_INFORME_OFERTA-1.pdf\">Informe oferta OME<\/a><br \/>\nEl dimecres 4 de mar\u00e7 comen\u00e7a el per\u00edode d\u2019inscripci\u00f3.<br \/>\nPer fer&hellip;  <a href=\"https:\/\/agora.xtec.cat\/ceipteresaclaramunt\/general\/publicacio-oferta-de-places-inicial\/\" title=\"Read Publicaci\u00f3 oferta de places inicial\">Llegeix m\u00e9s\u00bb<\/a><\/p>\n","protected":false},"author":1,"featured_media":0,"comment_status":"open","ping_status":"open","sticky":false,"template":"","format":"standard","meta":{"_bbp_topic_count":0,"_bbp_reply_count":0,"_bbp_total_topic_count":0,"_bbp_total_reply_count":0,"_bbp_voice_count":0,"_bbp_anonymous_reply_count":0,"_bbp_topic_count_hidden":0,"_bbp_reply_count_hidden":0,"_bbp_forum_subforum_count":0,"footnotes":""},"categories":[1],"tags":[],"class_list":["post-3188","post","type-post","status-publish","format-standard","hentry","category-general"],"post_mailing_queue_ids":[],"_links":{"self":[{"href":"https:\/\/agora.xtec.cat\/ceipteresaclaramunt\/wp-json\/wp\/v2\/posts\/3188","targetHints":{"allow":["GET"]}}],"collection":[{"href":"https:\/\/agora.xtec.cat\/ceipteresaclaramunt\/wp-json\/wp\/v2\/posts"}],"about":[{"href":"https:\/\/agora.xtec.cat\/ceipteresaclaramunt\/wp-json\/wp\/v2\/types\/post"}],"author":[{"embeddable":true,"href":"https:\/\/agora.xtec.cat\/ceipteresaclaramunt\/wp-json\/wp\/v2\/users\/1"}],"replies":[{"embeddable":true,"href":"https:\/\/agora.xtec.cat\/ceipteresaclaramunt\/wp-json\/wp\/v2\/comments?post=3188"}],"version-history":[{"count":2,"href":"https:\/\/agora.xtec.cat\/ceipteresaclaramunt\/wp-json\/wp\/v2\/posts\/3188\/revisions"}],"predecessor-version":[{"id":3191,"href":"https:\/\/agora.xtec.cat\/ceipteresaclaramunt\/wp-json\/wp\/v2\/posts\/3188\/revisions\/3191"}],"wp:attachment":[{"href":"https:\/\/agora.xtec.cat\/ceipteresaclaramunt\/wp-json\/wp\/v2\/media?parent=3188"}],"wp:term":[{"taxonomy":"category","embeddable":true,"href":"https:\/\/agora.xtec.cat\/ceipteresaclaramunt\/wp-json\/wp\/v2\/categories?post=3188"},{"taxonomy":"post_tag","embeddable":true,"href":"https:\/\/agora.xtec.cat\/ceipteresaclaramunt\/wp-json\/wp\/v2\/tags?post=3188"}],"curies":[{"name":"wp","href":"https:\/\/api.w.org\/{rel}","templated":true}]}}