{"id":3178,"date":"2026-01-16T09:12:30","date_gmt":"2026-01-16T08:12:30","guid":{"rendered":"https:\/\/agora.xtec.cat\/ceipteresaclaramunt\/?p=3178"},"modified":"2026-02-18T10:33:40","modified_gmt":"2026-02-18T09:33:40","slug":"portes-obertes-2","status":"publish","type":"post","link":"https:\/\/agora.xtec.cat\/ceipteresaclaramunt\/general\/portes-obertes-2\/","title":{"rendered":"PORTES OBERTES"},"content":{"rendered":"<p><strong>\u26a0\ufe0f\u00a0NOU.\u00a0<\/strong><\/p>\n<p><a href=\"https:\/\/youtu.be\/R1do2IPbbhE\">Presentaci\u00f3 as\u00edncrona\u00a0<\/a><strong>Jornada de Portes Obertes (DISPONIBLE i ACTUALITZADA)<\/strong><\/p>\n<p>Durant tot el proc\u00e9s de preinscripci\u00f3 i matr\u00edcula tindreu un document de <strong>preguntes i respostes m\u00e9s freq\u00fcents (FAQS)<\/strong>, aquest document s\u2019anir\u00e0 actualitzant. Podreu entrar a les FAQS, clicant\u00a0<a href=\"https:\/\/docs.google.com\/document\/d\/1jyeVFoXY3Qn2rF1dOXhzqmTgG2DuqMty\/edit?usp=sharing&amp;ouid=102356925776028641614&amp;rtpof=true&amp;sd=true\">aqu\u00ed<\/a>.<\/p>\n<p>La visita a l\u2019escola seran els dies<strong> 17 i 19 de febrer<\/strong> a les 17 hores, on a m\u00e9s de poder con\u00e8ixer l\u2019escola, tindreu oportunitat de resoldre dubtes.<\/p>\n<p>Per apuntar-vos a la visita, envieu un correu electr\u00f2nic a\u00a0<a href=\"mailto:comunicats@escolateresaclaramunt.com\">comunicats@escolateresaclaramunt.com<\/a>\u00a0posant a l\u2019assumpte \u201cVisita Portes obertes\u201d. Al cos del missatge cal que hi indiqueu el\u00a0<strong>nom i cognoms de l\u2019infant<\/strong>, n\u00famero de tel\u00e8fon\u00a0i nombre de persones assistents.<\/p>\n<p>La preinscripci\u00f3 ser\u00e0 del del 4 al 18 de mar\u00e7 de 2026. Encara no s&#8217;han publicat la resta del calendari. Us n&#8217;anirem informant quan estigui disponible.<\/p>\n<p>*<a href=\"https:\/\/preinscripcio.gencat.cat\/ca\/inici\/\">P\u00e0gina informativa sobre el per\u00edode de preinscripci\u00f3 i matr\u00edcula<\/a><\/p>\n<p><strong><img loading=\"lazy\" decoding=\"async\" class=\"alignright wp-image-3179\" src=\"https:\/\/agora.xtec.cat\/ceipteresaclaramunt\/wp-content\/uploads\/usu2652\/2026\/01\/PORTES-OBERTES-1024x1024.png\" alt=\"\" width=\"411\" height=\"411\" srcset=\"https:\/\/agora.xtec.cat\/ceipteresaclaramunt\/wp-content\/uploads\/usu2652\/2026\/01\/PORTES-OBERTES-1024x1024.png 1024w, https:\/\/agora.xtec.cat\/ceipteresaclaramunt\/wp-content\/uploads\/usu2652\/2026\/01\/PORTES-OBERTES-300x300.png 300w, https:\/\/agora.xtec.cat\/ceipteresaclaramunt\/wp-content\/uploads\/usu2652\/2026\/01\/PORTES-OBERTES-150x150.png 150w, https:\/\/agora.xtec.cat\/ceipteresaclaramunt\/wp-content\/uploads\/usu2652\/2026\/01\/PORTES-OBERTES-768x768.png 768w, https:\/\/agora.xtec.cat\/ceipteresaclaramunt\/wp-content\/uploads\/usu2652\/2026\/01\/PORTES-OBERTES-1536x1536.png 1536w, https:\/\/agora.xtec.cat\/ceipteresaclaramunt\/wp-content\/uploads\/usu2652\/2026\/01\/PORTES-OBERTES.png 1654w\" sizes=\"auto, (max-width: 411px) 100vw, 411px\" \/><\/strong><\/p>\n<p><b>\u00a0<\/b><\/p>\n","protected":false},"excerpt":{"rendered":"<p>\u26a0\ufe0f\u00a0NOU.\u00a0<br \/>\n<a href=\"https:\/\/youtu.be\/R1do2IPbbhE\">Presentaci\u00f3 as\u00edncrona\u00a0<\/a>Jornada de Portes Obertes (DISPONIBLE i ACTUALITZADA)<br \/>\nDurant tot el proc\u00e9s de preinscripci\u00f3 i matr\u00edcula tindreu un document de preguntes i respostes m\u00e9s freq\u00fcents (FAQS), aquest document s\u2019anir\u00e0 actualitzant. Podreu entrar a les FAQS, clicant\u00a0<a href=\"https:\/\/docs.google.com\/document\/d\/1jyeVFoXY3Qn2rF1dOXhzqmTgG2DuqMty\/edit?usp=sharing&amp;ouid=102356925776028641614&amp;rtpof=true&amp;sd=true\">aqu\u00ed<\/a>.<br \/>\nLa visita a l\u2019escola seran els dies 17 i&hellip;  <a href=\"https:\/\/agora.xtec.cat\/ceipteresaclaramunt\/general\/portes-obertes-2\/\" title=\"Read PORTES OBERTES\">Llegeix m\u00e9s\u00bb<\/a><\/p>\n","protected":false},"author":1,"featured_media":3179,"comment_status":"open","ping_status":"open","sticky":false,"template":"","format":"standard","meta":{"_bbp_topic_count":0,"_bbp_reply_count":0,"_bbp_total_topic_count":0,"_bbp_total_reply_count":0,"_bbp_voice_count":0,"_bbp_anonymous_reply_count":0,"_bbp_topic_count_hidden":0,"_bbp_reply_count_hidden":0,"_bbp_forum_subforum_count":0,"footnotes":""},"categories":[1],"tags":[],"class_list":["post-3178","post","type-post","status-publish","format-standard","has-post-thumbnail","hentry","category-general"],"post_mailing_queue_ids":[],"_links":{"self":[{"href":"https:\/\/agora.xtec.cat\/ceipteresaclaramunt\/wp-json\/wp\/v2\/posts\/3178","targetHints":{"allow":["GET"]}}],"collection":[{"href":"https:\/\/agora.xtec.cat\/ceipteresaclaramunt\/wp-json\/wp\/v2\/posts"}],"about":[{"href":"https:\/\/agora.xtec.cat\/ceipteresaclaramunt\/wp-json\/wp\/v2\/types\/post"}],"author":[{"embeddable":true,"href":"https:\/\/agora.xtec.cat\/ceipteresaclaramunt\/wp-json\/wp\/v2\/users\/1"}],"replies":[{"embeddable":true,"href":"https:\/\/agora.xtec.cat\/ceipteresaclaramunt\/wp-json\/wp\/v2\/comments?post=3178"}],"version-history":[{"count":6,"href":"https:\/\/agora.xtec.cat\/ceipteresaclaramunt\/wp-json\/wp\/v2\/posts\/3178\/revisions"}],"predecessor-version":[{"id":3187,"href":"https:\/\/agora.xtec.cat\/ceipteresaclaramunt\/wp-json\/wp\/v2\/posts\/3178\/revisions\/3187"}],"wp:featuredmedia":[{"embeddable":true,"href":"https:\/\/agora.xtec.cat\/ceipteresaclaramunt\/wp-json\/wp\/v2\/media\/3179"}],"wp:attachment":[{"href":"https:\/\/agora.xtec.cat\/ceipteresaclaramunt\/wp-json\/wp\/v2\/media?parent=3178"}],"wp:term":[{"taxonomy":"category","embeddable":true,"href":"https:\/\/agora.xtec.cat\/ceipteresaclaramunt\/wp-json\/wp\/v2\/categories?post=3178"},{"taxonomy":"post_tag","embeddable":true,"href":"https:\/\/agora.xtec.cat\/ceipteresaclaramunt\/wp-json\/wp\/v2\/tags?post=3178"}],"curies":[{"name":"wp","href":"https:\/\/api.w.org\/{rel}","templated":true}]}}