{"id":3167,"date":"2025-10-27T17:10:29","date_gmt":"2025-10-27T16:10:29","guid":{"rendered":"https:\/\/agora.xtec.cat\/ceipteresaclaramunt\/?p=3167"},"modified":"2025-10-28T09:03:25","modified_gmt":"2025-10-28T08:03:25","slug":"eleccions-al-consell-escolar-2025","status":"publish","type":"post","link":"https:\/\/agora.xtec.cat\/ceipteresaclaramunt\/general\/eleccions-al-consell-escolar-2025\/","title":{"rendered":"ELECCIONS AL CONSELL ESCOLAR 2025"},"content":{"rendered":"<p data-v-2bed8167=\"\"><span style=\"font-family: inherit; font-size: 1em;\">El <\/span><strong style=\"font-family: inherit; font-size: 1em;\">27 d\u2019octubre de 2025<\/strong><span style=\"font-family: inherit; font-size: 1em;\"> s\u2019inicia la <\/span><strong style=\"font-family: inherit; font-size: 1em;\">convocat\u00f2ria d\u2019eleccions al Consell Escolar<\/strong><span style=\"font-family: inherit; font-size: 1em;\"> per tal de renovar parcialment els seus representants. Aquest proc\u00e9s finalitzar\u00e0 el <\/span><strong style=\"font-family: inherit; font-size: 1em;\">15 de desembre de 2025<\/strong><span style=\"font-family: inherit; font-size: 1em;\">, amb la constituci\u00f3 del nou Consell Escolar.<\/span><\/p>\n<div class=\"editor message-body disabled\" spellcheck=\"false\" data-v-4a6d1098=\"\">\n<div data-v-2bed8167=\"\">\n<div class=\"rich-text-editor position-relative message-body\" data-v-4a6d1098=\"\" data-v-2bed8167=\"\">\n<div class=\"editor message-body disabled\" spellcheck=\"false\" data-v-4a6d1098=\"\">\n<p>A la nostra escola hem de renovar:<\/p>\n<ul>\n<li><strong>3 representant del sector de pares i mares o tutors d\u2019alumnes<\/strong><\/li>\n<li><strong>3 representants del sector del professorat<\/strong><\/li>\n<li><strong>1 representant del sector PAE<\/strong><\/li>\n<\/ul>\n<p>El Consell Escolar \u00e9s l\u2019\u00f2rgan col\u00b7legiat de govern de l\u2019escola, on estan representats tots els sectors directament implicats en l\u2019activitat educativa.<\/p>\n<p>La seva funci\u00f3 principal \u00e9s <strong>participar en la presa de decisions<\/strong> sobre els aspectes m\u00e9s rellevants del funcionament i l\u2019organitzaci\u00f3 del centre: el projecte educatiu, la programaci\u00f3 general, la gesti\u00f3 econ\u00f2mica, etc.<\/p>\n<p>Des d\u2019aqu\u00ed animem tots els membres de la nostra comunitat educativa \u2014fam\u00edlies, personal PAE\/PAS i mestres\u2014 a <strong>participar activament en tot el proc\u00e9s<\/strong>, presentant candidatures i exercint el dret a vot.<\/p>\n<p>Us adjuntem el <a href=\"https:\/\/agora.xtec.cat\/ceipteresaclaramunt\/wp-content\/uploads\/usu2652\/2025\/10\/calendari-proces.pdf\"><strong>calendari del proc\u00e9s<\/strong><\/a>, aix\u00ed com <a href=\"https:\/\/educacio.gencat.cat\/ca\/arees-actuacio\/centres-serveis-educatius\/centres\/consells-escolars-centres\/participar-families\/index.html\" target=\"_blank\" rel=\"noreferrer noopener\">l\u2019enlla\u00e7 al Departament d\u2019Educaci\u00f3<\/a>, on trobareu m\u00e9s informaci\u00f3 i la <a href=\"https:\/\/agora.xtec.cat\/ceipteresaclaramunt\/wp-content\/uploads\/usu2652\/2025\/10\/A634.pdf\"><strong>sol\u00b7licitud per presentar candidatura<\/strong><\/a>.<\/p>\n<p><strong>Podeu presentar candidatura fins al dia 11 de novembre!<\/strong><\/p>\n<\/div>\n<\/div>\n<\/div>\n<\/div>\n","protected":false},"excerpt":{"rendered":"<p>El 27 d\u2019octubre de 2025 s\u2019inicia la convocat\u00f2ria d\u2019eleccions al Consell Escolar per tal de renovar parcialment els seus representants. Aquest proc\u00e9s finalitzar\u00e0 el 15 de desembre de 2025, amb la constituci\u00f3 del nou Consell Escolar.<\/p>\n<p>A la nostra escola hem de renovar:<\/p>\n<ul>\n<li>3 representant del sector&hellip;  <a href=\"https:\/\/agora.xtec.cat\/ceipteresaclaramunt\/general\/eleccions-al-consell-escolar-2025\/\" title=\"Read ELECCIONS AL CONSELL ESCOLAR 2025\">Llegeix m\u00e9s\u00bb<\/a><br \/>\n","protected":false},"author":1,"featured_media":0,"comment_status":"open","ping_status":"open","sticky":false,"template":"","format":"standard","meta":{"_bbp_topic_count":0,"_bbp_reply_count":0,"_bbp_total_topic_count":0,"_bbp_total_reply_count":0,"_bbp_voice_count":0,"_bbp_anonymous_reply_count":0,"_bbp_topic_count_hidden":0,"_bbp_reply_count_hidden":0,"_bbp_forum_subforum_count":0,"footnotes":""},"categories":[1],"tags":[],"class_list":["post-3167","post","type-post","status-publish","format-standard","hentry","category-general"],"post_mailing_queue_ids":[],"_links":{"self":[{"href":"https:\/\/agora.xtec.cat\/ceipteresaclaramunt\/wp-json\/wp\/v2\/posts\/3167","targetHints":{"allow":["GET"]}}],"collection":[{"href":"https:\/\/agora.xtec.cat\/ceipteresaclaramunt\/wp-json\/wp\/v2\/posts"}],"about":[{"href":"https:\/\/agora.xtec.cat\/ceipteresaclaramunt\/wp-json\/wp\/v2\/types\/post"}],"author":[{"embeddable":true,"href":"https:\/\/agora.xtec.cat\/ceipteresaclaramunt\/wp-json\/wp\/v2\/users\/1"}],"replies":[{"embeddable":true,"href":"https:\/\/agora.xtec.cat\/ceipteresaclaramunt\/wp-json\/wp\/v2\/comments?post=3167"}],"version-history":[{"count":2,"href":"https:\/\/agora.xtec.cat\/ceipteresaclaramunt\/wp-json\/wp\/v2\/posts\/3167\/revisions"}],"predecessor-version":[{"id":3171,"href":"https:\/\/agora.xtec.cat\/ceipteresaclaramunt\/wp-json\/wp\/v2\/posts\/3167\/revisions\/3171"}],"wp:attachment":[{"href":"https:\/\/agora.xtec.cat\/ceipteresaclaramunt\/wp-json\/wp\/v2\/media?parent=3167"}],"wp:term":[{"taxonomy":"category","embeddable":true,"href":"https:\/\/agora.xtec.cat\/ceipteresaclaramunt\/wp-json\/wp\/v2\/categories?post=3167"},{"taxonomy":"post_tag","embeddable":true,"href":"https:\/\/agora.xtec.cat\/ceipteresaclaramunt\/wp-json\/wp\/v2\/tags?post=3167"}],"curies":[{"name":"wp","href":"https:\/\/api.w.org\/{rel}","templated":true}]}}