{"id":3091,"date":"2025-06-12T12:28:49","date_gmt":"2025-06-12T10:28:49","guid":{"rendered":"https:\/\/agora.xtec.cat\/ceipteresaclaramunt\/?p=3091"},"modified":"2025-06-13T09:56:40","modified_gmt":"2025-06-13T07:56:40","slug":"informacio-important-preinscripcio-i-matricula-2025-26","status":"publish","type":"post","link":"https:\/\/agora.xtec.cat\/ceipteresaclaramunt\/general\/informacio-important-preinscripcio-i-matricula-2025-26\/","title":{"rendered":"Informaci\u00f3 important preinscripci\u00f3 i matricula 2025-26"},"content":{"rendered":"<p>Benvolgudes fam\u00edlies,<\/p>\n<p>El proper <strong>16 de juny<\/strong> es\u00a0 fa p\u00fablica l\u2019oferta final, la publicaci\u00f3 de la llista d\u2019 admesos i la llista d\u2019espera de la matr\u00edcula per al curs 2025-26.<\/p>\n<p>Per tant, us deixem preparat el que heu de fer per matricular als vostres fills\/es, quan ja estiguin \u00a0a la llista d\u2019admesos de \u00a0l\u2019 escola Teresa Claramunt. <strong>Del 25 al 3 de juliol<\/strong>.<\/p>\n<p>En aquest 2025-26 <a href=\"https:\/\/agora.xtec.cat\/ceipteresaclaramunt\/wp-content\/uploads\/usu2652\/2025\/06\/2025-26FAMILIES-JUNY-COM-HE-DE-FER-LA-MATRICULACIO.pdf\">enlla\u00e7<\/a>\u00a0trobareu un document on s&#8217;explica que heu de fer per poder realitzar la matricula.<\/p>\n<p>Us comuniquen que tots els alumnes d\u2019I3 admesos segons la <u>lista del dia 16 de juny<\/u>, quedeu convidats a un<strong> esmorzar <\/strong>per con\u00e8ixer els espais \u00a0el dia<strong> <u>18 de juny a les 10h.<\/u> <\/strong>L\u2019entrada ser\u00e0 per la porta de la rampa de Crta. Molins de Rei. Us hi esperem !!<\/p>\n","protected":false},"excerpt":{"rendered":"<p>Benvolgudes fam\u00edlies,<br \/>\nEl proper 16 de juny es\u00a0 fa p\u00fablica l\u2019oferta final, la publicaci\u00f3 de la llista d\u2019 admesos i la llista d\u2019espera de la matr\u00edcula per al curs 2025-26.<br \/>\nPer tant, us deixem preparat el que heu de fer per matricular als vostres fills\/es, quan ja&hellip;  <a href=\"https:\/\/agora.xtec.cat\/ceipteresaclaramunt\/general\/informacio-important-preinscripcio-i-matricula-2025-26\/\" title=\"Read Informaci\u00f3 important preinscripci\u00f3 i matricula 2025-26\">Llegeix m\u00e9s\u00bb<\/a><\/p>\n","protected":false},"author":1,"featured_media":0,"comment_status":"open","ping_status":"open","sticky":false,"template":"","format":"standard","meta":{"_bbp_topic_count":0,"_bbp_reply_count":0,"_bbp_total_topic_count":0,"_bbp_total_reply_count":0,"_bbp_voice_count":0,"_bbp_anonymous_reply_count":0,"_bbp_topic_count_hidden":0,"_bbp_reply_count_hidden":0,"_bbp_forum_subforum_count":0,"footnotes":""},"categories":[1],"tags":[],"class_list":["post-3091","post","type-post","status-publish","format-standard","hentry","category-general"],"post_mailing_queue_ids":[],"_links":{"self":[{"href":"https:\/\/agora.xtec.cat\/ceipteresaclaramunt\/wp-json\/wp\/v2\/posts\/3091","targetHints":{"allow":["GET"]}}],"collection":[{"href":"https:\/\/agora.xtec.cat\/ceipteresaclaramunt\/wp-json\/wp\/v2\/posts"}],"about":[{"href":"https:\/\/agora.xtec.cat\/ceipteresaclaramunt\/wp-json\/wp\/v2\/types\/post"}],"author":[{"embeddable":true,"href":"https:\/\/agora.xtec.cat\/ceipteresaclaramunt\/wp-json\/wp\/v2\/users\/1"}],"replies":[{"embeddable":true,"href":"https:\/\/agora.xtec.cat\/ceipteresaclaramunt\/wp-json\/wp\/v2\/comments?post=3091"}],"version-history":[{"count":3,"href":"https:\/\/agora.xtec.cat\/ceipteresaclaramunt\/wp-json\/wp\/v2\/posts\/3091\/revisions"}],"predecessor-version":[{"id":3097,"href":"https:\/\/agora.xtec.cat\/ceipteresaclaramunt\/wp-json\/wp\/v2\/posts\/3091\/revisions\/3097"}],"wp:attachment":[{"href":"https:\/\/agora.xtec.cat\/ceipteresaclaramunt\/wp-json\/wp\/v2\/media?parent=3091"}],"wp:term":[{"taxonomy":"category","embeddable":true,"href":"https:\/\/agora.xtec.cat\/ceipteresaclaramunt\/wp-json\/wp\/v2\/categories?post=3091"},{"taxonomy":"post_tag","embeddable":true,"href":"https:\/\/agora.xtec.cat\/ceipteresaclaramunt\/wp-json\/wp\/v2\/tags?post=3091"}],"curies":[{"name":"wp","href":"https:\/\/api.w.org\/{rel}","templated":true}]}}