{"id":3063,"date":"2025-03-11T12:07:16","date_gmt":"2025-03-11T11:07:16","guid":{"rendered":"https:\/\/agora.xtec.cat\/ceipteresaclaramunt\/?p=3063"},"modified":"2025-03-12T14:02:51","modified_gmt":"2025-03-12T13:02:51","slug":"publicacio-de-loferta-inicial-de-places","status":"publish","type":"post","link":"https:\/\/agora.xtec.cat\/ceipteresaclaramunt\/general\/publicacio-de-loferta-inicial-de-places\/","title":{"rendered":"Publicaci\u00f3 de l&#8217;oferta inicial de places"},"content":{"rendered":"<p>&nbsp;<\/p>\n<p data-pm-slice=\"1 3 []\">&#8216;Escola Teresa Claramunt fa p\u00fablica l&#8217;oferta inicial de places per al proper curs escolar. Aquest document detalla les vacants disponibles per als diferents nivells educatius, d&#8217;acord amb la planificaci\u00f3 establerta pel Departament d&#8217;Educaci\u00f3.<\/p>\n<h5><a href=\"https:\/\/agora.xtec.cat\/ceipteresaclaramunt\/wp-content\/uploads\/usu2652\/2025\/03\/INFORME_OFERTA_OME_INFORME_OFERTA-1-1.pdf\">Informe oferta OME<\/a><\/h5>\n<p>El dimecres 12 de mar\u00e7 comen\u00e7a el per\u00edode d&#8217;inscripci\u00f3.<\/p>\n<p>Per fer la sol\u00b7licitud, podeu accedir als seg\u00fcents enlla\u00e7os segons el nivell educatiu <strong><span style=\"color: #ff0000;\">(ACTUALITZAT)<\/span><\/strong><\/p>\n<ul data-spread=\"false\">\n<li><strong>Educaci\u00f3 Infantil:<\/strong> <a href=\"https:\/\/educacio.gencat.cat\/ca\/tramits\/tramits-temes\/perinscripcio-obligatoris?&amp;moda=1\">Preinscripci\u00f3\u00a0<\/a><\/li>\n<li><strong>Educaci\u00f3 Prim\u00e0ria i <strong>Secund\u00e0ria<\/strong>:<\/strong> <a href=\"https:\/\/educacio.gencat.cat\/ca\/tramits\/tramits-temes\/perinscripcio-obligatoris?&amp;moda=2\">Preinscripci\u00f3 Prim\u00e0ria<\/a><\/li>\n<\/ul>\n","protected":false},"excerpt":{"rendered":"<p>&nbsp;<br \/>\n&#8216;Escola Teresa Claramunt fa p\u00fablica l&#8217;oferta inicial de places per al proper curs escolar. Aquest document detalla les vacants disponibles per als diferents nivells educatius, d&#8217;acord amb la planificaci\u00f3 establerta pel Departament d&#8217;Educaci\u00f3.<br \/>\n<a href=\"https:\/\/agora.xtec.cat\/ceipteresaclaramunt\/wp-content\/uploads\/usu2652\/2025\/03\/INFORME_OFERTA_OME_INFORME_OFERTA-1-1.pdf\">Informe oferta OME<\/a><br \/>\nEl dimecres 12 de mar\u00e7 comen\u00e7a el per\u00edode d&#8217;inscripci\u00f3.<br \/>\nPer fer&hellip;  <a href=\"https:\/\/agora.xtec.cat\/ceipteresaclaramunt\/general\/publicacio-de-loferta-inicial-de-places\/\" title=\"Read Publicaci\u00f3 de l&#8217;oferta inicial de places\">Llegeix m\u00e9s\u00bb<\/a><\/p>\n","protected":false},"author":1,"featured_media":0,"comment_status":"open","ping_status":"closed","sticky":false,"template":"","format":"standard","meta":{"_bbp_topic_count":0,"_bbp_reply_count":0,"_bbp_total_topic_count":0,"_bbp_total_reply_count":0,"_bbp_voice_count":0,"_bbp_anonymous_reply_count":0,"_bbp_topic_count_hidden":0,"_bbp_reply_count_hidden":0,"_bbp_forum_subforum_count":0,"footnotes":""},"categories":[1],"tags":[],"class_list":["post-3063","post","type-post","status-publish","format-standard","hentry","category-general"],"post_mailing_queue_ids":[],"_links":{"self":[{"href":"https:\/\/agora.xtec.cat\/ceipteresaclaramunt\/wp-json\/wp\/v2\/posts\/3063","targetHints":{"allow":["GET"]}}],"collection":[{"href":"https:\/\/agora.xtec.cat\/ceipteresaclaramunt\/wp-json\/wp\/v2\/posts"}],"about":[{"href":"https:\/\/agora.xtec.cat\/ceipteresaclaramunt\/wp-json\/wp\/v2\/types\/post"}],"author":[{"embeddable":true,"href":"https:\/\/agora.xtec.cat\/ceipteresaclaramunt\/wp-json\/wp\/v2\/users\/1"}],"replies":[{"embeddable":true,"href":"https:\/\/agora.xtec.cat\/ceipteresaclaramunt\/wp-json\/wp\/v2\/comments?post=3063"}],"version-history":[{"count":5,"href":"https:\/\/agora.xtec.cat\/ceipteresaclaramunt\/wp-json\/wp\/v2\/posts\/3063\/revisions"}],"predecessor-version":[{"id":3070,"href":"https:\/\/agora.xtec.cat\/ceipteresaclaramunt\/wp-json\/wp\/v2\/posts\/3063\/revisions\/3070"}],"wp:attachment":[{"href":"https:\/\/agora.xtec.cat\/ceipteresaclaramunt\/wp-json\/wp\/v2\/media?parent=3063"}],"wp:term":[{"taxonomy":"category","embeddable":true,"href":"https:\/\/agora.xtec.cat\/ceipteresaclaramunt\/wp-json\/wp\/v2\/categories?post=3063"},{"taxonomy":"post_tag","embeddable":true,"href":"https:\/\/agora.xtec.cat\/ceipteresaclaramunt\/wp-json\/wp\/v2\/tags?post=3063"}],"curies":[{"name":"wp","href":"https:\/\/api.w.org\/{rel}","templated":true}]}}