{"id":3032,"date":"2025-01-24T13:14:05","date_gmt":"2025-01-24T12:14:05","guid":{"rendered":"https:\/\/agora.xtec.cat\/ceipteresaclaramunt\/?p=3032"},"modified":"2025-03-11T12:22:30","modified_gmt":"2025-03-11T11:22:30","slug":"portes-obertes-25-26","status":"publish","type":"post","link":"https:\/\/agora.xtec.cat\/ceipteresaclaramunt\/general\/portes-obertes-25-26\/","title":{"rendered":"PORTES OBERTES CURS 2025-26"},"content":{"rendered":"<p><a href=\"https:\/\/youtu.be\/NxYqe9KnmHc\">Presentaci\u00f3 as\u00edncrona\u00a0<\/a><strong>Jornada de Portes Obertes (<span style=\"color: #ff6600;\">DISPONIBLE i ACTUALITZADA<\/span>)<\/strong><\/p>\n<p>La visita a l\u2019escola seran els dies<strong> 24 i 25 de febrer<\/strong>\u00a0a les 17 hores, on a m\u00e9s de poder con\u00e8ixer l\u2019escola, tindreu oportunitat de resoldre dubtes.<\/p>\n<p>Per apuntar-vos a la visita, envieu un correu electr\u00f2nic a\u00a0<a href=\"mailto:comunicats@escolateresaclaramunt.com\">comunicats@escolateresaclaramunt.com<\/a>\u00a0posant a l\u2019assumpte \u201cVisita Portes obertes\u201d. Al cos del missatge cal que hi indiqueu el\u00a0<strong>nom i cognoms de l\u2019infant<\/strong>, n\u00famero de tel\u00e8fon\u00a0i nombre de persones assistents.<\/p>\n<p><strong>\u26a0\ufe0f\u00a0NOU.\u00a0<\/strong>Durant tot el proc\u00e9s de preinscripci\u00f3 i matr\u00edcula tindreu un document de <strong>preguntes i respostes m\u00e9s freq\u00fcents (FAQS)<\/strong>, aquest document s\u2019anir\u00e0 actualitzant. Podreu entrar a les FAQS, clicant <a href=\"https:\/\/agora.xtec.cat\/ceipteresaclaramunt\/wp-content\/uploads\/usu2652\/2025\/02\/2025_FAQS.pdf\">aqu\u00ed.<\/a><\/p>\n<p>*<a href=\"https:\/\/preinscripcio.gencat.cat\/ca\/inici\/\">P\u00e0gina informativa sobre el per\u00edode de preinscripci\u00f3 i matr\u00edcula<\/a><\/p>\n<p>Trobareu els criteris de puntuaci\u00f3 en aquest enlla\u00e7:\u00a0<a href=\"https:\/\/preinscripcio.gencat.cat\/ca\/estudis\/infantil-3-6\/informat\/criteris-assignacio\/\">https:\/\/preinscripcio.gencat.cat\/ca\/estudis\/infantil-3-6\/informat\/criteris-assignacio\/<\/a><\/p>\n<p><strong>Les dates de preinscripci\u00f3 s\u00f3n del 12 al 26 de mar\u00e7 de 2025<img loading=\"lazy\" decoding=\"async\" class=\"size-large wp-image-3033 aligncenter\" src=\"https:\/\/agora.xtec.cat\/ceipteresaclaramunt\/wp-content\/uploads\/usu2652\/2025\/01\/Gris-Oscuro-Amarillo-Moderno-Foto-Casa-Puertas-Abiertas-Invitacion-1024x1024.png\" alt=\"\" width=\"1024\" height=\"1024\" srcset=\"https:\/\/agora.xtec.cat\/ceipteresaclaramunt\/wp-content\/uploads\/usu2652\/2025\/01\/Gris-Oscuro-Amarillo-Moderno-Foto-Casa-Puertas-Abiertas-Invitacion-1024x1024.png 1024w, https:\/\/agora.xtec.cat\/ceipteresaclaramunt\/wp-content\/uploads\/usu2652\/2025\/01\/Gris-Oscuro-Amarillo-Moderno-Foto-Casa-Puertas-Abiertas-Invitacion-300x300.png 300w, https:\/\/agora.xtec.cat\/ceipteresaclaramunt\/wp-content\/uploads\/usu2652\/2025\/01\/Gris-Oscuro-Amarillo-Moderno-Foto-Casa-Puertas-Abiertas-Invitacion-150x150.png 150w, https:\/\/agora.xtec.cat\/ceipteresaclaramunt\/wp-content\/uploads\/usu2652\/2025\/01\/Gris-Oscuro-Amarillo-Moderno-Foto-Casa-Puertas-Abiertas-Invitacion-768x768.png 768w, https:\/\/agora.xtec.cat\/ceipteresaclaramunt\/wp-content\/uploads\/usu2652\/2025\/01\/Gris-Oscuro-Amarillo-Moderno-Foto-Casa-Puertas-Abiertas-Invitacion-1536x1536.png 1536w, https:\/\/agora.xtec.cat\/ceipteresaclaramunt\/wp-content\/uploads\/usu2652\/2025\/01\/Gris-Oscuro-Amarillo-Moderno-Foto-Casa-Puertas-Abiertas-Invitacion.png 1654w\" sizes=\"auto, (max-width: 1024px) 100vw, 1024px\" \/>.<\/strong><\/p>\n","protected":false},"excerpt":{"rendered":"<p><a href=\"https:\/\/youtu.be\/NxYqe9KnmHc\">Presentaci\u00f3 as\u00edncrona\u00a0<\/a>Jornada de Portes Obertes (DISPONIBLE i ACTUALITZADA)<br \/>\nLa visita a l\u2019escola seran els dies 24 i 25 de febrer\u00a0a les 17 hores, on a m\u00e9s de poder con\u00e8ixer l\u2019escola, tindreu oportunitat de resoldre dubtes.<br \/>\nPer apuntar-vos a la visita, envieu un correu electr\u00f2nic a\u00a0<a href=\"mailto:comunicats@escolateresaclaramunt.com\">comunicats@escolateresaclaramunt.com<\/a>\u00a0posant&hellip;  <a href=\"https:\/\/agora.xtec.cat\/ceipteresaclaramunt\/general\/portes-obertes-25-26\/\" title=\"Read PORTES OBERTES CURS 2025-26\">Llegeix m\u00e9s\u00bb<\/a><\/p>\n","protected":false},"author":1,"featured_media":3033,"comment_status":"open","ping_status":"closed","sticky":false,"template":"","format":"standard","meta":{"_bbp_topic_count":0,"_bbp_reply_count":0,"_bbp_total_topic_count":0,"_bbp_total_reply_count":0,"_bbp_voice_count":0,"_bbp_anonymous_reply_count":0,"_bbp_topic_count_hidden":0,"_bbp_reply_count_hidden":0,"_bbp_forum_subforum_count":0,"footnotes":""},"categories":[1],"tags":[65],"class_list":["post-3032","post","type-post","status-publish","format-standard","has-post-thumbnail","hentry","category-general","tag-portesobertes"],"post_mailing_queue_ids":[],"_links":{"self":[{"href":"https:\/\/agora.xtec.cat\/ceipteresaclaramunt\/wp-json\/wp\/v2\/posts\/3032","targetHints":{"allow":["GET"]}}],"collection":[{"href":"https:\/\/agora.xtec.cat\/ceipteresaclaramunt\/wp-json\/wp\/v2\/posts"}],"about":[{"href":"https:\/\/agora.xtec.cat\/ceipteresaclaramunt\/wp-json\/wp\/v2\/types\/post"}],"author":[{"embeddable":true,"href":"https:\/\/agora.xtec.cat\/ceipteresaclaramunt\/wp-json\/wp\/v2\/users\/1"}],"replies":[{"embeddable":true,"href":"https:\/\/agora.xtec.cat\/ceipteresaclaramunt\/wp-json\/wp\/v2\/comments?post=3032"}],"version-history":[{"count":6,"href":"https:\/\/agora.xtec.cat\/ceipteresaclaramunt\/wp-json\/wp\/v2\/posts\/3032\/revisions"}],"predecessor-version":[{"id":3035,"href":"https:\/\/agora.xtec.cat\/ceipteresaclaramunt\/wp-json\/wp\/v2\/posts\/3032\/revisions\/3035"}],"wp:featuredmedia":[{"embeddable":true,"href":"https:\/\/agora.xtec.cat\/ceipteresaclaramunt\/wp-json\/wp\/v2\/media\/3033"}],"wp:attachment":[{"href":"https:\/\/agora.xtec.cat\/ceipteresaclaramunt\/wp-json\/wp\/v2\/media?parent=3032"}],"wp:term":[{"taxonomy":"category","embeddable":true,"href":"https:\/\/agora.xtec.cat\/ceipteresaclaramunt\/wp-json\/wp\/v2\/categories?post=3032"},{"taxonomy":"post_tag","embeddable":true,"href":"https:\/\/agora.xtec.cat\/ceipteresaclaramunt\/wp-json\/wp\/v2\/tags?post=3032"}],"curies":[{"name":"wp","href":"https:\/\/api.w.org\/{rel}","templated":true}]}}