{"id":3014,"date":"2024-12-10T10:50:24","date_gmt":"2024-12-10T09:50:24","guid":{"rendered":"https:\/\/agora.xtec.cat\/ceipteresaclaramunt\/?p=3014"},"modified":"2024-12-10T10:53:29","modified_gmt":"2024-12-10T09:53:29","slug":"concert-de-nadal-2024-%f0%9f%8e%b6%e2%9c%a8","status":"publish","type":"post","link":"https:\/\/agora.xtec.cat\/ceipteresaclaramunt\/general\/concert-de-nadal-2024-%f0%9f%8e%b6%e2%9c%a8\/","title":{"rendered":"Concert de Nadal 2024 \ud83c\udfb6\u2728"},"content":{"rendered":"<p>Un any m\u00e9s, la nostra escola es prepara per celebrar el tradicional <strong>Concert de Nadal<\/strong>, un moment m\u00e0gic ple de m\u00fasica i emocions que compartirem amb tota la comunitat educativa.<\/p>\n<h5><strong>Vine a gaudir del Nadal amb nosaltres!<\/strong><\/h5>\n<p>\u00c9s una ocasi\u00f3 especial per gaudir del treball i la il\u00b7lusi\u00f3 del nostre alumnat, que han preparat amb molta dedicaci\u00f3 un repertori pensat per fer-vos viure l\u2019esperit nadalenc.<\/p>\n<p>Aqu\u00ed podeu trobar el <strong>programa complet del concert<\/strong> en el document adjunt.<\/p>\n<p><img loading=\"lazy\" decoding=\"async\" class=\"wp-image-3016 alignleft\" src=\"https:\/\/agora.xtec.cat\/ceipteresaclaramunt\/wp-content\/uploads\/usu2652\/2024\/12\/1-724x1024.png\" alt=\"\" width=\"465\" height=\"658\" srcset=\"https:\/\/agora.xtec.cat\/ceipteresaclaramunt\/wp-content\/uploads\/usu2652\/2024\/12\/1-724x1024.png 724w, https:\/\/agora.xtec.cat\/ceipteresaclaramunt\/wp-content\/uploads\/usu2652\/2024\/12\/1-212x300.png 212w, https:\/\/agora.xtec.cat\/ceipteresaclaramunt\/wp-content\/uploads\/usu2652\/2024\/12\/1-768x1086.png 768w, https:\/\/agora.xtec.cat\/ceipteresaclaramunt\/wp-content\/uploads\/usu2652\/2024\/12\/1-1086x1536.png 1086w, https:\/\/agora.xtec.cat\/ceipteresaclaramunt\/wp-content\/uploads\/usu2652\/2024\/12\/1.png 1414w\" sizes=\"auto, (max-width: 465px) 100vw, 465px\" \/><\/p>\n<p><img loading=\"lazy\" decoding=\"async\" class=\"wp-image-3015 alignleft\" src=\"https:\/\/agora.xtec.cat\/ceipteresaclaramunt\/wp-content\/uploads\/usu2652\/2024\/12\/2-724x1024.png\" alt=\"\" width=\"476\" height=\"673\" srcset=\"https:\/\/agora.xtec.cat\/ceipteresaclaramunt\/wp-content\/uploads\/usu2652\/2024\/12\/2-724x1024.png 724w, https:\/\/agora.xtec.cat\/ceipteresaclaramunt\/wp-content\/uploads\/usu2652\/2024\/12\/2-212x300.png 212w, https:\/\/agora.xtec.cat\/ceipteresaclaramunt\/wp-content\/uploads\/usu2652\/2024\/12\/2-768x1086.png 768w, https:\/\/agora.xtec.cat\/ceipteresaclaramunt\/wp-content\/uploads\/usu2652\/2024\/12\/2-1086x1536.png 1086w, https:\/\/agora.xtec.cat\/ceipteresaclaramunt\/wp-content\/uploads\/usu2652\/2024\/12\/2.png 1414w\" sizes=\"auto, (max-width: 476px) 100vw, 476px\" \/><\/p>\n","protected":false},"excerpt":{"rendered":"<p>Un any m\u00e9s, la nostra escola es prepara per celebrar el tradicional Concert de Nadal, un moment m\u00e0gic ple de m\u00fasica i emocions que compartirem amb tota la comunitat educativa.<br \/>\nVine a gaudir del Nadal amb nosaltres!<br \/>\n\u00c9s una ocasi\u00f3 especial per gaudir del treball i la&hellip;  <a href=\"https:\/\/agora.xtec.cat\/ceipteresaclaramunt\/general\/concert-de-nadal-2024-%f0%9f%8e%b6%e2%9c%a8\/\" title=\"Read Concert de Nadal 2024 \ud83c\udfb6\u2728\">Llegeix m\u00e9s\u00bb<\/a><\/p>\n","protected":false},"author":1,"featured_media":0,"comment_status":"open","ping_status":"closed","sticky":false,"template":"","format":"standard","meta":{"_bbp_topic_count":0,"_bbp_reply_count":0,"_bbp_total_topic_count":0,"_bbp_total_reply_count":0,"_bbp_voice_count":0,"_bbp_anonymous_reply_count":0,"_bbp_topic_count_hidden":0,"_bbp_reply_count_hidden":0,"_bbp_forum_subforum_count":0,"footnotes":""},"categories":[54,49,1],"tags":[64,22],"class_list":["post-3014","post","type-post","status-publish","format-standard","hentry","category-escola","category-festes","category-general","tag-escola","tag-festes"],"post_mailing_queue_ids":[],"_links":{"self":[{"href":"https:\/\/agora.xtec.cat\/ceipteresaclaramunt\/wp-json\/wp\/v2\/posts\/3014","targetHints":{"allow":["GET"]}}],"collection":[{"href":"https:\/\/agora.xtec.cat\/ceipteresaclaramunt\/wp-json\/wp\/v2\/posts"}],"about":[{"href":"https:\/\/agora.xtec.cat\/ceipteresaclaramunt\/wp-json\/wp\/v2\/types\/post"}],"author":[{"embeddable":true,"href":"https:\/\/agora.xtec.cat\/ceipteresaclaramunt\/wp-json\/wp\/v2\/users\/1"}],"replies":[{"embeddable":true,"href":"https:\/\/agora.xtec.cat\/ceipteresaclaramunt\/wp-json\/wp\/v2\/comments?post=3014"}],"version-history":[{"count":2,"href":"https:\/\/agora.xtec.cat\/ceipteresaclaramunt\/wp-json\/wp\/v2\/posts\/3014\/revisions"}],"predecessor-version":[{"id":3018,"href":"https:\/\/agora.xtec.cat\/ceipteresaclaramunt\/wp-json\/wp\/v2\/posts\/3014\/revisions\/3018"}],"wp:attachment":[{"href":"https:\/\/agora.xtec.cat\/ceipteresaclaramunt\/wp-json\/wp\/v2\/media?parent=3014"}],"wp:term":[{"taxonomy":"category","embeddable":true,"href":"https:\/\/agora.xtec.cat\/ceipteresaclaramunt\/wp-json\/wp\/v2\/categories?post=3014"},{"taxonomy":"post_tag","embeddable":true,"href":"https:\/\/agora.xtec.cat\/ceipteresaclaramunt\/wp-json\/wp\/v2\/tags?post=3014"}],"curies":[{"name":"wp","href":"https:\/\/api.w.org\/{rel}","templated":true}]}}