{"id":2981,"date":"2024-07-03T11:28:11","date_gmt":"2024-07-03T09:28:11","guid":{"rendered":"https:\/\/agora.xtec.cat\/ceipteresaclaramunt\/?p=2981"},"modified":"2024-07-03T11:37:19","modified_gmt":"2024-07-03T09:37:19","slug":"la-revista-del-25e-aniversari","status":"publish","type":"post","link":"https:\/\/agora.xtec.cat\/ceipteresaclaramunt\/general\/la-revista-del-25e-aniversari\/","title":{"rendered":"La revista del 25\u00e8 aniversari"},"content":{"rendered":"<p>Benvolgudes fam\u00edlies,<\/p>\n<p>Us desitgem unes bones vacances amb un regal molt especial:<strong> la revista del 25\u00e8 aniversari<\/strong>. Aquesta revista \u00e9s un gran mar de records,<strong> instants de vida<\/strong> de cadascuna de les persones que han format part de la nostra escola, l&#8217;<strong>Escola Teresa Claramunt \u2764\ufe0f<\/strong><\/p>\n<p><span style=\"font-family: inherit; font-size: 1em;\">La hist\u00f2ria d&#8217;una escola \u00e9s el cam\u00ed de totes les persones que l&#8217;han viscut, s&#8217;hi han emocionat, hi han apr\u00e8s i han crescut juntes.\u00a0<\/span>S\u00f3n <strong>25 anys<\/strong> de conviure, de compartir alegries, experi\u00e8ncies i viv\u00e8ncies de vida que han esdevingut aprenentatge, <strong>petits moments que ens han deixat petjada a petits i grans.<\/strong><\/p>\n<p>Bon estiu \u2600\ufe0f<\/p>\n<p>Equip de l&#8217;Escola Teresa Claramunt<\/p>\n<p>\u2b07\ufe0f <strong>Feu clic a la imatge per accedir a la revista digital<\/strong><\/p>\n<p><a href=\"https:\/\/heyzine.com\/flip-book\/39a1db78d4.html\"><img loading=\"lazy\" decoding=\"async\" class=\"alignleft wp-image-2983 size-full\" src=\"https:\/\/agora.xtec.cat\/ceipteresaclaramunt\/wp-content\/uploads\/usu2652\/2024\/07\/portada-revista.png\" alt=\"\" width=\"905\" height=\"639\" srcset=\"https:\/\/agora.xtec.cat\/ceipteresaclaramunt\/wp-content\/uploads\/usu2652\/2024\/07\/portada-revista.png 905w, https:\/\/agora.xtec.cat\/ceipteresaclaramunt\/wp-content\/uploads\/usu2652\/2024\/07\/portada-revista-300x212.png 300w, https:\/\/agora.xtec.cat\/ceipteresaclaramunt\/wp-content\/uploads\/usu2652\/2024\/07\/portada-revista-768x542.png 768w\" sizes=\"auto, (max-width: 905px) 100vw, 905px\" \/><\/a><\/p>\n<p>&nbsp;<\/p>\n<p>&nbsp;<\/p>\n<p>&nbsp;<\/p>\n<p>&nbsp;<\/p>\n<p>&nbsp;<\/p>\n<p>&nbsp;<\/p>\n<p>&nbsp;<\/p>\n<p>&nbsp;<\/p>\n<p>&nbsp;<\/p>\n<p>&nbsp;<\/p>\n<p>&nbsp;<\/p>\n<p>&nbsp;<\/p>\n<p>&nbsp;<\/p>\n<p>&nbsp;<\/p>\n","protected":false},"excerpt":{"rendered":"<p>Benvolgudes fam\u00edlies,<br \/>\nUs desitgem unes bones vacances amb un regal molt especial: la revista del 25\u00e8 aniversari. Aquesta revista \u00e9s un gran mar de records, instants de vida de cadascuna de les persones que han format part de la nostra escola, l&#8217;Escola Teresa Claramunt \u2764\ufe0f<br \/>\nLa hist\u00f2ria&hellip;  <a href=\"https:\/\/agora.xtec.cat\/ceipteresaclaramunt\/general\/la-revista-del-25e-aniversari\/\" title=\"Read La revista del 25\u00e8 aniversari\">Llegeix m\u00e9s\u00bb<\/a><\/p>\n","protected":false},"author":1,"featured_media":0,"comment_status":"open","ping_status":"closed","sticky":false,"template":"","format":"standard","meta":{"_bbp_topic_count":0,"_bbp_reply_count":0,"_bbp_total_topic_count":0,"_bbp_total_reply_count":0,"_bbp_voice_count":0,"_bbp_anonymous_reply_count":0,"_bbp_topic_count_hidden":0,"_bbp_reply_count_hidden":0,"_bbp_forum_subforum_count":0,"footnotes":""},"categories":[54,49,1],"tags":[],"class_list":["post-2981","post","type-post","status-publish","format-standard","hentry","category-escola","category-festes","category-general"],"post_mailing_queue_ids":[],"_links":{"self":[{"href":"https:\/\/agora.xtec.cat\/ceipteresaclaramunt\/wp-json\/wp\/v2\/posts\/2981","targetHints":{"allow":["GET"]}}],"collection":[{"href":"https:\/\/agora.xtec.cat\/ceipteresaclaramunt\/wp-json\/wp\/v2\/posts"}],"about":[{"href":"https:\/\/agora.xtec.cat\/ceipteresaclaramunt\/wp-json\/wp\/v2\/types\/post"}],"author":[{"embeddable":true,"href":"https:\/\/agora.xtec.cat\/ceipteresaclaramunt\/wp-json\/wp\/v2\/users\/1"}],"replies":[{"embeddable":true,"href":"https:\/\/agora.xtec.cat\/ceipteresaclaramunt\/wp-json\/wp\/v2\/comments?post=2981"}],"version-history":[{"count":6,"href":"https:\/\/agora.xtec.cat\/ceipteresaclaramunt\/wp-json\/wp\/v2\/posts\/2981\/revisions"}],"predecessor-version":[{"id":2988,"href":"https:\/\/agora.xtec.cat\/ceipteresaclaramunt\/wp-json\/wp\/v2\/posts\/2981\/revisions\/2988"}],"wp:attachment":[{"href":"https:\/\/agora.xtec.cat\/ceipteresaclaramunt\/wp-json\/wp\/v2\/media?parent=2981"}],"wp:term":[{"taxonomy":"category","embeddable":true,"href":"https:\/\/agora.xtec.cat\/ceipteresaclaramunt\/wp-json\/wp\/v2\/categories?post=2981"},{"taxonomy":"post_tag","embeddable":true,"href":"https:\/\/agora.xtec.cat\/ceipteresaclaramunt\/wp-json\/wp\/v2\/tags?post=2981"}],"curies":[{"name":"wp","href":"https:\/\/api.w.org\/{rel}","templated":true}]}}