{"id":2931,"date":"2024-05-28T11:37:26","date_gmt":"2024-05-28T09:37:26","guid":{"rendered":"https:\/\/agora.xtec.cat\/ceipteresaclaramunt\/?p=2931"},"modified":"2024-06-11T14:11:45","modified_gmt":"2024-06-11T12:11:45","slug":"matriculacio-curs-24-25","status":"publish","type":"post","link":"https:\/\/agora.xtec.cat\/ceipteresaclaramunt\/general\/matriculacio-curs-24-25\/","title":{"rendered":"Matriculaci\u00f3 curs 24-25"},"content":{"rendered":"<p>Benvolgudes fam\u00edlies,<\/p>\n<p>A continuaci\u00f3 podreu veure els <strong>documents relacionats amb la matr\u00edcula i l&#8217;inici de curs<\/strong> dels infants d&#8217;I3.<b> <\/b>Aquest article s&#8217;anir\u00e0 actualitzant a mesura que avanci el proc\u00e9s.<\/p>\n<p>\u2705 <a href=\"https:\/\/agora.xtec.cat\/ceipteresaclaramunt\/wp-content\/uploads\/usu2652\/2024\/05\/INFORME_OFERTA_OME_INFORME_OFERTA-1.pdf\">Publicaci\u00f3 de l\u2019oferta final<\/a><\/p>\n<p>\u2705 <a href=\"https:\/\/agora.xtec.cat\/ceipteresaclaramunt\/wp-content\/uploads\/usu2652\/2024\/05\/INFORME_ASSIGNADES_INFORME_ASSIGNADES.pdf\">Llistat d&#8217;alumnes assignats al centre<\/a><\/p>\n<p>\u2705 <a href=\"https:\/\/agora.xtec.cat\/ceipteresaclaramunt\/wp-content\/uploads\/usu2652\/2024\/05\/INFORME_LLISTA_ESPERA_OME_LLISTA_ESPERA.pdf\">Llista d&#8217;espera del\u00a0 centre<\/a><\/p>\n<p>\u2705 <a href=\"https:\/\/agora.xtec.cat\/ceipteresaclaramunt\/wp-content\/uploads\/usu2652\/2024\/05\/INFORME_PREINSCRITES_OME_INFORME_PREINSCRITES_OME.pdf\">Llista d&#8217;alumnes preinscrits al centre<\/a><\/p>\n<p><a href=\"https:\/\/agora.xtec.cat\/ceipteresaclaramunt\/wp-content\/uploads\/usu2652\/2024\/05\/retol-reclamacions.pdf\">\u2705 Formulari de reclamaci\u00f3 contra la pla\u00e7a assignada<\/a><\/p>\n<p>\u2705 <a href=\"https:\/\/agora.xtec.cat\/ceipteresaclaramunt\/wp-content\/uploads\/usu2652\/2024\/05\/COM-HE-DE-FER-LA-MATRICULACIO_2024-25.docx.pdf\">Com he de fer la matriculaci\u00f3<\/a> (a partir del <strong>10 de juny<\/strong>). Trucar al centre -937263188- de 9:00 a 14:00h per poder fer la matriculaci\u00f3.<\/p>\n<p>\u2705 <a href=\"https:\/\/agora.xtec.cat\/ceipteresaclaramunt\/wp-content\/uploads\/usu2652\/2024\/05\/ACTE-BENVINGUDA-I-3-.docx.pdf\">Acte de benvinguda<\/a> (<strong>19 de juny<\/strong> de 10:00 a 11:00h) i reuni\u00f3 inicial de fam\u00edlies (<strong>20 de juny<\/strong> a les 18h)<\/p>\n<p>\u2705 <a href=\"https:\/\/agora.xtec.cat\/ceipteresaclaramunt\/wp-content\/uploads\/usu2652\/2024\/05\/Informacions-I-3-24-25.pdf\">Informacions d&#8217;I3 per al curs 24-25<\/a><\/p>\n","protected":false},"excerpt":{"rendered":"<p>Benvolgudes fam\u00edlies,<br \/>\nA continuaci\u00f3 podreu veure els documents relacionats amb la matr\u00edcula i l&#8217;inici de curs dels infants d&#8217;I3. Aquest article s&#8217;anir\u00e0 actualitzant a mesura que avanci el proc\u00e9s.<br \/>\n\u2705 <a href=\"https:\/\/agora.xtec.cat\/ceipteresaclaramunt\/wp-content\/uploads\/usu2652\/2024\/05\/INFORME_OFERTA_OME_INFORME_OFERTA-1.pdf\">Publicaci\u00f3 de l\u2019oferta final<\/a><br \/>\n\u2705 <a href=\"https:\/\/agora.xtec.cat\/ceipteresaclaramunt\/wp-content\/uploads\/usu2652\/2024\/05\/INFORME_ASSIGNADES_INFORME_ASSIGNADES.pdf\">Llistat d&#8217;alumnes assignats al centre<\/a><br \/>\n\u2705 <a href=\"https:\/\/agora.xtec.cat\/ceipteresaclaramunt\/wp-content\/uploads\/usu2652\/2024\/05\/INFORME_LLISTA_ESPERA_OME_LLISTA_ESPERA.pdf\">Llista d&#8217;espera del\u00a0 centre<\/a><br \/>\n\u2705 <a&hellip;  <a href=\"https:\/\/agora.xtec.cat\/ceipteresaclaramunt\/general\/matriculacio-curs-24-25\/\" title=\"Read Matriculaci\u00f3 curs 24-25\">Llegeix m\u00e9s\u00bb<\/a><\/p>\n","protected":false},"author":1,"featured_media":0,"comment_status":"open","ping_status":"closed","sticky":false,"template":"","format":"standard","meta":{"_bbp_topic_count":0,"_bbp_reply_count":0,"_bbp_total_topic_count":0,"_bbp_total_reply_count":0,"_bbp_voice_count":0,"_bbp_anonymous_reply_count":0,"_bbp_topic_count_hidden":0,"_bbp_reply_count_hidden":0,"_bbp_forum_subforum_count":0,"footnotes":""},"categories":[55,54,1,57],"tags":[],"class_list":["post-2931","post","type-post","status-publish","format-standard","hentry","category-comunicats","category-escola","category-general","category-preinscripcio-i-matricula"],"post_mailing_queue_ids":[],"_links":{"self":[{"href":"https:\/\/agora.xtec.cat\/ceipteresaclaramunt\/wp-json\/wp\/v2\/posts\/2931","targetHints":{"allow":["GET"]}}],"collection":[{"href":"https:\/\/agora.xtec.cat\/ceipteresaclaramunt\/wp-json\/wp\/v2\/posts"}],"about":[{"href":"https:\/\/agora.xtec.cat\/ceipteresaclaramunt\/wp-json\/wp\/v2\/types\/post"}],"author":[{"embeddable":true,"href":"https:\/\/agora.xtec.cat\/ceipteresaclaramunt\/wp-json\/wp\/v2\/users\/1"}],"replies":[{"embeddable":true,"href":"https:\/\/agora.xtec.cat\/ceipteresaclaramunt\/wp-json\/wp\/v2\/comments?post=2931"}],"version-history":[{"count":6,"href":"https:\/\/agora.xtec.cat\/ceipteresaclaramunt\/wp-json\/wp\/v2\/posts\/2931\/revisions"}],"predecessor-version":[{"id":2958,"href":"https:\/\/agora.xtec.cat\/ceipteresaclaramunt\/wp-json\/wp\/v2\/posts\/2931\/revisions\/2958"}],"wp:attachment":[{"href":"https:\/\/agora.xtec.cat\/ceipteresaclaramunt\/wp-json\/wp\/v2\/media?parent=2931"}],"wp:term":[{"taxonomy":"category","embeddable":true,"href":"https:\/\/agora.xtec.cat\/ceipteresaclaramunt\/wp-json\/wp\/v2\/categories?post=2931"},{"taxonomy":"post_tag","embeddable":true,"href":"https:\/\/agora.xtec.cat\/ceipteresaclaramunt\/wp-json\/wp\/v2\/tags?post=2931"}],"curies":[{"name":"wp","href":"https:\/\/api.w.org\/{rel}","templated":true}]}}