{"id":2925,"date":"2024-05-13T16:14:49","date_gmt":"2024-05-13T14:14:49","guid":{"rendered":"https:\/\/agora.xtec.cat\/ceipteresaclaramunt\/?p=2925"},"modified":"2024-05-13T16:16:48","modified_gmt":"2024-05-13T14:16:48","slug":"estrategies-per-afavorir-el-llenguatge-oral","status":"publish","type":"post","link":"https:\/\/agora.xtec.cat\/ceipteresaclaramunt\/general\/estrategies-per-afavorir-el-llenguatge-oral\/","title":{"rendered":"Estrat\u00e8gies per afavorir el llenguatge oral"},"content":{"rendered":"<p>Benvolgudes fam\u00edlies,<\/p>\n<p>Us adjuntem informaci\u00f3 interessant, de la Generalitat de Catalunya, sobre com afavorir<strong> el llenguatge i la comunicaci\u00f3 oral dels infants i els signes d&#8217;alerta.<\/strong> Podeu descarregar-la fent clic <a href=\"https:\/\/agora.xtec.cat\/ceipteresaclaramunt\/wp-content\/uploads\/usu2652\/2024\/05\/INFOGRAFIA_Comunicacio-Oral-Estrategies-Signes-Alerta-pdf-020524.pdf\">aqu\u00ed<\/a>. En aquest sentit, resulta essencial mantenir una atenci\u00f3 compartida per afavorir moments comunicatius, donar temps i espai perqu\u00e8 s&#8217;expressi i mostrar inter\u00e8s pel que diu.<\/p>\n<p><a href=\"https:\/\/agora.xtec.cat\/ceipteresaclaramunt\/wp-content\/uploads\/usu2652\/2024\/05\/INFOGRAFIA_Comunicacio-Oral-Estrategies-Signes-Alerta-pdf-020524.pdf\"><img loading=\"lazy\" decoding=\"async\" class=\"alignright size-large wp-image-2927\" src=\"https:\/\/agora.xtec.cat\/ceipteresaclaramunt\/wp-content\/uploads\/usu2652\/2024\/05\/estrategies-comunicacio-oral-teresa-calaramunt-1024x476.png\" alt=\"\" width=\"1024\" height=\"476\" srcset=\"https:\/\/agora.xtec.cat\/ceipteresaclaramunt\/wp-content\/uploads\/usu2652\/2024\/05\/estrategies-comunicacio-oral-teresa-calaramunt-1024x476.png 1024w, https:\/\/agora.xtec.cat\/ceipteresaclaramunt\/wp-content\/uploads\/usu2652\/2024\/05\/estrategies-comunicacio-oral-teresa-calaramunt-300x139.png 300w, https:\/\/agora.xtec.cat\/ceipteresaclaramunt\/wp-content\/uploads\/usu2652\/2024\/05\/estrategies-comunicacio-oral-teresa-calaramunt-768x357.png 768w, https:\/\/agora.xtec.cat\/ceipteresaclaramunt\/wp-content\/uploads\/usu2652\/2024\/05\/estrategies-comunicacio-oral-teresa-calaramunt.png 1152w\" sizes=\"auto, (max-width: 1024px) 100vw, 1024px\" \/><\/a><\/p>\n<p>&nbsp;<\/p>\n<blockquote><p>Per comunicar-nos de manera efectiva hem de ser conscients que tots som diferents en la forma en qu\u00e8 percebem el m\u00f3n i hem d\u2019usar aquest coneixement com una guia per la comunicaci\u00f3 amb l\u2019entorn.<\/p>\n<p><cite>Anthony\u00a0Robbins<\/cite><\/p><\/blockquote>\n","protected":false},"excerpt":{"rendered":"<p>Benvolgudes fam\u00edlies,<br \/>\nUs adjuntem informaci\u00f3 interessant, de la Generalitat de Catalunya, sobre com afavorir el llenguatge i la comunicaci\u00f3 oral dels infants i els signes d&#8217;alerta. Podeu descarregar-la fent clic <a href=\"https:\/\/agora.xtec.cat\/ceipteresaclaramunt\/wp-content\/uploads\/usu2652\/2024\/05\/INFOGRAFIA_Comunicacio-Oral-Estrategies-Signes-Alerta-pdf-020524.pdf\">aqu\u00ed<\/a>. En aquest sentit, resulta essencial mantenir una atenci\u00f3 compartida per afavorir moments comunicatius, donar&hellip;  <a href=\"https:\/\/agora.xtec.cat\/ceipteresaclaramunt\/general\/estrategies-per-afavorir-el-llenguatge-oral\/\" title=\"Read Estrat\u00e8gies per afavorir el llenguatge oral\">Llegeix m\u00e9s\u00bb<\/a><\/p>\n","protected":false},"author":1,"featured_media":0,"comment_status":"open","ping_status":"closed","sticky":false,"template":"","format":"standard","meta":{"_bbp_topic_count":0,"_bbp_reply_count":0,"_bbp_total_topic_count":0,"_bbp_total_reply_count":0,"_bbp_voice_count":0,"_bbp_anonymous_reply_count":0,"_bbp_topic_count_hidden":0,"_bbp_reply_count_hidden":0,"_bbp_forum_subforum_count":0,"footnotes":""},"categories":[1],"tags":[],"class_list":["post-2925","post","type-post","status-publish","format-standard","hentry","category-general"],"post_mailing_queue_ids":[],"_links":{"self":[{"href":"https:\/\/agora.xtec.cat\/ceipteresaclaramunt\/wp-json\/wp\/v2\/posts\/2925","targetHints":{"allow":["GET"]}}],"collection":[{"href":"https:\/\/agora.xtec.cat\/ceipteresaclaramunt\/wp-json\/wp\/v2\/posts"}],"about":[{"href":"https:\/\/agora.xtec.cat\/ceipteresaclaramunt\/wp-json\/wp\/v2\/types\/post"}],"author":[{"embeddable":true,"href":"https:\/\/agora.xtec.cat\/ceipteresaclaramunt\/wp-json\/wp\/v2\/users\/1"}],"replies":[{"embeddable":true,"href":"https:\/\/agora.xtec.cat\/ceipteresaclaramunt\/wp-json\/wp\/v2\/comments?post=2925"}],"version-history":[{"count":3,"href":"https:\/\/agora.xtec.cat\/ceipteresaclaramunt\/wp-json\/wp\/v2\/posts\/2925\/revisions"}],"predecessor-version":[{"id":2930,"href":"https:\/\/agora.xtec.cat\/ceipteresaclaramunt\/wp-json\/wp\/v2\/posts\/2925\/revisions\/2930"}],"wp:attachment":[{"href":"https:\/\/agora.xtec.cat\/ceipteresaclaramunt\/wp-json\/wp\/v2\/media?parent=2925"}],"wp:term":[{"taxonomy":"category","embeddable":true,"href":"https:\/\/agora.xtec.cat\/ceipteresaclaramunt\/wp-json\/wp\/v2\/categories?post=2925"},{"taxonomy":"post_tag","embeddable":true,"href":"https:\/\/agora.xtec.cat\/ceipteresaclaramunt\/wp-json\/wp\/v2\/tags?post=2925"}],"curies":[{"name":"wp","href":"https:\/\/api.w.org\/{rel}","templated":true}]}}