{"id":2887,"date":"2024-04-04T13:15:30","date_gmt":"2024-04-04T11:15:30","guid":{"rendered":"https:\/\/agora.xtec.cat\/ceipteresaclaramunt\/?p=2887"},"modified":"2024-04-04T13:18:17","modified_gmt":"2024-04-04T11:18:17","slug":"diptic-celebracio-25e-aniversari-de-la-nostra-escola","status":"publish","type":"post","link":"https:\/\/agora.xtec.cat\/ceipteresaclaramunt\/general\/diptic-celebracio-25e-aniversari-de-la-nostra-escola\/","title":{"rendered":"D\u00edptic &#8211; Celebraci\u00f3 25\u00e8 aniversari de la nostra escola"},"content":{"rendered":"<p>Benvogudes fam\u00edlies,<\/p>\n<p>Us adjuntem el <strong>d\u00edptic<\/strong> amb tota la informaci\u00f3 sobre la <strong>celebraci\u00f3 del 25\u00e8 aniversari de l&#8217;escola<\/strong>. Podeu descarregar-lo <a href=\"https:\/\/agora.xtec.cat\/ceipteresaclaramunt\/wp-content\/uploads\/usu2652\/2024\/04\/Celebracio-25e-aniversari_diptic.pdf\">aqu\u00ed.<\/a><\/p>\n<p>Ens veiem molt aviat!<\/p>\n","protected":false},"excerpt":{"rendered":"<p>Benvogudes fam\u00edlies,<br \/>\nUs adjuntem el d\u00edptic amb tota la informaci\u00f3 sobre la celebraci\u00f3 del 25\u00e8 aniversari de l&#8217;escola. Podeu descarregar-lo <a href=\"https:\/\/agora.xtec.cat\/ceipteresaclaramunt\/wp-content\/uploads\/usu2652\/2024\/04\/Celebracio-25e-aniversari_diptic.pdf\">aqu\u00ed.<\/a><br \/>\nEns veiem molt aviat!<\/p>\n","protected":false},"author":1,"featured_media":0,"comment_status":"open","ping_status":"closed","sticky":false,"template":"","format":"standard","meta":{"_bbp_topic_count":0,"_bbp_reply_count":0,"_bbp_total_topic_count":0,"_bbp_total_reply_count":0,"_bbp_voice_count":0,"_bbp_anonymous_reply_count":0,"_bbp_topic_count_hidden":0,"_bbp_reply_count_hidden":0,"_bbp_forum_subforum_count":0,"footnotes":""},"categories":[54,49,1],"tags":[],"class_list":["post-2887","post","type-post","status-publish","format-standard","hentry","category-escola","category-festes","category-general"],"post_mailing_queue_ids":[],"_links":{"self":[{"href":"https:\/\/agora.xtec.cat\/ceipteresaclaramunt\/wp-json\/wp\/v2\/posts\/2887","targetHints":{"allow":["GET"]}}],"collection":[{"href":"https:\/\/agora.xtec.cat\/ceipteresaclaramunt\/wp-json\/wp\/v2\/posts"}],"about":[{"href":"https:\/\/agora.xtec.cat\/ceipteresaclaramunt\/wp-json\/wp\/v2\/types\/post"}],"author":[{"embeddable":true,"href":"https:\/\/agora.xtec.cat\/ceipteresaclaramunt\/wp-json\/wp\/v2\/users\/1"}],"replies":[{"embeddable":true,"href":"https:\/\/agora.xtec.cat\/ceipteresaclaramunt\/wp-json\/wp\/v2\/comments?post=2887"}],"version-history":[{"count":3,"href":"https:\/\/agora.xtec.cat\/ceipteresaclaramunt\/wp-json\/wp\/v2\/posts\/2887\/revisions"}],"predecessor-version":[{"id":2891,"href":"https:\/\/agora.xtec.cat\/ceipteresaclaramunt\/wp-json\/wp\/v2\/posts\/2887\/revisions\/2891"}],"wp:attachment":[{"href":"https:\/\/agora.xtec.cat\/ceipteresaclaramunt\/wp-json\/wp\/v2\/media?parent=2887"}],"wp:term":[{"taxonomy":"category","embeddable":true,"href":"https:\/\/agora.xtec.cat\/ceipteresaclaramunt\/wp-json\/wp\/v2\/categories?post=2887"},{"taxonomy":"post_tag","embeddable":true,"href":"https:\/\/agora.xtec.cat\/ceipteresaclaramunt\/wp-json\/wp\/v2\/tags?post=2887"}],"curies":[{"name":"wp","href":"https:\/\/api.w.org\/{rel}","templated":true}]}}