{"id":2869,"date":"2024-03-05T14:53:30","date_gmt":"2024-03-05T13:53:30","guid":{"rendered":"https:\/\/agora.xtec.cat\/ceipteresaclaramunt\/?p=2869"},"modified":"2024-03-05T14:58:15","modified_gmt":"2024-03-05T13:58:15","slug":"preinscripcio-24-25-2","status":"publish","type":"post","link":"https:\/\/agora.xtec.cat\/ceipteresaclaramunt\/general\/preinscripcio-24-25-2\/","title":{"rendered":"PREINSCRIPCI\u00d3 24-25"},"content":{"rendered":"<p>Benvolgudes fam\u00edlies,<\/p>\n<p>El <strong>dimecres 6 de mar\u00e7<\/strong>, comen\u00e7a el per\u00edode d&#8217;inscripci\u00f3. CONSULTA<a href=\"https:\/\/agora.xtec.cat\/ceipteresaclaramunt\/wp-content\/uploads\/usu2652\/2024\/03\/INFORME_OFERTA_OME_INFORME_OFERTA.pdf\">\u00a0AQU\u00cd<\/a>\u00a0L\u2019OFERTA INICIAL DE PLACES<\/p>\n<ul>\n<li>Per a fer la sol\u00b7licitud\u00a0 per a <strong>l&#8217;educaci\u00f3 infantil<\/strong> podeu anar a aquest enlla\u00e7: <a style=\"font-family: inherit; font-size: 1em;\" href=\"https:\/\/preinscripcio.gencat.cat\/ca\/estudis\/infantil-3-6\/inici\/index.html\" target=\"_blank\" rel=\"noopener\" data-saferedirecturl=\"https:\/\/www.google.com\/url?q=https:\/\/preinscripcio.gencat.cat\/ca\/estudis\/infantil-3-6\/inici\/index.html&amp;source=gmail&amp;ust=1709732007386000&amp;usg=AOvVaw1I87nTZ477y8liRgNOlxyS\">https:\/\/preinscripcio.gencat.<wbr \/>cat\/ca\/estudis\/infantil-3-6\/<wbr \/>inici\/index.html<\/a><\/li>\n<\/ul>\n<div>\n<ul>\n<li>Per a <strong>altres nivells educatius<\/strong> podeu anar a aquest enlla\u00e7: <a style=\"font-family: inherit; font-size: 1em;\" href=\"https:\/\/preinscripcio.gencat.cat\/ca\/inici\/\" target=\"_blank\" rel=\"noopener\" data-saferedirecturl=\"https:\/\/www.google.com\/url?q=https:\/\/preinscripcio.gencat.cat\/ca\/inici\/&amp;source=gmail&amp;ust=1709732007386000&amp;usg=AOvVaw0_O6z_-ADKP4FfGPo_qsxD\">https:\/\/preinscripcio.gencat.<wbr \/>cat\/ca\/inici\/<\/a><\/li>\n<\/ul>\n<p>\u261d\ufe0f Podeu consultar la resoluci\u00f3 amb tota la informaci\u00f3: <a style=\"font-family: inherit; font-size: 1em;\" href=\"https:\/\/dogc.gencat.cat\/ca\/document-del-dogc\/?documentId=979404\" target=\"_blank\" rel=\"noopener\" data-saferedirecturl=\"https:\/\/www.google.com\/url?q=https:\/\/dogc.gencat.cat\/ca\/document-del-dogc\/?documentId%3D979404&amp;source=gmail&amp;ust=1709732007386000&amp;usg=AOvVaw1fxiuUj9IrNKMIv2Srp0G6\">https:\/\/dogc.gencat.cat\/ca\/<wbr \/>document-del-dogc\/?documentId=<wbr \/>979404<\/a><\/p>\n<p>Moltes gr\u00e0cies.<\/p>\n<\/div>\n","protected":false},"excerpt":{"rendered":"<p>Benvolgudes fam\u00edlies,<br \/>\nEl dimecres 6 de mar\u00e7, comen\u00e7a el per\u00edode d&#8217;inscripci\u00f3. CONSULTA<a href=\"https:\/\/agora.xtec.cat\/ceipteresaclaramunt\/wp-content\/uploads\/usu2652\/2024\/03\/INFORME_OFERTA_OME_INFORME_OFERTA.pdf\">\u00a0AQU\u00cd<\/a>\u00a0L\u2019OFERTA INICIAL DE PLACES<\/p>\n<ul>\n<li>Per a fer la sol\u00b7licitud\u00a0 per a l&#8217;educaci\u00f3 infantil podeu anar a aquest enlla\u00e7: <a style=\"font-family: inherit; font-size: 1em;\" href=\"https:\/\/preinscripcio.gencat.cat\/ca\/estudis\/infantil-3-6\/inici\/index.html\" target=\"_blank\" rel=\"noopener\" data-saferedirecturl=\"https:\/\/www.google.com\/url?q=https:\/\/preinscripcio.gencat.cat\/ca\/estudis\/infantil-3-6\/inici\/index.html&amp;source=gmail&amp;ust=1709732007386000&amp;usg=AOvVaw1I87nTZ477y8liRgNOlxyS\">https:\/\/preinscripcio.gencat.cat\/ca\/estudis\/infantil-3-6\/inici\/index.html<\/a><\/li>\n<\/ul>\n<ul>\n<li>Per a altres nivells educatius podeu anar a aquest&hellip;  <a href=\"https:\/\/agora.xtec.cat\/ceipteresaclaramunt\/general\/preinscripcio-24-25-2\/\" title=\"Read PREINSCRIPCI\u00d3 24-25\">Llegeix m\u00e9s\u00bb<\/a><br \/>\n","protected":false},"author":1,"featured_media":0,"comment_status":"open","ping_status":"closed","sticky":false,"template":"","format":"standard","meta":{"_bbp_topic_count":0,"_bbp_reply_count":0,"_bbp_total_topic_count":0,"_bbp_total_reply_count":0,"_bbp_voice_count":0,"_bbp_anonymous_reply_count":0,"_bbp_topic_count_hidden":0,"_bbp_reply_count_hidden":0,"_bbp_forum_subforum_count":0,"footnotes":""},"categories":[54,1,57],"tags":[],"class_list":["post-2869","post","type-post","status-publish","format-standard","hentry","category-escola","category-general","category-preinscripcio-i-matricula"],"post_mailing_queue_ids":[],"_links":{"self":[{"href":"https:\/\/agora.xtec.cat\/ceipteresaclaramunt\/wp-json\/wp\/v2\/posts\/2869","targetHints":{"allow":["GET"]}}],"collection":[{"href":"https:\/\/agora.xtec.cat\/ceipteresaclaramunt\/wp-json\/wp\/v2\/posts"}],"about":[{"href":"https:\/\/agora.xtec.cat\/ceipteresaclaramunt\/wp-json\/wp\/v2\/types\/post"}],"author":[{"embeddable":true,"href":"https:\/\/agora.xtec.cat\/ceipteresaclaramunt\/wp-json\/wp\/v2\/users\/1"}],"replies":[{"embeddable":true,"href":"https:\/\/agora.xtec.cat\/ceipteresaclaramunt\/wp-json\/wp\/v2\/comments?post=2869"}],"version-history":[{"count":3,"href":"https:\/\/agora.xtec.cat\/ceipteresaclaramunt\/wp-json\/wp\/v2\/posts\/2869\/revisions"}],"predecessor-version":[{"id":2875,"href":"https:\/\/agora.xtec.cat\/ceipteresaclaramunt\/wp-json\/wp\/v2\/posts\/2869\/revisions\/2875"}],"wp:attachment":[{"href":"https:\/\/agora.xtec.cat\/ceipteresaclaramunt\/wp-json\/wp\/v2\/media?parent=2869"}],"wp:term":[{"taxonomy":"category","embeddable":true,"href":"https:\/\/agora.xtec.cat\/ceipteresaclaramunt\/wp-json\/wp\/v2\/categories?post=2869"},{"taxonomy":"post_tag","embeddable":true,"href":"https:\/\/agora.xtec.cat\/ceipteresaclaramunt\/wp-json\/wp\/v2\/tags?post=2869"}],"curies":[{"name":"wp","href":"https:\/\/api.w.org\/{rel}","templated":true}]}}