{"id":2850,"date":"2024-02-26T12:21:51","date_gmt":"2024-02-26T11:21:51","guid":{"rendered":"https:\/\/agora.xtec.cat\/ceipteresaclaramunt\/?p=2850"},"modified":"2024-03-11T11:55:47","modified_gmt":"2024-03-11T10:55:47","slug":"cursa-del-25e-aniversari","status":"publish","type":"post","link":"https:\/\/agora.xtec.cat\/ceipteresaclaramunt\/general\/cursa-del-25e-aniversari\/","title":{"rendered":"Cursa del 25\u00e8 aniversari"},"content":{"rendered":"<p>Benvolgudes fam\u00edlies,<\/p>\n<p>Un any m\u00e9s, i molt especialment aquest curs, coincidint amb el <strong>25\u00e8 aniversari de l&#8217;escola<\/strong>, hem dut a terme la <strong>Cursa de l&#8217;Escola<\/strong> on alumnes, exalumnes, fam\u00edlies i mestres van poder gaudir d&#8217;una activitat matinal conjunta molt bonica.<\/p>\n<p>Us deixem fent clic <a href=\"https:\/\/photos.app.goo.gl\/QtDGR82Ya4qcwvzY8\">aqu\u00ed<\/a> les <strong>fotografies<\/strong> de la Cursa de l&#8217;escola realitzades pel Sergio Hern\u00e1ndez.<\/p>\n<p>Agra\u00efments:<\/p>\n<ul>\n<li>A l&#8217;Anabel Conde, mestre d&#8217;EF de l&#8217;escola per la seva implicaci\u00f3 i voluntat.<\/li>\n<li>Als voluntaris\/es per la organitzaci\u00f3 de l&#8217;esdeveniment (AFA) i al Marc (equip de so, speaker, m\u00fasica).<\/li>\n<li>A l&#8217;Ajuntament de Sabadell.<\/li>\n<li>A la comissi\u00f3 de mestres que han proposat crear el cartell a partir dels dibuixos dels alumnes i la cursa boja, gr\u00e0cies pel vostre suport.<\/li>\n<li>A la fruiteria Rosario per col\u00b7laborar any rere any en la cursa de l&#8217;escola oferint fruita de manera gratu\u00efta.<\/li>\n<li>A la Policia Municipal per la seva col\u00b7laboraci\u00f3, especialment aquest any, i per la seva pres\u00e8ncia durant la cursa. Ens han facilitat disposar de tota la illa de carrers lliure de cotxes, que no havia passat mai! I ens han posat tanques en tota la illa de carrers de la cursa. Moltes gr\u00e0cies!<\/li>\n<li>Al Sergio Hern\u00e1ndez per la realitzaci\u00f3 de les fotografies de la Cursa i la seva disposici\u00f3.<\/li>\n<li>Als alumnes, fam\u00edlies i mestres.<\/li>\n<\/ul>\n<p><img loading=\"lazy\" decoding=\"async\" class=\"alignleft wp-image-2851 size-large\" src=\"https:\/\/agora.xtec.cat\/ceipteresaclaramunt\/wp-content\/uploads\/usu2652\/2024\/02\/DSC_0003-1024x681.jpg\" alt=\"\" width=\"1024\" height=\"681\" srcset=\"https:\/\/agora.xtec.cat\/ceipteresaclaramunt\/wp-content\/uploads\/usu2652\/2024\/02\/DSC_0003-1024x681.jpg 1024w, https:\/\/agora.xtec.cat\/ceipteresaclaramunt\/wp-content\/uploads\/usu2652\/2024\/02\/DSC_0003-300x199.jpg 300w, https:\/\/agora.xtec.cat\/ceipteresaclaramunt\/wp-content\/uploads\/usu2652\/2024\/02\/DSC_0003-768x511.jpg 768w, https:\/\/agora.xtec.cat\/ceipteresaclaramunt\/wp-content\/uploads\/usu2652\/2024\/02\/DSC_0003-1536x1021.jpg 1536w, https:\/\/agora.xtec.cat\/ceipteresaclaramunt\/wp-content\/uploads\/usu2652\/2024\/02\/DSC_0003-2048x1362.jpg 2048w\" sizes=\"auto, (max-width: 1024px) 100vw, 1024px\" \/><\/p>\n","protected":false},"excerpt":{"rendered":"<p>Un any m\u00e9s, i molt especialment aquest curs, coincidint amb el 25\u00e8 aniversari de l&#8217;escola, hem dut a terme la Cursa de l&#8217;Escola on alumnes, exalumnes, fam\u00edlies i mestres van poder gaudir d&#8217;una activitat matinal conjunta molt bonica.&hellip;  <a href=\"https:\/\/agora.xtec.cat\/ceipteresaclaramunt\/general\/cursa-del-25e-aniversari\/\" title=\"Read Cursa del 25\u00e8 aniversari\">Llegeix m\u00e9s\u00bb<\/a><\/p>\n","protected":false},"author":1,"featured_media":0,"comment_status":"open","ping_status":"closed","sticky":false,"template":"","format":"standard","meta":{"_bbp_topic_count":0,"_bbp_reply_count":0,"_bbp_total_topic_count":0,"_bbp_total_reply_count":0,"_bbp_voice_count":0,"_bbp_anonymous_reply_count":0,"_bbp_topic_count_hidden":0,"_bbp_reply_count_hidden":0,"_bbp_forum_subforum_count":0,"footnotes":""},"categories":[1],"tags":[],"class_list":["post-2850","post","type-post","status-publish","format-standard","hentry","category-general"],"post_mailing_queue_ids":[],"_links":{"self":[{"href":"https:\/\/agora.xtec.cat\/ceipteresaclaramunt\/wp-json\/wp\/v2\/posts\/2850","targetHints":{"allow":["GET"]}}],"collection":[{"href":"https:\/\/agora.xtec.cat\/ceipteresaclaramunt\/wp-json\/wp\/v2\/posts"}],"about":[{"href":"https:\/\/agora.xtec.cat\/ceipteresaclaramunt\/wp-json\/wp\/v2\/types\/post"}],"author":[{"embeddable":true,"href":"https:\/\/agora.xtec.cat\/ceipteresaclaramunt\/wp-json\/wp\/v2\/users\/1"}],"replies":[{"embeddable":true,"href":"https:\/\/agora.xtec.cat\/ceipteresaclaramunt\/wp-json\/wp\/v2\/comments?post=2850"}],"version-history":[{"count":6,"href":"https:\/\/agora.xtec.cat\/ceipteresaclaramunt\/wp-json\/wp\/v2\/posts\/2850\/revisions"}],"predecessor-version":[{"id":2880,"href":"https:\/\/agora.xtec.cat\/ceipteresaclaramunt\/wp-json\/wp\/v2\/posts\/2850\/revisions\/2880"}],"wp:attachment":[{"href":"https:\/\/agora.xtec.cat\/ceipteresaclaramunt\/wp-json\/wp\/v2\/media?parent=2850"}],"wp:term":[{"taxonomy":"category","embeddable":true,"href":"https:\/\/agora.xtec.cat\/ceipteresaclaramunt\/wp-json\/wp\/v2\/categories?post=2850"},{"taxonomy":"post_tag","embeddable":true,"href":"https:\/\/agora.xtec.cat\/ceipteresaclaramunt\/wp-json\/wp\/v2\/tags?post=2850"}],"curies":[{"name":"wp","href":"https:\/\/api.w.org\/{rel}","templated":true}]}}