{"id":2785,"date":"2024-01-25T13:09:26","date_gmt":"2024-01-25T12:09:26","guid":{"rendered":"https:\/\/agora.xtec.cat\/ceipteresaclaramunt\/?p=2785"},"modified":"2024-01-25T13:31:21","modified_gmt":"2024-01-25T12:31:21","slug":"vine-a-celebrar-el-25e-aniversari","status":"publish","type":"post","link":"https:\/\/agora.xtec.cat\/ceipteresaclaramunt\/general\/vine-a-celebrar-el-25e-aniversari\/","title":{"rendered":"Vine a celebrar el 25\u00e8 aniversari!"},"content":{"rendered":"<p>Benvolgudes fam\u00edlies,<\/p>\n<p>Aquest curs celebrem el <strong>25\u00e8 aniversari<\/strong> de la nostra escola \ud83c\udf89\ud83c\udf89<\/p>\n<p>Hem fet diferents activitats fins ara i encara ens en queden per fer! <strong>La setmana del 8 d&#8217;abril<\/strong> farem la setmana tem\u00e0tica de la celebraci\u00f3 i el <strong>dissabte 13 d&#8217;abril<\/strong> la FESTA GROSSA. Una trobada per tota la comunitat educativa on podrem veure exposicions dels aprenentatges, fotografies i v\u00eddeos, activitats fetes pels infants, propostes l\u00fadiques i a m\u00e9s a m\u00e9s&#8230; un bon dinar!<\/p>\n<p>\u261d\ufe0f No deixeu de seguir-nos a la nostra p\u00e0gina web i al nostre <a href=\"https:\/\/www.instagram.com\/escola_teresa_claramunt\/\">perfil d&#8217;Instagram<\/a> per tenir tota la informaci\u00f3! Visca la nostra escola, <strong>visca l&#8217;Escola Teresa Claramunt!<\/strong><\/p>\n<p>Us hi esperem!<\/p>\n<p><img loading=\"lazy\" decoding=\"async\" class=\"alignleft wp-image-2786 size-large\" src=\"https:\/\/agora.xtec.cat\/ceipteresaclaramunt\/wp-content\/uploads\/usu2652\/2024\/01\/unnamed-724x1024.jpg\" alt=\"Cartell 25\u00e8 aniversari de l'escola Teresa Claramunt\" width=\"724\" height=\"1024\" srcset=\"https:\/\/agora.xtec.cat\/ceipteresaclaramunt\/wp-content\/uploads\/usu2652\/2024\/01\/unnamed-724x1024.jpg 724w, https:\/\/agora.xtec.cat\/ceipteresaclaramunt\/wp-content\/uploads\/usu2652\/2024\/01\/unnamed-212x300.jpg 212w, https:\/\/agora.xtec.cat\/ceipteresaclaramunt\/wp-content\/uploads\/usu2652\/2024\/01\/unnamed-768x1086.jpg 768w, https:\/\/agora.xtec.cat\/ceipteresaclaramunt\/wp-content\/uploads\/usu2652\/2024\/01\/unnamed-1086x1536.jpg 1086w, https:\/\/agora.xtec.cat\/ceipteresaclaramunt\/wp-content\/uploads\/usu2652\/2024\/01\/unnamed.jpg 1131w\" sizes=\"auto, (max-width: 724px) 100vw, 724px\" \/><\/p>\n","protected":false},"excerpt":{"rendered":"<p>Benvolgudes fam\u00edlies,<br \/>\nAquest curs celebrem el 25\u00e8 aniversari de la nostra escola \ud83c\udf89\ud83c\udf89<br \/>\nHem fet diferents activitats fins ara i encara ens en queden per fer! La setmana del 8 d&#8217;abril farem la setmana tem\u00e0tica de la celebraci\u00f3 i el dissabte 13 d&#8217;abril la FESTA GROSSA. Una&hellip;  <a href=\"https:\/\/agora.xtec.cat\/ceipteresaclaramunt\/general\/vine-a-celebrar-el-25e-aniversari\/\" title=\"Read Vine a celebrar el 25\u00e8 aniversari!\">Llegeix m\u00e9s\u00bb<\/a><\/p>\n","protected":false},"author":1,"featured_media":0,"comment_status":"open","ping_status":"closed","sticky":false,"template":"","format":"standard","meta":{"_bbp_topic_count":0,"_bbp_reply_count":0,"_bbp_total_topic_count":0,"_bbp_total_reply_count":0,"_bbp_voice_count":0,"_bbp_anonymous_reply_count":0,"_bbp_topic_count_hidden":0,"_bbp_reply_count_hidden":0,"_bbp_forum_subforum_count":0,"footnotes":""},"categories":[54,49,1],"tags":[],"class_list":["post-2785","post","type-post","status-publish","format-standard","hentry","category-escola","category-festes","category-general"],"post_mailing_queue_ids":[],"_links":{"self":[{"href":"https:\/\/agora.xtec.cat\/ceipteresaclaramunt\/wp-json\/wp\/v2\/posts\/2785","targetHints":{"allow":["GET"]}}],"collection":[{"href":"https:\/\/agora.xtec.cat\/ceipteresaclaramunt\/wp-json\/wp\/v2\/posts"}],"about":[{"href":"https:\/\/agora.xtec.cat\/ceipteresaclaramunt\/wp-json\/wp\/v2\/types\/post"}],"author":[{"embeddable":true,"href":"https:\/\/agora.xtec.cat\/ceipteresaclaramunt\/wp-json\/wp\/v2\/users\/1"}],"replies":[{"embeddable":true,"href":"https:\/\/agora.xtec.cat\/ceipteresaclaramunt\/wp-json\/wp\/v2\/comments?post=2785"}],"version-history":[{"count":6,"href":"https:\/\/agora.xtec.cat\/ceipteresaclaramunt\/wp-json\/wp\/v2\/posts\/2785\/revisions"}],"predecessor-version":[{"id":2792,"href":"https:\/\/agora.xtec.cat\/ceipteresaclaramunt\/wp-json\/wp\/v2\/posts\/2785\/revisions\/2792"}],"wp:attachment":[{"href":"https:\/\/agora.xtec.cat\/ceipteresaclaramunt\/wp-json\/wp\/v2\/media?parent=2785"}],"wp:term":[{"taxonomy":"category","embeddable":true,"href":"https:\/\/agora.xtec.cat\/ceipteresaclaramunt\/wp-json\/wp\/v2\/categories?post=2785"},{"taxonomy":"post_tag","embeddable":true,"href":"https:\/\/agora.xtec.cat\/ceipteresaclaramunt\/wp-json\/wp\/v2\/tags?post=2785"}],"curies":[{"name":"wp","href":"https:\/\/api.w.org\/{rel}","templated":true}]}}