{"id":2776,"date":"2024-02-22T12:33:51","date_gmt":"2024-02-22T11:33:51","guid":{"rendered":"https:\/\/agora.xtec.cat\/ceipteresaclaramunt\/?p=2776"},"modified":"2024-03-04T11:58:32","modified_gmt":"2024-03-04T10:58:32","slug":"jornada-portes-obertes-curs-24-25","status":"publish","type":"post","link":"https:\/\/agora.xtec.cat\/ceipteresaclaramunt\/general\/jornada-portes-obertes-curs-24-25\/","title":{"rendered":"Jornada portes obertes curs 24-25"},"content":{"rendered":"<p>Presentaci\u00f3 as\u00edncrona <a href=\"https:\/\/youtu.be\/1TKjHMRoaO4\"><strong>Jornada de Portes Obertes<\/strong><\/a><\/p>\n<p>La visita a l&#8217;escola seran els dies<strong> 26 i 27 de febrer<\/strong> a les 17 hores, on a m\u00e9s de poder con\u00e8ixer l&#8217;escola, tindreu oportunitat de resoldre dubtes.<\/p>\n<p>Per apuntar-vos a la visita, envieu un correu electr\u00f2nic a <a href=\"mailto:comunicats@escolateresaclaramunt.com\">comunicats@escolateresaclaramunt.com<\/a> posant a l&#8217;assumpte &#8220;Visita Portes obertes&#8221;. Al cos del missatge cal que hi indiqueu el <span style=\"color: #000080;\"><strong>nom i cognoms de l&#8217;infant<\/strong><\/span>, n\u00famero de tel\u00e8fon <span style=\"font-family: inherit; font-size: 1em;\">i nombre de persones assistents.<\/span><\/p>\n<p><span style=\"color: #cc99ff;\"><strong>\u26a0\ufe0f NOU. <\/strong><\/span>Durant tot el proc\u00e9s de preinscriprici\u00f3 i matr\u00edcula tindreu un document de <strong>preguntes i respostes m\u00e9s freq\u00fcents (FAQS)<\/strong>, aquest document s&#8217;anir\u00e0 actualitzant. Podreu entrar a les FAQS, clicant <a href=\"https:\/\/agora.xtec.cat\/ceipteresaclaramunt\/wp-content\/uploads\/usu2652\/2024\/03\/2024_FAQS_2.docx.pdf\">aqu\u00ed<\/a> <span style=\"color: #cc99ff;\"><strong>(\u00faltima actualitzaci\u00f3 04\/03\/24)<\/strong><\/span><\/p>\n<p>*<a href=\"https:\/\/preinscripcio.gencat.cat\/ca\/detalls\/noticia\/dates-preinscripcio-2024-2025\">P\u00e0gina informativa sobre el per\u00edode de preinscripci\u00f3 i matr\u00edcula<\/a><\/p>\n<p>Trobareu els criteris de puntuaci\u00f3 en aquest enlla\u00e7: <a href=\"https:\/\/preinscripcio.gencat.cat\/ca\/estudis\/infantil-3-6\/informat\/criteris-assignacio\/\">https:\/\/preinscripcio.gencat.cat\/ca\/estudis\/infantil-3-6\/informat\/criteris-assignacio\/<\/a><\/p>\n<p><strong>Les dates de preinscripci\u00f3 s\u00f3n del 6 al 20 de mar\u00e7 i les dates de matr\u00edcula s\u00f3n del 18 al 26 de juny.<\/strong><\/p>\n<p><img loading=\"lazy\" decoding=\"async\" class=\"wp-image-2777 aligncenter\" src=\"https:\/\/agora.xtec.cat\/ceipteresaclaramunt\/wp-content\/uploads\/usu2652\/2024\/01\/portes-obertes-1024x1024.jpg\" alt=\"\" width=\"791\" height=\"791\" srcset=\"https:\/\/agora.xtec.cat\/ceipteresaclaramunt\/wp-content\/uploads\/usu2652\/2024\/01\/portes-obertes-1024x1024.jpg 1024w, https:\/\/agora.xtec.cat\/ceipteresaclaramunt\/wp-content\/uploads\/usu2652\/2024\/01\/portes-obertes-300x300.jpg 300w, https:\/\/agora.xtec.cat\/ceipteresaclaramunt\/wp-content\/uploads\/usu2652\/2024\/01\/portes-obertes-150x150.jpg 150w, https:\/\/agora.xtec.cat\/ceipteresaclaramunt\/wp-content\/uploads\/usu2652\/2024\/01\/portes-obertes-768x768.jpg 768w, https:\/\/agora.xtec.cat\/ceipteresaclaramunt\/wp-content\/uploads\/usu2652\/2024\/01\/portes-obertes-1536x1536.jpg 1536w, https:\/\/agora.xtec.cat\/ceipteresaclaramunt\/wp-content\/uploads\/usu2652\/2024\/01\/portes-obertes.jpg 1600w\" sizes=\"auto, (max-width: 791px) 100vw, 791px\" \/><\/p>\n","protected":false},"excerpt":{"rendered":"<p>Presentaci\u00f3 as\u00edncrona <a href=\"https:\/\/youtu.be\/1TKjHMRoaO4\">Jornada de Portes Obertes<\/a><br \/>\nLa visita a l&#8217;escola seran els dies 26 i 27 de febrer a les 17 hores, on a m\u00e9s de poder con\u00e8ixer l&#8217;escola, tindreu oportunitat de resoldre dubtes.<br \/>\nPer apuntar-vos a la visita, envieu un correu electr\u00f2nic a <a href=\"mailto:comunicats@escolateresaclaramunt.com\">comunicats@escolateresaclaramunt.com<\/a>&hellip;  <a href=\"https:\/\/agora.xtec.cat\/ceipteresaclaramunt\/general\/jornada-portes-obertes-curs-24-25\/\" title=\"Read Jornada portes obertes curs 24-25\">Llegeix m\u00e9s\u00bb<\/a><\/p>\n","protected":false},"author":1,"featured_media":2777,"comment_status":"open","ping_status":"closed","sticky":false,"template":"","format":"standard","meta":{"_bbp_topic_count":0,"_bbp_reply_count":0,"_bbp_total_topic_count":0,"_bbp_total_reply_count":0,"_bbp_voice_count":0,"_bbp_anonymous_reply_count":0,"_bbp_topic_count_hidden":0,"_bbp_reply_count_hidden":0,"_bbp_forum_subforum_count":0,"footnotes":""},"categories":[55,54,1,52],"tags":[],"class_list":["post-2776","post","type-post","status-publish","format-standard","has-post-thumbnail","hentry","category-comunicats","category-escola","category-general","category-portes-obertes"],"post_mailing_queue_ids":[],"_links":{"self":[{"href":"https:\/\/agora.xtec.cat\/ceipteresaclaramunt\/wp-json\/wp\/v2\/posts\/2776","targetHints":{"allow":["GET"]}}],"collection":[{"href":"https:\/\/agora.xtec.cat\/ceipteresaclaramunt\/wp-json\/wp\/v2\/posts"}],"about":[{"href":"https:\/\/agora.xtec.cat\/ceipteresaclaramunt\/wp-json\/wp\/v2\/types\/post"}],"author":[{"embeddable":true,"href":"https:\/\/agora.xtec.cat\/ceipteresaclaramunt\/wp-json\/wp\/v2\/users\/1"}],"replies":[{"embeddable":true,"href":"https:\/\/agora.xtec.cat\/ceipteresaclaramunt\/wp-json\/wp\/v2\/comments?post=2776"}],"version-history":[{"count":6,"href":"https:\/\/agora.xtec.cat\/ceipteresaclaramunt\/wp-json\/wp\/v2\/posts\/2776\/revisions"}],"predecessor-version":[{"id":2863,"href":"https:\/\/agora.xtec.cat\/ceipteresaclaramunt\/wp-json\/wp\/v2\/posts\/2776\/revisions\/2863"}],"wp:featuredmedia":[{"embeddable":true,"href":"https:\/\/agora.xtec.cat\/ceipteresaclaramunt\/wp-json\/wp\/v2\/media\/2777"}],"wp:attachment":[{"href":"https:\/\/agora.xtec.cat\/ceipteresaclaramunt\/wp-json\/wp\/v2\/media?parent=2776"}],"wp:term":[{"taxonomy":"category","embeddable":true,"href":"https:\/\/agora.xtec.cat\/ceipteresaclaramunt\/wp-json\/wp\/v2\/categories?post=2776"},{"taxonomy":"post_tag","embeddable":true,"href":"https:\/\/agora.xtec.cat\/ceipteresaclaramunt\/wp-json\/wp\/v2\/tags?post=2776"}],"curies":[{"name":"wp","href":"https:\/\/api.w.org\/{rel}","templated":true}]}}