{"id":2740,"date":"2023-12-12T18:06:47","date_gmt":"2023-12-12T17:06:47","guid":{"rendered":"https:\/\/agora.xtec.cat\/ceipteresaclaramunt\/?p=2740"},"modified":"2023-12-12T18:15:21","modified_gmt":"2023-12-12T17:15:21","slug":"programa-concert-nadal","status":"publish","type":"post","link":"https:\/\/agora.xtec.cat\/ceipteresaclaramunt\/general\/programa-concert-nadal\/","title":{"rendered":"Programa concert nadal"},"content":{"rendered":"<p>Benvolgudes fam\u00edlies,<\/p>\n<p>Us presentem el <strong>programa del concert de Nada<\/strong>l d&#8217;aquest curs. Un concert que no nom\u00e9s us captivar\u00e0, sin\u00f3 que arribar\u00e0 fins els vostres cors. Un regal ple d&#8217;amor, d&#8217;esperan\u00e7a i alegria. Que gaudiu de l&#8217;espectacle! \ud83c\udf84<\/p>\n<p><a href=\"https:\/\/agora.xtec.cat\/ceipteresaclaramunt\/wp-content\/uploads\/usu2652\/2023\/12\/Programa-Nadal-2023-Teresa-Claramunt-1.jpg\"><img loading=\"lazy\" decoding=\"async\" class=\"alignleft wp-image-2744 size-medium\" src=\"https:\/\/agora.xtec.cat\/ceipteresaclaramunt\/wp-content\/uploads\/usu2652\/2023\/12\/Programa-Nadal-2023-Teresa-Claramunt-1-212x300.jpg\" alt=\"\" width=\"212\" height=\"300\" srcset=\"https:\/\/agora.xtec.cat\/ceipteresaclaramunt\/wp-content\/uploads\/usu2652\/2023\/12\/Programa-Nadal-2023-Teresa-Claramunt-1-212x300.jpg 212w, https:\/\/agora.xtec.cat\/ceipteresaclaramunt\/wp-content\/uploads\/usu2652\/2023\/12\/Programa-Nadal-2023-Teresa-Claramunt-1-724x1024.jpg 724w, https:\/\/agora.xtec.cat\/ceipteresaclaramunt\/wp-content\/uploads\/usu2652\/2023\/12\/Programa-Nadal-2023-Teresa-Claramunt-1-768x1086.jpg 768w, https:\/\/agora.xtec.cat\/ceipteresaclaramunt\/wp-content\/uploads\/usu2652\/2023\/12\/Programa-Nadal-2023-Teresa-Claramunt-1-1086x1536.jpg 1086w, https:\/\/agora.xtec.cat\/ceipteresaclaramunt\/wp-content\/uploads\/usu2652\/2023\/12\/Programa-Nadal-2023-Teresa-Claramunt-1.jpg 1414w\" sizes=\"auto, (max-width: 212px) 100vw, 212px\" \/><\/a><\/p>\n","protected":false},"excerpt":{"rendered":"<p>Benvolgudes fam\u00edlies,<br \/>\nUs presentem el programa del concert de Nadal d&#8217;aquest curs. Un concert que no nom\u00e9s us captivar\u00e0, sin\u00f3 que arribar\u00e0 fins els vostres cors. Un regal ple d&#8217;amor, d&#8217;esperan\u00e7a i alegria. Que gaudiu de l&#8217;espectacle! \ud83c\udf84<br \/>\n<a href=\"https:\/\/agora.xtec.cat\/ceipteresaclaramunt\/wp-content\/uploads\/usu2652\/2023\/12\/Programa-Nadal-2023-Teresa-Claramunt-1.jpg\"><\/a><\/p>\n","protected":false},"author":1,"featured_media":0,"comment_status":"open","ping_status":"closed","sticky":false,"template":"","format":"standard","meta":{"_bbp_topic_count":0,"_bbp_reply_count":0,"_bbp_total_topic_count":0,"_bbp_total_reply_count":0,"_bbp_voice_count":0,"_bbp_anonymous_reply_count":0,"_bbp_topic_count_hidden":0,"_bbp_reply_count_hidden":0,"_bbp_forum_subforum_count":0,"footnotes":""},"categories":[54,49,1],"tags":[],"class_list":["post-2740","post","type-post","status-publish","format-standard","hentry","category-escola","category-festes","category-general"],"post_mailing_queue_ids":[],"_links":{"self":[{"href":"https:\/\/agora.xtec.cat\/ceipteresaclaramunt\/wp-json\/wp\/v2\/posts\/2740","targetHints":{"allow":["GET"]}}],"collection":[{"href":"https:\/\/agora.xtec.cat\/ceipteresaclaramunt\/wp-json\/wp\/v2\/posts"}],"about":[{"href":"https:\/\/agora.xtec.cat\/ceipteresaclaramunt\/wp-json\/wp\/v2\/types\/post"}],"author":[{"embeddable":true,"href":"https:\/\/agora.xtec.cat\/ceipteresaclaramunt\/wp-json\/wp\/v2\/users\/1"}],"replies":[{"embeddable":true,"href":"https:\/\/agora.xtec.cat\/ceipteresaclaramunt\/wp-json\/wp\/v2\/comments?post=2740"}],"version-history":[{"count":6,"href":"https:\/\/agora.xtec.cat\/ceipteresaclaramunt\/wp-json\/wp\/v2\/posts\/2740\/revisions"}],"predecessor-version":[{"id":2750,"href":"https:\/\/agora.xtec.cat\/ceipteresaclaramunt\/wp-json\/wp\/v2\/posts\/2740\/revisions\/2750"}],"wp:attachment":[{"href":"https:\/\/agora.xtec.cat\/ceipteresaclaramunt\/wp-json\/wp\/v2\/media?parent=2740"}],"wp:term":[{"taxonomy":"category","embeddable":true,"href":"https:\/\/agora.xtec.cat\/ceipteresaclaramunt\/wp-json\/wp\/v2\/categories?post=2740"},{"taxonomy":"post_tag","embeddable":true,"href":"https:\/\/agora.xtec.cat\/ceipteresaclaramunt\/wp-json\/wp\/v2\/tags?post=2740"}],"curies":[{"name":"wp","href":"https:\/\/api.w.org\/{rel}","templated":true}]}}