{"id":2721,"date":"2023-11-20T17:22:41","date_gmt":"2023-11-20T16:22:41","guid":{"rendered":"https:\/\/agora.xtec.cat\/ceipteresaclaramunt\/?p=2721"},"modified":"2023-11-20T18:19:37","modified_gmt":"2023-11-20T17:19:37","slug":"acte-inaugural-25e-aniversari","status":"publish","type":"post","link":"https:\/\/agora.xtec.cat\/ceipteresaclaramunt\/general\/acte-inaugural-25e-aniversari\/","title":{"rendered":"Acte inaugural 25\u00e8 aniversari"},"content":{"rendered":"<p>Enguany, cada 25 de cada mes commemorem el <strong>25\u00e8 aniversari<\/strong> de la nostra escola. Al setembre vam celebrar l&#8217;acte inaugural amb tots i totes les membres de la <strong>comunitat educativa<\/strong>. La Teresa Claramunt va lluitar pels drets socials de les persones i nosaltres som la seva llavor.<\/p>\n<blockquote><p>&#8220;Mitjan\u00e7ant l&#8217;educaci\u00f3 es pot canviar el m\u00f3n i millorar-lo&#8221; (Teresa Claramunt)<\/p><\/blockquote>\n<p><iframe loading=\"lazy\" title=\"Acte inaugural 25\u00e8 aniversari\" width=\"500\" height=\"281\" src=\"https:\/\/www.youtube.com\/embed\/lIIWuLUTO-c?feature=oembed\" frameborder=\"0\" allow=\"accelerometer; autoplay; clipboard-write; encrypted-media; gyroscope; picture-in-picture; web-share\" referrerpolicy=\"strict-origin-when-cross-origin\" allowfullscreen><\/iframe><\/p>\n","protected":false},"excerpt":{"rendered":"<p>Enguany, cada 25 de cada mes commemorem el 25\u00e8 aniversari de la nostra escola. Al setembre vam celebrar l&#8217;acte inaugural amb tots i totes les membres de la comunitat educativa. La Teresa Claramunt va lluitar pels drets socials de les persones i nosaltres som la&hellip;  <a href=\"https:\/\/agora.xtec.cat\/ceipteresaclaramunt\/general\/acte-inaugural-25e-aniversari\/\" title=\"Read Acte inaugural 25\u00e8 aniversari\">Llegeix m\u00e9s\u00bb<\/a><\/p>\n","protected":false},"author":1,"featured_media":0,"comment_status":"open","ping_status":"closed","sticky":false,"template":"","format":"standard","meta":{"_bbp_topic_count":0,"_bbp_reply_count":0,"_bbp_total_topic_count":0,"_bbp_total_reply_count":0,"_bbp_voice_count":0,"_bbp_anonymous_reply_count":0,"_bbp_topic_count_hidden":0,"_bbp_reply_count_hidden":0,"_bbp_forum_subforum_count":0,"footnotes":""},"categories":[1],"tags":[],"class_list":["post-2721","post","type-post","status-publish","format-standard","hentry","category-general"],"post_mailing_queue_ids":[],"_links":{"self":[{"href":"https:\/\/agora.xtec.cat\/ceipteresaclaramunt\/wp-json\/wp\/v2\/posts\/2721","targetHints":{"allow":["GET"]}}],"collection":[{"href":"https:\/\/agora.xtec.cat\/ceipteresaclaramunt\/wp-json\/wp\/v2\/posts"}],"about":[{"href":"https:\/\/agora.xtec.cat\/ceipteresaclaramunt\/wp-json\/wp\/v2\/types\/post"}],"author":[{"embeddable":true,"href":"https:\/\/agora.xtec.cat\/ceipteresaclaramunt\/wp-json\/wp\/v2\/users\/1"}],"replies":[{"embeddable":true,"href":"https:\/\/agora.xtec.cat\/ceipteresaclaramunt\/wp-json\/wp\/v2\/comments?post=2721"}],"version-history":[{"count":6,"href":"https:\/\/agora.xtec.cat\/ceipteresaclaramunt\/wp-json\/wp\/v2\/posts\/2721\/revisions"}],"predecessor-version":[{"id":2730,"href":"https:\/\/agora.xtec.cat\/ceipteresaclaramunt\/wp-json\/wp\/v2\/posts\/2721\/revisions\/2730"}],"wp:attachment":[{"href":"https:\/\/agora.xtec.cat\/ceipteresaclaramunt\/wp-json\/wp\/v2\/media?parent=2721"}],"wp:term":[{"taxonomy":"category","embeddable":true,"href":"https:\/\/agora.xtec.cat\/ceipteresaclaramunt\/wp-json\/wp\/v2\/categories?post=2721"},{"taxonomy":"post_tag","embeddable":true,"href":"https:\/\/agora.xtec.cat\/ceipteresaclaramunt\/wp-json\/wp\/v2\/tags?post=2721"}],"curies":[{"name":"wp","href":"https:\/\/api.w.org\/{rel}","templated":true}]}}