{"id":2700,"date":"2023-11-08T11:23:31","date_gmt":"2023-11-08T10:23:31","guid":{"rendered":"https:\/\/agora.xtec.cat\/ceipteresaclaramunt\/?p=2700"},"modified":"2023-11-08T11:27:21","modified_gmt":"2023-11-08T10:27:21","slug":"convocatoria-deleccions-al-consell-escolar-2023","status":"publish","type":"post","link":"https:\/\/agora.xtec.cat\/ceipteresaclaramunt\/general\/convocatoria-deleccions-al-consell-escolar-2023\/","title":{"rendered":"Convocat\u00f2ria d\u2019eleccions al Consell escolar 2023"},"content":{"rendered":"<p><img loading=\"lazy\" decoding=\"async\" class=\"size-full wp-image-2705 aligncenter\" src=\"https:\/\/agora.xtec.cat\/ceipteresaclaramunt\/wp-content\/uploads\/usu2652\/2023\/11\/Eleccions_CE-1024x410-e1479919835604.jpg\" alt=\"Eleccions_CE-2024\" width=\"400\" height=\"160\" srcset=\"https:\/\/agora.xtec.cat\/ceipteresaclaramunt\/wp-content\/uploads\/usu2652\/2023\/11\/Eleccions_CE-1024x410-e1479919835604.jpg 400w, https:\/\/agora.xtec.cat\/ceipteresaclaramunt\/wp-content\/uploads\/usu2652\/2023\/11\/Eleccions_CE-1024x410-e1479919835604-300x120.jpg 300w\" sizes=\"auto, (max-width: 400px) 100vw, 400px\" \/><\/p>\n<p>D\u2019acord amb la Resoluci\u00f3 EDU\/3014\/2023, es convoquen eleccions al Consell escolar de l\u2019Institut Vall\u00e8s atenent el calendari que es detalla en la convocat\u00f2ria adjunta. <span style=\"font-family: inherit; font-size: 1em;\">Des de la direcci\u00f3, volem animar-vos a participar en aquestes eleccions, ja que el Consell Escolar \u00e9s l\u2019\u00f2rgan que pren decisions que afecten la bona marxa del centre. Els que creiem en la col\u00b7laboraci\u00f3 i en el consens com a clau d\u2019un bon funcionament de l\u2019institut pensem que nom\u00e9s amb una bona participaci\u00f3 es garanteix el necessari di\u00e0leg de tota la comunitat educativa.<\/span><\/p>\n<p style=\"text-align: center;\"><a href=\"https:\/\/agora.xtec.cat\/ceipteresaclaramunt\/wp-content\/uploads\/usu2652\/2023\/11\/calendari-proces.pdf\"><span style=\"color: #b03bba;\"><strong>CONVOCAT\u00d2RIA D\u2019ELECCIONS AL CONSELL ESCOLAR 2023<\/strong><\/span><\/a><\/p>\n<blockquote>\n<h4><span style=\"color: #b03bba;\">Proc\u00e9s i terminis<\/span><\/h4>\n<\/blockquote>\n<p>El seg\u00fcent document s\u2019ha enviat a les fam\u00edlies explicant el proc\u00e9s i terminis per la renovaci\u00f3 del Consell escolar:<\/p>\n<p style=\"text-align: center;\"><a href=\"https:\/\/drive.google.com\/file\/d\/1CDStiwJN6SkfRXLrmeXJFO2Fc7lg2EsV\/view?usp=sharing\"><span style=\"color: #b03bba;\"><strong>Carta a les fam\u00edlies \u2013 Eleccions al Consell Escolar<\/strong><\/span><\/a><\/p>\n","protected":false},"excerpt":{"rendered":"<p>D\u2019acord amb la Resoluci\u00f3 EDU\/3014\/2023, es convoquen eleccions al Consell escolar de l\u2019Institut Vall\u00e8s atenent el calendari que es detalla en la convocat\u00f2ria adjunta. Des de la direcci\u00f3, volem animar-vos a participar en aquestes eleccions, ja que el Consell Escolar \u00e9s l\u2019\u00f2rgan que pren decisions&hellip;  <a href=\"https:\/\/agora.xtec.cat\/ceipteresaclaramunt\/general\/convocatoria-deleccions-al-consell-escolar-2023\/\" title=\"Read Convocat\u00f2ria d\u2019eleccions al Consell escolar 2023\">Llegeix m\u00e9s\u00bb<\/a><\/p>\n","protected":false},"author":1,"featured_media":2705,"comment_status":"open","ping_status":"closed","sticky":false,"template":"","format":"standard","meta":{"_bbp_topic_count":0,"_bbp_reply_count":0,"_bbp_total_topic_count":0,"_bbp_total_reply_count":0,"_bbp_voice_count":0,"_bbp_anonymous_reply_count":0,"_bbp_topic_count_hidden":0,"_bbp_reply_count_hidden":0,"_bbp_forum_subforum_count":0,"footnotes":""},"categories":[55,58,1],"tags":[],"class_list":["post-2700","post","type-post","status-publish","format-standard","has-post-thumbnail","hentry","category-comunicats","category-consell-escolar","category-general"],"post_mailing_queue_ids":[],"_links":{"self":[{"href":"https:\/\/agora.xtec.cat\/ceipteresaclaramunt\/wp-json\/wp\/v2\/posts\/2700","targetHints":{"allow":["GET"]}}],"collection":[{"href":"https:\/\/agora.xtec.cat\/ceipteresaclaramunt\/wp-json\/wp\/v2\/posts"}],"about":[{"href":"https:\/\/agora.xtec.cat\/ceipteresaclaramunt\/wp-json\/wp\/v2\/types\/post"}],"author":[{"embeddable":true,"href":"https:\/\/agora.xtec.cat\/ceipteresaclaramunt\/wp-json\/wp\/v2\/users\/1"}],"replies":[{"embeddable":true,"href":"https:\/\/agora.xtec.cat\/ceipteresaclaramunt\/wp-json\/wp\/v2\/comments?post=2700"}],"version-history":[{"count":4,"href":"https:\/\/agora.xtec.cat\/ceipteresaclaramunt\/wp-json\/wp\/v2\/posts\/2700\/revisions"}],"predecessor-version":[{"id":2709,"href":"https:\/\/agora.xtec.cat\/ceipteresaclaramunt\/wp-json\/wp\/v2\/posts\/2700\/revisions\/2709"}],"wp:featuredmedia":[{"embeddable":true,"href":"https:\/\/agora.xtec.cat\/ceipteresaclaramunt\/wp-json\/wp\/v2\/media\/2705"}],"wp:attachment":[{"href":"https:\/\/agora.xtec.cat\/ceipteresaclaramunt\/wp-json\/wp\/v2\/media?parent=2700"}],"wp:term":[{"taxonomy":"category","embeddable":true,"href":"https:\/\/agora.xtec.cat\/ceipteresaclaramunt\/wp-json\/wp\/v2\/categories?post=2700"},{"taxonomy":"post_tag","embeddable":true,"href":"https:\/\/agora.xtec.cat\/ceipteresaclaramunt\/wp-json\/wp\/v2\/tags?post=2700"}],"curies":[{"name":"wp","href":"https:\/\/api.w.org\/{rel}","templated":true}]}}