{"id":2560,"date":"2023-04-19T17:47:22","date_gmt":"2023-04-19T15:47:22","guid":{"rendered":"https:\/\/agora.xtec.cat\/ceipteresaclaramunt\/?p=2560"},"modified":"2023-04-25T13:11:05","modified_gmt":"2023-04-25T11:11:05","slug":"ajuts-de-menjador-escolar-i-beques-de-material-23-24","status":"publish","type":"post","link":"https:\/\/agora.xtec.cat\/ceipteresaclaramunt\/general\/ajuts-de-menjador-escolar-i-beques-de-material-23-24\/","title":{"rendered":"Ajuts de menjador escolar i beques de material 23\/24"},"content":{"rendered":"<p>Benvolgudes fam\u00edlies,<\/p>\n<p>entre les actuacions de car\u00e0cter socioeducatiu que porta a terme cada any l\u2019Ajuntament de Sabadell, us informem de dues convocat\u00f2ries d\u2019ajuts per al curs 2023-2024. Totes dues s\u00f3n mesures de suport a les fam\u00edlies, que formen part d\u2019una pol\u00edtica que t\u00e9 la voluntat d\u2019afavorir la inclusi\u00f3 social i l\u2019acc\u00e9s equitatiu als recursos educatius, especialment adre\u00e7ada a infants i joves en situacions de vulnerabilitat econ\u00f2mica.<\/p>\n<ul>\n<li>Convocat\u00f2ria\u00a0<strong>d\u2019ajuts de menjador escolar del Consell Comarcal del Vall\u00e8s Occidental,<\/strong>\u00a0en la qual l\u2019Ajuntament de Sabadell actua com a entitat col\u00b7laboradora en la distribuci\u00f3, el lliurament i la gesti\u00f3 dels ajuts. El departament d\u2019Educaci\u00f3 de la Generalitat ha establert els criteris per a l\u2019atorgament d\u2019aquests ajuts pel curs vinent i el Consell Comarcal ha aprovat les bases de la convocat\u00f2ria.<\/li>\n<li>Convocat\u00f2ria de\u00a0<strong>beques per a l\u2019adquisici\u00f3 de llibres de text i material escolar<\/strong>\u00a0que promou l\u2019Ajuntament de Sabadell.<\/li>\n<\/ul>\n<p>Per tal de facilitar a les fam\u00edlies la tramitaci\u00f3 dels ajuts, les regidories d\u2019Acci\u00f3 Social i d\u2019Educaci\u00f3 han\u00a0<strong>unificat el calendari<\/strong>\u00a0<strong>de presentaci\u00f3 de les sol\u00b7licituds\u00a0<\/strong>i tamb\u00e9\u00a0<strong>la<\/strong>\u00a0<strong>documentaci\u00f3<\/strong>\u00a0que s\u2019ha de presentar, tal com es va fer el curs passat.<\/p>\n<p><strong>\u00c9s important que no espereu al final del per\u00edode per a presentar les sol\u00b7licituds.<\/strong><\/p>\n<p>Tamb\u00e9 us informem que el tr\u00e0mit de la sol\u00b7licitud ja est\u00e0\u00a0 actiu des del passat dilluns\u00a0<strong>17 d\u2019abril<\/strong>, i finalitzar\u00e0 el\u00a0<strong>12 de maig<\/strong>.<\/p>\n<p>Us enllacem les\u00a0<a href=\"https:\/\/agora.xtec.cat\/ceipteresaclaramunt\/wp-content\/uploads\/usu2652\/2023\/04\/03_Instruccions_tramit_telematic_seu_electronica.pdf\" target=\"_blank\" rel=\"noopener\" data-saferedirecturl=\"https:\/\/www.google.com\/url?q=https:\/\/tokapp.com\/url\/mzokhmwk&amp;source=gmail&amp;ust=1681917863383000&amp;usg=AOvVaw1DsG0sORoOnBqJuNerjk-D\">instruccions<\/a>\u00a0per fer el tr\u00e0mit, la\u00a0<a href=\"https:\/\/agora.xtec.cat\/ceipteresaclaramunt\/wp-content\/uploads\/usu2652\/2023\/04\/01_Guia-FAMILIES_procediment_comu_tramitacio-ajuts.pdf\" target=\"_blank\" rel=\"noopener\" data-saferedirecturl=\"https:\/\/www.google.com\/url?q=https:\/\/tokapp.com\/url\/dj0vxe0o&amp;source=gmail&amp;ust=1681917863383000&amp;usg=AOvVaw2VIs7sbe0bgdVE9Pk2X0_u\">guia<\/a>\u00a0per a fam\u00edlies i el\u00a0<a href=\"https:\/\/agora.xtec.cat\/ceipteresaclaramunt\/wp-content\/uploads\/usu2652\/2023\/04\/02_Procediment_Atencio_Cita-Previa_segons-centre-educatiu.pdf\" target=\"_blank\" rel=\"noopener\" data-saferedirecturl=\"https:\/\/www.google.com\/url?q=https:\/\/tokapp.com\/url\/2e5rgszq&amp;source=gmail&amp;ust=1681917863383000&amp;usg=AOvVaw2DQ_Egag1fcz4N9d9V6N5A\">procediment per a la cita pr\u00e8via<\/a>.<\/p>\n<p>Us demanem que us llegiu atentament i amb calma els documents per poder fer la sol\u00b7licitud. Si un cop llegits, teniu algun dubte, poseu-vos en contacte amb nosaltres.<\/p>\n<p>Equip directiu<\/p>\n","protected":false},"excerpt":{"rendered":"<p>Benvolgudes fam\u00edlies,<br \/>\nentre les actuacions de car\u00e0cter socioeducatiu que porta a terme cada any l\u2019Ajuntament de Sabadell, us informem de dues convocat\u00f2ries d\u2019ajuts per al curs 2023-2024. Totes dues s\u00f3n mesures de suport a les fam\u00edlies, que formen part d\u2019una pol\u00edtica que t\u00e9 la voluntat d\u2019afavorir&hellip;  <a href=\"https:\/\/agora.xtec.cat\/ceipteresaclaramunt\/general\/ajuts-de-menjador-escolar-i-beques-de-material-23-24\/\" title=\"Read Ajuts de menjador escolar i beques de material 23\/24\">Llegeix m\u00e9s\u00bb<\/a><\/p>\n","protected":false},"author":1,"featured_media":0,"comment_status":"open","ping_status":"closed","sticky":false,"template":"","format":"standard","meta":{"_bbp_topic_count":0,"_bbp_reply_count":0,"_bbp_total_topic_count":0,"_bbp_total_reply_count":0,"_bbp_voice_count":0,"_bbp_anonymous_reply_count":0,"_bbp_topic_count_hidden":0,"_bbp_reply_count_hidden":0,"_bbp_forum_subforum_count":0,"footnotes":""},"categories":[56,55,54,1],"tags":[],"class_list":["post-2560","post","type-post","status-publish","format-standard","hentry","category-beques","category-comunicats","category-escola","category-general"],"post_mailing_queue_ids":[],"_links":{"self":[{"href":"https:\/\/agora.xtec.cat\/ceipteresaclaramunt\/wp-json\/wp\/v2\/posts\/2560","targetHints":{"allow":["GET"]}}],"collection":[{"href":"https:\/\/agora.xtec.cat\/ceipteresaclaramunt\/wp-json\/wp\/v2\/posts"}],"about":[{"href":"https:\/\/agora.xtec.cat\/ceipteresaclaramunt\/wp-json\/wp\/v2\/types\/post"}],"author":[{"embeddable":true,"href":"https:\/\/agora.xtec.cat\/ceipteresaclaramunt\/wp-json\/wp\/v2\/users\/1"}],"replies":[{"embeddable":true,"href":"https:\/\/agora.xtec.cat\/ceipteresaclaramunt\/wp-json\/wp\/v2\/comments?post=2560"}],"version-history":[{"count":2,"href":"https:\/\/agora.xtec.cat\/ceipteresaclaramunt\/wp-json\/wp\/v2\/posts\/2560\/revisions"}],"predecessor-version":[{"id":2565,"href":"https:\/\/agora.xtec.cat\/ceipteresaclaramunt\/wp-json\/wp\/v2\/posts\/2560\/revisions\/2565"}],"wp:attachment":[{"href":"https:\/\/agora.xtec.cat\/ceipteresaclaramunt\/wp-json\/wp\/v2\/media?parent=2560"}],"wp:term":[{"taxonomy":"category","embeddable":true,"href":"https:\/\/agora.xtec.cat\/ceipteresaclaramunt\/wp-json\/wp\/v2\/categories?post=2560"},{"taxonomy":"post_tag","embeddable":true,"href":"https:\/\/agora.xtec.cat\/ceipteresaclaramunt\/wp-json\/wp\/v2\/tags?post=2560"}],"curies":[{"name":"wp","href":"https:\/\/api.w.org\/{rel}","templated":true}]}}