{"id":2543,"date":"2023-03-31T11:19:54","date_gmt":"2023-03-31T09:19:54","guid":{"rendered":"https:\/\/agora.xtec.cat\/ceipteresaclaramunt\/?p=2543"},"modified":"2023-04-25T13:09:49","modified_gmt":"2023-04-25T11:09:49","slug":"dia-mundial-de-conscienciacio-sobre-lautisme","status":"publish","type":"post","link":"https:\/\/agora.xtec.cat\/ceipteresaclaramunt\/general\/dia-mundial-de-conscienciacio-sobre-lautisme\/","title":{"rendered":"DIA MUNDIAL DE CONSCIENCIACI\u00d3 SOBRE L&#8217;AUTISME"},"content":{"rendered":"<p>Aquest diumenge, 2 d\u2019abril,\u00a0\u00a0\u00e9s el Dia Mundial de Conscienciaci\u00f3 sobre l\u2019Autisme.<\/p>\n<p><a href=\"https:\/\/agora.xtec.cat\/ceipteresaclaramunt\/wp-content\/uploads\/usu2652\/2023\/03\/Diptic-primaria-_TEA.pdf\">Aquest d\u00edptic per a infants ens l\u2019ha compartit la Federaci\u00f3 d\u2019Autisme de Catalunya sobre l\u2019AUTISME.<\/a><\/p>\n<p><a href=\"https:\/\/www.autismecatalunya.com\/el-tea-per-infants\/\" data-saferedirecturl=\"https:\/\/www.google.com\/url?q=https:\/\/www.autismecatalunya.com\/el-tea-per-infants\/&amp;source=gmail&amp;ust=1680340298833000&amp;usg=AOvVaw0kVo9nUniYaQ7i7M6qkbdW\">https:\/\/www.autismecatalunya.com\/el-tea-per-infants\/<\/a><\/p>\n<p>La nostra escola treballa dia a dia per a la inclusi\u00f3, amb la voluntat d\u2019oferir igualtat d\u2019oportunitats a totes les persones de la nostra comunitat. Agra\u00efm la tasca que tamb\u00e9 feu les fam\u00edlies per sensibilitzar els infants en el respecte i comprensi\u00f3 cap a totes les diversitats.<\/p>\n","protected":false},"excerpt":{"rendered":"<p>Aquest diumenge, 2 d\u2019abril,\u00a0\u00a0\u00e9s el Dia Mundial de Conscienciaci\u00f3 sobre l\u2019Autisme.<br \/>\n<a href=\"https:\/\/agora.xtec.cat\/ceipteresaclaramunt\/wp-content\/uploads\/usu2652\/2023\/03\/Diptic-primaria-_TEA.pdf\">Aquest d\u00edptic per a infants ens l\u2019ha compartit la Federaci\u00f3 d\u2019Autisme de Catalunya sobre l\u2019AUTISME.<\/a><br \/>\n<a href=\"https:\/\/www.autismecatalunya.com\/el-tea-per-infants\/\" data-saferedirecturl=\"https:\/\/www.google.com\/url?q=https:\/\/www.autismecatalunya.com\/el-tea-per-infants\/&amp;source=gmail&amp;ust=1680340298833000&amp;usg=AOvVaw0kVo9nUniYaQ7i7M6qkbdW\">https:\/\/www.autismecatalunya.com\/el-tea-per-infants\/<\/a><br \/>\nLa nostra escola treballa dia a dia per a la inclusi\u00f3, amb la voluntat d\u2019oferir igualtat d\u2019oportunitats a&hellip;  <a href=\"https:\/\/agora.xtec.cat\/ceipteresaclaramunt\/general\/dia-mundial-de-conscienciacio-sobre-lautisme\/\" title=\"Read DIA MUNDIAL DE CONSCIENCIACI\u00d3 SOBRE L&#8217;AUTISME\">Llegeix m\u00e9s\u00bb<\/a><\/p>\n","protected":false},"author":1,"featured_media":0,"comment_status":"closed","ping_status":"closed","sticky":false,"template":"","format":"standard","meta":{"_bbp_topic_count":0,"_bbp_reply_count":0,"_bbp_total_topic_count":0,"_bbp_total_reply_count":0,"_bbp_voice_count":0,"_bbp_anonymous_reply_count":0,"_bbp_topic_count_hidden":0,"_bbp_reply_count_hidden":0,"_bbp_forum_subforum_count":0,"footnotes":""},"categories":[7,55,54,1,59],"tags":[],"class_list":["post-2543","post","type-post","status-publish","format-standard","hentry","category-afa","category-comunicats","category-escola","category-general","category-projectes"],"post_mailing_queue_ids":[],"_links":{"self":[{"href":"https:\/\/agora.xtec.cat\/ceipteresaclaramunt\/wp-json\/wp\/v2\/posts\/2543","targetHints":{"allow":["GET"]}}],"collection":[{"href":"https:\/\/agora.xtec.cat\/ceipteresaclaramunt\/wp-json\/wp\/v2\/posts"}],"about":[{"href":"https:\/\/agora.xtec.cat\/ceipteresaclaramunt\/wp-json\/wp\/v2\/types\/post"}],"author":[{"embeddable":true,"href":"https:\/\/agora.xtec.cat\/ceipteresaclaramunt\/wp-json\/wp\/v2\/users\/1"}],"replies":[{"embeddable":true,"href":"https:\/\/agora.xtec.cat\/ceipteresaclaramunt\/wp-json\/wp\/v2\/comments?post=2543"}],"version-history":[{"count":3,"href":"https:\/\/agora.xtec.cat\/ceipteresaclaramunt\/wp-json\/wp\/v2\/posts\/2543\/revisions"}],"predecessor-version":[{"id":2547,"href":"https:\/\/agora.xtec.cat\/ceipteresaclaramunt\/wp-json\/wp\/v2\/posts\/2543\/revisions\/2547"}],"wp:attachment":[{"href":"https:\/\/agora.xtec.cat\/ceipteresaclaramunt\/wp-json\/wp\/v2\/media?parent=2543"}],"wp:term":[{"taxonomy":"category","embeddable":true,"href":"https:\/\/agora.xtec.cat\/ceipteresaclaramunt\/wp-json\/wp\/v2\/categories?post=2543"},{"taxonomy":"post_tag","embeddable":true,"href":"https:\/\/agora.xtec.cat\/ceipteresaclaramunt\/wp-json\/wp\/v2\/tags?post=2543"}],"curies":[{"name":"wp","href":"https:\/\/api.w.org\/{rel}","templated":true}]}}