{"id":2461,"date":"2023-02-15T14:32:44","date_gmt":"2023-02-15T13:32:44","guid":{"rendered":"https:\/\/agora.xtec.cat\/ceipteresaclaramunt\/?p=2461"},"modified":"2023-04-25T13:08:41","modified_gmt":"2023-04-25T11:08:41","slug":"jornada-de-portes-obertes-curs-23-24","status":"publish","type":"post","link":"https:\/\/agora.xtec.cat\/ceipteresaclaramunt\/general\/jornada-de-portes-obertes-curs-23-24\/","title":{"rendered":"Jornada de portes obertes curs 23-24"},"content":{"rendered":"<p><img loading=\"lazy\" decoding=\"async\" class=\"aligncenter size-full wp-image-2467\" src=\"https:\/\/agora.xtec.cat\/ceipteresaclaramunt\/wp-content\/uploads\/usu2652\/2023\/01\/Calendari-Portes-obertes-2.jpg\" alt=\"\" width=\"1414\" height=\"2000\" srcset=\"https:\/\/agora.xtec.cat\/ceipteresaclaramunt\/wp-content\/uploads\/usu2652\/2023\/01\/Calendari-Portes-obertes-2.jpg 1414w, https:\/\/agora.xtec.cat\/ceipteresaclaramunt\/wp-content\/uploads\/usu2652\/2023\/01\/Calendari-Portes-obertes-2-212x300.jpg 212w, https:\/\/agora.xtec.cat\/ceipteresaclaramunt\/wp-content\/uploads\/usu2652\/2023\/01\/Calendari-Portes-obertes-2-724x1024.jpg 724w, https:\/\/agora.xtec.cat\/ceipteresaclaramunt\/wp-content\/uploads\/usu2652\/2023\/01\/Calendari-Portes-obertes-2-768x1086.jpg 768w, https:\/\/agora.xtec.cat\/ceipteresaclaramunt\/wp-content\/uploads\/usu2652\/2023\/01\/Calendari-Portes-obertes-2-1086x1536.jpg 1086w\" sizes=\"auto, (max-width: 1414px) 100vw, 1414px\" \/><\/p>\n<p><a href=\"https:\/\/youtu.be\/d4jK0OX--0I\">Presentaci\u00f3 as\u00edncrona Jornada de portes obertes. (cliqueu aqu\u00ed) <span style=\"color: #ff0000;\">(Actualitzaci\u00f3)<\/span><\/a><\/p>\n<p>La visita a l&#8217;escola seran els dies 27 i 28 de febrer a les 17 hores, on a m\u00e9s de poder con\u00e8ixer l&#8217;escola, tindreu oportunitat de resoldre dubtes.<\/p>\n<p>Per apuntar-vos a la visita, envieu un correu electr\u00f2nic a <a href=\"mailto:comunicats@escolateresaclaramunt.com\">comunicats@escolateresaclaramunt.com<\/a> posant a l&#8217;assumpte &#8220;Visita Portes obertes&#8221;. Al cos del missatge cal que hi indiqueu el nom i cognoms, n\u00famero de tel\u00e8fon <span style=\"font-family: inherit; font-size: 1em;\">i nombre de persones assistents.<\/span><\/p>\n<p>Durant tot el proc\u00e9s de preinscriprici\u00f3 i matr\u00edcula tindreu un document de preguntes i respostes m\u00e9s freq\u00fcents (FAQS), aquest document s&#8217;anir\u00e0 actualitzant. Podreu entrar a les FAQS,<a href=\"https:\/\/agora.xtec.cat\/ceipteresaclaramunt\/wp-content\/uploads\/usu2652\/2023\/02\/FAQS-PORTES-OBERTES-2023-24-v2-1.pdf\"> clicant aqu\u00ed.<\/a> <span style=\"color: #ff0000;\">Actualitzaci\u00f3 (14\/02\/2023)<\/span><\/p>\n<p><a href=\"https:\/\/agora.xtec.cat\/ceipteresaclaramunt\/wp-content\/uploads\/usu2652\/2023\/02\/tripticPreinscripcions23.pdf\">Tr\u00edptic informatiu de l&#8217;Ajuntament de Sabadell sobre el per\u00edode de preinscripci\u00f3 i matr\u00edcula<\/a>.<\/p>\n<p>Trobareu els criteris de puntuaci\u00f3 en aquest enlla\u00e7: <a href=\"https:\/\/preinscripcio.gencat.cat\/ca\/estudis\/infantil-3-6\/informat\/criteris-assignacio\/\">https:\/\/preinscripcio.gencat.cat\/ca\/estudis\/infantil-3-6\/informat\/criteris-assignacio\/<\/a><\/p>\n<p>Les dates de preinscripci\u00f3 s\u00f3n del 6 al 20 de mar\u00e7 i les dates de matr\u00edcula s\u00f3n del 20 al 28 de juny.<\/p>\n","protected":false},"excerpt":{"rendered":"<p><a href=\"https:\/\/youtu.be\/d4jK0OX--0I\">Presentaci\u00f3 as\u00edncrona Jornada de portes obertes. (cliqueu aqu\u00ed) (Actualitzaci\u00f3)<\/a><br \/>\nLa visita a l&#8217;escola seran els dies 27 i 28 de febrer a les 17 hores, on a m\u00e9s de poder con\u00e8ixer l&#8217;escola, tindreu oportunitat de resoldre dubtes.<br \/>\nPer apuntar-vos a la visita, envieu un correu electr\u00f2nic&hellip;  <a href=\"https:\/\/agora.xtec.cat\/ceipteresaclaramunt\/general\/jornada-de-portes-obertes-curs-23-24\/\" title=\"Read Jornada de portes obertes curs 23-24\">Llegeix m\u00e9s\u00bb<\/a><\/p>\n","protected":false},"author":1,"featured_media":2464,"comment_status":"closed","ping_status":"closed","sticky":false,"template":"","format":"standard","meta":{"_bbp_topic_count":0,"_bbp_reply_count":0,"_bbp_total_topic_count":0,"_bbp_total_reply_count":0,"_bbp_voice_count":0,"_bbp_anonymous_reply_count":0,"_bbp_topic_count_hidden":0,"_bbp_reply_count_hidden":0,"_bbp_forum_subforum_count":0,"footnotes":""},"categories":[55,54,1,52],"tags":[],"class_list":["post-2461","post","type-post","status-publish","format-standard","has-post-thumbnail","hentry","category-comunicats","category-escola","category-general","category-portes-obertes"],"post_mailing_queue_ids":[],"_links":{"self":[{"href":"https:\/\/agora.xtec.cat\/ceipteresaclaramunt\/wp-json\/wp\/v2\/posts\/2461","targetHints":{"allow":["GET"]}}],"collection":[{"href":"https:\/\/agora.xtec.cat\/ceipteresaclaramunt\/wp-json\/wp\/v2\/posts"}],"about":[{"href":"https:\/\/agora.xtec.cat\/ceipteresaclaramunt\/wp-json\/wp\/v2\/types\/post"}],"author":[{"embeddable":true,"href":"https:\/\/agora.xtec.cat\/ceipteresaclaramunt\/wp-json\/wp\/v2\/users\/1"}],"replies":[{"embeddable":true,"href":"https:\/\/agora.xtec.cat\/ceipteresaclaramunt\/wp-json\/wp\/v2\/comments?post=2461"}],"version-history":[{"count":4,"href":"https:\/\/agora.xtec.cat\/ceipteresaclaramunt\/wp-json\/wp\/v2\/posts\/2461\/revisions"}],"predecessor-version":[{"id":2521,"href":"https:\/\/agora.xtec.cat\/ceipteresaclaramunt\/wp-json\/wp\/v2\/posts\/2461\/revisions\/2521"}],"wp:featuredmedia":[{"embeddable":true,"href":"https:\/\/agora.xtec.cat\/ceipteresaclaramunt\/wp-json\/wp\/v2\/media\/2464"}],"wp:attachment":[{"href":"https:\/\/agora.xtec.cat\/ceipteresaclaramunt\/wp-json\/wp\/v2\/media?parent=2461"}],"wp:term":[{"taxonomy":"category","embeddable":true,"href":"https:\/\/agora.xtec.cat\/ceipteresaclaramunt\/wp-json\/wp\/v2\/categories?post=2461"},{"taxonomy":"post_tag","embeddable":true,"href":"https:\/\/agora.xtec.cat\/ceipteresaclaramunt\/wp-json\/wp\/v2\/tags?post=2461"}],"curies":[{"name":"wp","href":"https:\/\/api.w.org\/{rel}","templated":true}]}}