{"id":2401,"date":"2022-12-13T14:02:54","date_gmt":"2022-12-13T13:02:54","guid":{"rendered":"https:\/\/agora.xtec.cat\/ceipteresaclaramunt\/?p=2401"},"modified":"2023-04-25T13:08:03","modified_gmt":"2023-04-25T11:08:03","slug":"prgrama-concert-de-nadal","status":"publish","type":"post","link":"https:\/\/agora.xtec.cat\/ceipteresaclaramunt\/general\/prgrama-concert-de-nadal\/","title":{"rendered":"Programa concert de Nadal"},"content":{"rendered":"<p>Benvolgudes fam\u00edlies,<\/p>\n<p>Us presentem la gravaci\u00f3 del concert de Nadal. Agra\u00efm tot l&#8217;esfor\u00e7 a en Francesc Viaplana, tant en la gravaci\u00f3 com en la realitzaci\u00f3 dels v\u00eddeos. <a href=\"https:\/\/drive.google.com\/drive\/folders\/1XUpvlN_frHL4S1GXRG9_zDR0Cg9wYEWY?usp=sharing\">Cliqueu aqu\u00ed per poder-los veure.<\/a><\/p>\n<p style=\"text-align: justify;\"><img loading=\"lazy\" decoding=\"async\" class=\"wp-image-2405 aligncenter\" src=\"https:\/\/agora.xtec.cat\/ceipteresaclaramunt\/wp-content\/uploads\/usu2652\/2022\/12\/Programa-concert-de-Nadal_page-0001.jpg\" alt=\"\" width=\"348\" height=\"493\" srcset=\"https:\/\/agora.xtec.cat\/ceipteresaclaramunt\/wp-content\/uploads\/usu2652\/2022\/12\/Programa-concert-de-Nadal_page-0001.jpg 1240w, https:\/\/agora.xtec.cat\/ceipteresaclaramunt\/wp-content\/uploads\/usu2652\/2022\/12\/Programa-concert-de-Nadal_page-0001-212x300.jpg 212w, https:\/\/agora.xtec.cat\/ceipteresaclaramunt\/wp-content\/uploads\/usu2652\/2022\/12\/Programa-concert-de-Nadal_page-0001-724x1024.jpg 724w, https:\/\/agora.xtec.cat\/ceipteresaclaramunt\/wp-content\/uploads\/usu2652\/2022\/12\/Programa-concert-de-Nadal_page-0001-768x1087.jpg 768w, https:\/\/agora.xtec.cat\/ceipteresaclaramunt\/wp-content\/uploads\/usu2652\/2022\/12\/Programa-concert-de-Nadal_page-0001-1085x1536.jpg 1085w\" sizes=\"auto, (max-width: 348px) 100vw, 348px\" \/><\/p>\n","protected":false},"excerpt":{"rendered":"<p>Benvolgudes fam\u00edlies,<br \/>\nUs presentem la gravaci\u00f3 del concert de Nadal. Agra\u00efm tot l&#8217;esfor\u00e7 a en Francesc Viaplana, tant en la gravaci\u00f3 com en la realitzaci\u00f3 dels v\u00eddeos. <a href=\"https:\/\/drive.google.com\/drive\/folders\/1XUpvlN_frHL4S1GXRG9_zDR0Cg9wYEWY?usp=sharing\">Cliqueu aqu\u00ed per poder-los veure.<\/a><\/p>\n","protected":false},"author":1,"featured_media":2405,"comment_status":"closed","ping_status":"closed","sticky":false,"template":"","format":"standard","meta":{"_bbp_topic_count":0,"_bbp_reply_count":0,"_bbp_total_topic_count":0,"_bbp_total_reply_count":0,"_bbp_voice_count":0,"_bbp_anonymous_reply_count":0,"_bbp_topic_count_hidden":0,"_bbp_reply_count_hidden":0,"_bbp_forum_subforum_count":0,"footnotes":""},"categories":[55,49,1],"tags":[],"class_list":["post-2401","post","type-post","status-publish","format-standard","has-post-thumbnail","hentry","category-comunicats","category-festes","category-general"],"post_mailing_queue_ids":[],"_links":{"self":[{"href":"https:\/\/agora.xtec.cat\/ceipteresaclaramunt\/wp-json\/wp\/v2\/posts\/2401","targetHints":{"allow":["GET"]}}],"collection":[{"href":"https:\/\/agora.xtec.cat\/ceipteresaclaramunt\/wp-json\/wp\/v2\/posts"}],"about":[{"href":"https:\/\/agora.xtec.cat\/ceipteresaclaramunt\/wp-json\/wp\/v2\/types\/post"}],"author":[{"embeddable":true,"href":"https:\/\/agora.xtec.cat\/ceipteresaclaramunt\/wp-json\/wp\/v2\/users\/1"}],"replies":[{"embeddable":true,"href":"https:\/\/agora.xtec.cat\/ceipteresaclaramunt\/wp-json\/wp\/v2\/comments?post=2401"}],"version-history":[{"count":3,"href":"https:\/\/agora.xtec.cat\/ceipteresaclaramunt\/wp-json\/wp\/v2\/posts\/2401\/revisions"}],"predecessor-version":[{"id":2470,"href":"https:\/\/agora.xtec.cat\/ceipteresaclaramunt\/wp-json\/wp\/v2\/posts\/2401\/revisions\/2470"}],"wp:featuredmedia":[{"embeddable":true,"href":"https:\/\/agora.xtec.cat\/ceipteresaclaramunt\/wp-json\/wp\/v2\/media\/2405"}],"wp:attachment":[{"href":"https:\/\/agora.xtec.cat\/ceipteresaclaramunt\/wp-json\/wp\/v2\/media?parent=2401"}],"wp:term":[{"taxonomy":"category","embeddable":true,"href":"https:\/\/agora.xtec.cat\/ceipteresaclaramunt\/wp-json\/wp\/v2\/categories?post=2401"},{"taxonomy":"post_tag","embeddable":true,"href":"https:\/\/agora.xtec.cat\/ceipteresaclaramunt\/wp-json\/wp\/v2\/tags?post=2401"}],"curies":[{"name":"wp","href":"https:\/\/api.w.org\/{rel}","templated":true}]}}