{"id":2264,"date":"2022-06-15T13:23:21","date_gmt":"2022-06-15T11:23:21","guid":{"rendered":"https:\/\/agora.xtec.cat\/ceipteresaclaramunt\/?p=2264"},"modified":"2023-04-25T13:06:54","modified_gmt":"2023-04-25T11:06:54","slug":"cursa-de-lescola","status":"publish","type":"post","link":"https:\/\/agora.xtec.cat\/ceipteresaclaramunt\/general\/cursa-de-lescola\/","title":{"rendered":"Cursa de l&#8217;escola"},"content":{"rendered":"<p>Benvolgudes fam\u00edlies,<\/p>\n<p>Us comuniquem que disposareu de les fotos de la cursa en aquests enlla\u00e7os fins a principis de juliol. Despr\u00e9s hi traurem l\u2019acc\u00e9s:<\/p>\n<p><a href=\"https:\/\/photos.app.goo.gl\/43Q4LhdC88fUrP126\">https:\/\/photos.app.goo.gl\/43Q4LhdC88fUrP126<\/a><\/p>\n<p><a href=\"https:\/\/drive.google.com\/drive\/folders\/1nokwtN0hKGCiy4azJFb7ivj7DPxEjI1-?usp=sharing\">https:\/\/drive.google.com\/drive\/folders\/1nokwtN0hKGCiy4azJFb7ivj7DPxEjI1-?usp=sharing<\/a><\/p>\n<p>Aprofitem per agrair a les fam\u00edlies col\u00b7laboradores en l\u2019organitzaci\u00f3 de la cursa, que va ser tot un \u00e8xit i gr\u00e0cies tamb\u00e9 a les fam\u00edlies que van fer les fotografies durant les curses.<\/p>\n<p>Moltes gr\u00e0cies a tothom i esperem i desitgem que la propera tamb\u00e9 sigui tan participativa.<\/p>\n","protected":false},"excerpt":{"rendered":"<p>Benvolgudes fam\u00edlies,<br \/>\nUs comuniquem que disposareu de les fotos de la cursa en aquests enlla\u00e7os fins a principis de juliol. Despr\u00e9s hi traurem l\u2019acc\u00e9s:<br \/>\n<a href=\"https:\/\/photos.app.goo.gl\/43Q4LhdC88fUrP126\">https:\/\/photos.app.goo.gl\/43Q4LhdC88fUrP126<\/a><br \/>\n<a href=\"https:\/\/drive.google.com\/drive\/folders\/1nokwtN0hKGCiy4azJFb7ivj7DPxEjI1-?usp=sharing\">https:\/\/drive.google.com\/drive\/folders\/1nokwtN0hKGCiy4azJFb7ivj7DPxEjI1-?usp=sharing<\/a><br \/>\nAprofitem per agrair a les fam\u00edlies col\u00b7laboradores en l\u2019organitzaci\u00f3 de la cursa, que va ser tot un \u00e8xit i gr\u00e0cies tamb\u00e9&hellip;  <a href=\"https:\/\/agora.xtec.cat\/ceipteresaclaramunt\/general\/cursa-de-lescola\/\" title=\"Read Cursa de l&#8217;escola\">Llegeix m\u00e9s\u00bb<\/a><\/p>\n","protected":false},"author":1,"featured_media":0,"comment_status":"open","ping_status":"closed","sticky":false,"template":"","format":"standard","meta":{"_bbp_topic_count":0,"_bbp_reply_count":0,"_bbp_total_topic_count":0,"_bbp_total_reply_count":0,"_bbp_voice_count":0,"_bbp_anonymous_reply_count":0,"_bbp_topic_count_hidden":0,"_bbp_reply_count_hidden":0,"_bbp_forum_subforum_count":0,"footnotes":""},"categories":[7,55,49,1],"tags":[],"class_list":["post-2264","post","type-post","status-publish","format-standard","hentry","category-afa","category-comunicats","category-festes","category-general"],"post_mailing_queue_ids":[],"_links":{"self":[{"href":"https:\/\/agora.xtec.cat\/ceipteresaclaramunt\/wp-json\/wp\/v2\/posts\/2264","targetHints":{"allow":["GET"]}}],"collection":[{"href":"https:\/\/agora.xtec.cat\/ceipteresaclaramunt\/wp-json\/wp\/v2\/posts"}],"about":[{"href":"https:\/\/agora.xtec.cat\/ceipteresaclaramunt\/wp-json\/wp\/v2\/types\/post"}],"author":[{"embeddable":true,"href":"https:\/\/agora.xtec.cat\/ceipteresaclaramunt\/wp-json\/wp\/v2\/users\/1"}],"replies":[{"embeddable":true,"href":"https:\/\/agora.xtec.cat\/ceipteresaclaramunt\/wp-json\/wp\/v2\/comments?post=2264"}],"version-history":[{"count":1,"href":"https:\/\/agora.xtec.cat\/ceipteresaclaramunt\/wp-json\/wp\/v2\/posts\/2264\/revisions"}],"predecessor-version":[{"id":2265,"href":"https:\/\/agora.xtec.cat\/ceipteresaclaramunt\/wp-json\/wp\/v2\/posts\/2264\/revisions\/2265"}],"wp:attachment":[{"href":"https:\/\/agora.xtec.cat\/ceipteresaclaramunt\/wp-json\/wp\/v2\/media?parent=2264"}],"wp:term":[{"taxonomy":"category","embeddable":true,"href":"https:\/\/agora.xtec.cat\/ceipteresaclaramunt\/wp-json\/wp\/v2\/categories?post=2264"},{"taxonomy":"post_tag","embeddable":true,"href":"https:\/\/agora.xtec.cat\/ceipteresaclaramunt\/wp-json\/wp\/v2\/tags?post=2264"}],"curies":[{"name":"wp","href":"https:\/\/api.w.org\/{rel}","templated":true}]}}