{"id":2251,"date":"2022-06-10T08:01:44","date_gmt":"2022-06-10T06:01:44","guid":{"rendered":"https:\/\/agora.xtec.cat\/ceipteresaclaramunt\/?p=2251"},"modified":"2023-04-25T13:06:40","modified_gmt":"2023-04-25T11:06:40","slug":"matriculacio-2022-2023","status":"publish","type":"post","link":"https:\/\/agora.xtec.cat\/ceipteresaclaramunt\/general\/matriculacio-2022-2023\/","title":{"rendered":"Matriculaci\u00f3 2022-2023"},"content":{"rendered":"<p>Benvolgudes fam\u00edlies,<\/p>\n<p>a continuaci\u00f3 podreu veure dos documents. El primer explica quin dia i com es far\u00e0 l&#8217;acte de benvinguda d&#8217;EI3, el segon explica tot all\u00f2 que heu de saber i fer per poder completar la matriculaci\u00f3 d&#8217;un nou infant amb pla\u00e7a al nostre centre:<\/p>\n<ul>\n<li><a href=\"https:\/\/agora.xtec.cat\/ceipteresaclaramunt\/wp-content\/uploads\/usu2652\/2022\/06\/ACTE-BENVINGUDA-I-3-.doc.pdf\">Acte de benvinguda<\/a><\/li>\n<li><a href=\"https:\/\/agora.xtec.cat\/ceipteresaclaramunt\/wp-content\/uploads\/usu2652\/2022\/06\/COM-HE-DE-FER-LA-MATRICULACIO.docx-1.pdf\">Com he de fer la matriculaci\u00f3<\/a><\/li>\n<\/ul>\n<p><span style=\"color: #ff0000;\">Actualitzaci\u00f3 (10\/06\/2022 a les 14:50):<\/span><\/p>\n<ul>\n<li><a href=\"https:\/\/agora.xtec.cat\/ceipteresaclaramunt\/wp-content\/uploads\/usu2652\/2022\/06\/INFORME_OFERTA_OME_definitiva.pdf\">Publicaci\u00f3 de l&#8217;oferta definitiva<\/a><\/li>\n<li><a href=\"https:\/\/agora.xtec.cat\/ceipteresaclaramunt\/wp-content\/uploads\/usu2652\/2022\/06\/INFORME_PREINSCRITES_OME_INFORME_PREINSCRITES_OME.pdf\">Llistat de preinscripci\u00f3<\/a><\/li>\n<li><a href=\"https:\/\/agora.xtec.cat\/ceipteresaclaramunt\/wp-content\/uploads\/usu2652\/2022\/06\/INFORME_ASSIGNADES_INFORME_ASSIGNADES.pdf\">Llistat d&#8217;admesos<\/a><\/li>\n<li><a href=\"https:\/\/agora.xtec.cat\/ceipteresaclaramunt\/wp-content\/uploads\/usu2652\/2022\/06\/INFORME_LLISTA_ESPERA_OME_LLISTA_ESPERA.pdf\">Llista d&#8217;espera<\/a><\/li>\n<li><a href=\"https:\/\/docs.google.com\/forms\/d\/e\/1FAIpQLSfr-UaCLQfVsFB5OHQeLTJS6VBkOSy_lrGICPyUhK5AOah2Qw\/closedform\">Formulari de reclamaci\u00f3 contra la pla\u00e7a assignada<\/a><\/li>\n<\/ul>\n<p>Recordeu trucar al centre (937263188) per poder fer la matriculaci\u00f3 <span style=\"font-family: inherit; font-size: 1em;\">de 9:00 a 14:00.\u00a0<\/span><\/p>\n","protected":false},"excerpt":{"rendered":"<p>Benvolgudes fam\u00edlies,<br \/>\na continuaci\u00f3 podreu veure dos documents. El primer explica quin dia i com es far\u00e0 l&#8217;acte de benvinguda d&#8217;EI3, el segon explica tot all\u00f2 que heu de saber i fer per poder completar la matriculaci\u00f3 d&#8217;un nou infant amb pla\u00e7a al nostre centre:<\/p>\n<ul>\n<li><a href=\"https:\/\/agora.xtec.cat\/ceipteresaclaramunt\/wp-content\/uploads\/usu2652\/2022\/06\/ACTE-BENVINGUDA-I-3-.doc.pdf\">Acte&hellip;  <a href=\"https:\/\/agora.xtec.cat\/ceipteresaclaramunt\/general\/matriculacio-2022-2023\/\" title=\"Read Matriculaci\u00f3 2022-2023\">Llegeix m\u00e9s\u00bb<\/a><br \/>\n","protected":false},"author":1,"featured_media":0,"comment_status":"open","ping_status":"closed","sticky":false,"template":"","format":"standard","meta":{"_bbp_topic_count":0,"_bbp_reply_count":0,"_bbp_total_topic_count":0,"_bbp_total_reply_count":0,"_bbp_voice_count":0,"_bbp_anonymous_reply_count":0,"_bbp_topic_count_hidden":0,"_bbp_reply_count_hidden":0,"_bbp_forum_subforum_count":0,"footnotes":""},"categories":[55,1,57],"tags":[],"class_list":["post-2251","post","type-post","status-publish","format-standard","hentry","category-comunicats","category-general","category-preinscripcio-i-matricula"],"post_mailing_queue_ids":[],"_links":{"self":[{"href":"https:\/\/agora.xtec.cat\/ceipteresaclaramunt\/wp-json\/wp\/v2\/posts\/2251","targetHints":{"allow":["GET"]}}],"collection":[{"href":"https:\/\/agora.xtec.cat\/ceipteresaclaramunt\/wp-json\/wp\/v2\/posts"}],"about":[{"href":"https:\/\/agora.xtec.cat\/ceipteresaclaramunt\/wp-json\/wp\/v2\/types\/post"}],"author":[{"embeddable":true,"href":"https:\/\/agora.xtec.cat\/ceipteresaclaramunt\/wp-json\/wp\/v2\/users\/1"}],"replies":[{"embeddable":true,"href":"https:\/\/agora.xtec.cat\/ceipteresaclaramunt\/wp-json\/wp\/v2\/comments?post=2251"}],"version-history":[{"count":3,"href":"https:\/\/agora.xtec.cat\/ceipteresaclaramunt\/wp-json\/wp\/v2\/posts\/2251\/revisions"}],"predecessor-version":[{"id":2263,"href":"https:\/\/agora.xtec.cat\/ceipteresaclaramunt\/wp-json\/wp\/v2\/posts\/2251\/revisions\/2263"}],"wp:attachment":[{"href":"https:\/\/agora.xtec.cat\/ceipteresaclaramunt\/wp-json\/wp\/v2\/media?parent=2251"}],"wp:term":[{"taxonomy":"category","embeddable":true,"href":"https:\/\/agora.xtec.cat\/ceipteresaclaramunt\/wp-json\/wp\/v2\/categories?post=2251"},{"taxonomy":"post_tag","embeddable":true,"href":"https:\/\/agora.xtec.cat\/ceipteresaclaramunt\/wp-json\/wp\/v2\/tags?post=2251"}],"curies":[{"name":"wp","href":"https:\/\/api.w.org\/{rel}","templated":true}]}}