{"id":2052,"date":"2022-02-01T12:06:07","date_gmt":"2022-02-01T11:06:07","guid":{"rendered":"https:\/\/agora.xtec.cat\/ceipteresaclaramunt\/?p=2052"},"modified":"2023-04-25T13:01:44","modified_gmt":"2023-04-25T11:01:44","slug":"jornada-de-portes-obertes-2022","status":"publish","type":"post","link":"https:\/\/agora.xtec.cat\/ceipteresaclaramunt\/general\/jornada-de-portes-obertes-2022\/","title":{"rendered":"Jornada de portes obertes 2022"},"content":{"rendered":"<p><img loading=\"lazy\" decoding=\"async\" class=\"aligncenter size-full wp-image-2060\" src=\"https:\/\/agora.xtec.cat\/ceipteresaclaramunt\/wp-content\/uploads\/usu2652\/2022\/02\/Portes-obertes-21-22.jpg\" alt=\"\" width=\"1920\" height=\"1080\" srcset=\"https:\/\/agora.xtec.cat\/ceipteresaclaramunt\/wp-content\/uploads\/usu2652\/2022\/02\/Portes-obertes-21-22.jpg 1920w, https:\/\/agora.xtec.cat\/ceipteresaclaramunt\/wp-content\/uploads\/usu2652\/2022\/02\/Portes-obertes-21-22-300x169.jpg 300w, https:\/\/agora.xtec.cat\/ceipteresaclaramunt\/wp-content\/uploads\/usu2652\/2022\/02\/Portes-obertes-21-22-1024x576.jpg 1024w, https:\/\/agora.xtec.cat\/ceipteresaclaramunt\/wp-content\/uploads\/usu2652\/2022\/02\/Portes-obertes-21-22-768x432.jpg 768w, https:\/\/agora.xtec.cat\/ceipteresaclaramunt\/wp-content\/uploads\/usu2652\/2022\/02\/Portes-obertes-21-22-1536x864.jpg 1536w\" sizes=\"auto, (max-width: 1920px) 100vw, 1920px\" \/><\/p>\n<p>&nbsp;<\/p>\n<p>Benvolgudes fam\u00edlies,<\/p>\n<p>Donada la situaci\u00f3 de pand\u00e8mia, aquest any\u00a0<strong>farem portes obertes semi-virtuals<\/strong>, per a mantenir les mesures de prevenci\u00f3 a la nostra escola i protegir la presencialitat de tots els infants i personal del centre. Realitzarem una sessi\u00f3 informativa telem\u00e0tica a trav\u00e9s de Google Meet (que quedar\u00e0 enregistrada) i una visita presencial.<\/p>\n<p>Les nostres portes obertes es desenvoluparan a partir de les seg\u00fcents actuacions:<\/p>\n<ul>\n<li><span style=\"color: #000000;\">(Actualitzaci\u00f3 11\/02) <\/span>Reuni\u00f3 telem\u00e0tica a trav\u00e9s de Google Meet: <a href=\"https:\/\/youtu.be\/dPUiZ7UQVo4\">https:\/\/youtu.be\/dPUiZ7UQVo4<\/a><\/li>\n<li><span style=\"color: #000000;\">(Actualitzaci\u00f3 16\/02)<\/span>Visita presencial el dia <strong>14 o 15 de febrer.<\/strong><\/li>\n<li>Coneix algunes de les diferents metodologies de l&#8217;escola <a href=\"https:\/\/agora.xtec.cat\/ceipteresaclaramunt\/projectesdelcentre\/\">(clica aqu\u00ed per veure els v\u00eddeos de portes obertes, dels espais i les caixes d&#8217;aprenentatge i les explicacions dels nostres projectes i activitats).<\/a><\/li>\n<li>Tr\u00edptic informatiu.<a href=\"https:\/\/agora.xtec.cat\/ceipteresaclaramunt\/wp-content\/uploads\/usu2652\/2022\/02\/triptic2021-22.pdf\"> (clica aqu\u00ed per descarregar)<\/a><\/li>\n<li>Tota la informaci\u00f3 a la p\u00e0gina web i a Instagram.<\/li>\n<li><a href=\"https:\/\/agora.xtec.cat\/ceipteresaclaramunt\/wp-content\/uploads\/usu2652\/2022\/02\/FAQS-PORTES-OBERTES-2022-23-v1.pdf\"><span style=\"color: #ff0000;\"><span style=\"color: #000000;\">(Actualitzaci\u00f3 18\/02)<\/span> <\/span>FAQS versi\u00f3 1<\/a><\/li>\n<li><span style=\"color: #ff0000;\">(Actualitzaci\u00f3 04\/03)<\/span> <a href=\"https:\/\/agora.xtec.cat\/ceipteresaclaramunt\/wp-content\/uploads\/usu2652\/2022\/03\/INFORME_OFERTA_OME_INICIAL-22-23.pdf\">Oferta preinscripci\u00f3 curs 22-23 (clica per veure l&#8217;oferta)<\/a><\/li>\n<\/ul>\n<p>La preinscripci\u00f3 est\u00e0 prevista del <strong>7 al 21 de mar\u00e7<\/strong>. Trobareu tota la informaci\u00f3 a la p\u00e0gina seg\u00fcent: <a href=\"https:\/\/preinscripcio.gencat.cat\/ca\/inici\/\">https:\/\/preinscripcio.gencat.cat\/ca\/inici\/<\/a><\/p>\n","protected":false},"excerpt":{"rendered":"<p>&nbsp;<br \/>\nBenvolgudes fam\u00edlies,<br \/>\nDonada la situaci\u00f3 de pand\u00e8mia, aquest any\u00a0farem portes obertes semi-virtuals, per a mantenir les mesures de prevenci\u00f3 a la nostra escola i protegir la presencialitat de tots els infants i personal del centre. Realitzarem una sessi\u00f3 informativa telem\u00e0tica a trav\u00e9s de Google Meet (que&hellip;  <a href=\"https:\/\/agora.xtec.cat\/ceipteresaclaramunt\/general\/jornada-de-portes-obertes-2022\/\" title=\"Read Jornada de portes obertes 2022\">Llegeix m\u00e9s\u00bb<\/a><\/p>\n","protected":false},"author":1,"featured_media":2060,"comment_status":"closed","ping_status":"closed","sticky":false,"template":"","format":"standard","meta":{"_bbp_topic_count":0,"_bbp_reply_count":0,"_bbp_total_topic_count":0,"_bbp_total_reply_count":0,"_bbp_voice_count":0,"_bbp_anonymous_reply_count":0,"_bbp_topic_count_hidden":0,"_bbp_reply_count_hidden":0,"_bbp_forum_subforum_count":0,"footnotes":""},"categories":[55,1,52],"tags":[],"class_list":["post-2052","post","type-post","status-publish","format-standard","has-post-thumbnail","hentry","category-comunicats","category-general","category-portes-obertes"],"post_mailing_queue_ids":[],"_links":{"self":[{"href":"https:\/\/agora.xtec.cat\/ceipteresaclaramunt\/wp-json\/wp\/v2\/posts\/2052","targetHints":{"allow":["GET"]}}],"collection":[{"href":"https:\/\/agora.xtec.cat\/ceipteresaclaramunt\/wp-json\/wp\/v2\/posts"}],"about":[{"href":"https:\/\/agora.xtec.cat\/ceipteresaclaramunt\/wp-json\/wp\/v2\/types\/post"}],"author":[{"embeddable":true,"href":"https:\/\/agora.xtec.cat\/ceipteresaclaramunt\/wp-json\/wp\/v2\/users\/1"}],"replies":[{"embeddable":true,"href":"https:\/\/agora.xtec.cat\/ceipteresaclaramunt\/wp-json\/wp\/v2\/comments?post=2052"}],"version-history":[{"count":4,"href":"https:\/\/agora.xtec.cat\/ceipteresaclaramunt\/wp-json\/wp\/v2\/posts\/2052\/revisions"}],"predecessor-version":[{"id":2197,"href":"https:\/\/agora.xtec.cat\/ceipteresaclaramunt\/wp-json\/wp\/v2\/posts\/2052\/revisions\/2197"}],"wp:featuredmedia":[{"embeddable":true,"href":"https:\/\/agora.xtec.cat\/ceipteresaclaramunt\/wp-json\/wp\/v2\/media\/2060"}],"wp:attachment":[{"href":"https:\/\/agora.xtec.cat\/ceipteresaclaramunt\/wp-json\/wp\/v2\/media?parent=2052"}],"wp:term":[{"taxonomy":"category","embeddable":true,"href":"https:\/\/agora.xtec.cat\/ceipteresaclaramunt\/wp-json\/wp\/v2\/categories?post=2052"},{"taxonomy":"post_tag","embeddable":true,"href":"https:\/\/agora.xtec.cat\/ceipteresaclaramunt\/wp-json\/wp\/v2\/tags?post=2052"}],"curies":[{"name":"wp","href":"https:\/\/api.w.org\/{rel}","templated":true}]}}