{"id":1778,"date":"2021-03-12T10:32:47","date_gmt":"2021-03-12T09:32:47","guid":{"rendered":"http:\/\/agora.xtec.cat\/ceipteresaclaramunt\/?p=1778"},"modified":"2023-04-25T13:00:12","modified_gmt":"2023-04-25T11:00:12","slug":"preinscripcio-i-matricula-curs-2021-2022","status":"publish","type":"post","link":"https:\/\/agora.xtec.cat\/ceipteresaclaramunt\/general\/preinscripcio-i-matricula-curs-2021-2022\/","title":{"rendered":"Preinscripci\u00f3 i matr\u00edcula curs 2021-2022"},"content":{"rendered":"<h2 style=\"text-align: center;\"><strong><span style=\"color: #ff0000;\">\u00daltima actualitzaci\u00f3: 07\/06\/2021 a les 9:30<\/span><\/strong><\/h2>\n<h4><\/h4>\n<h2 style=\"text-align: left;\"><a href=\"https:\/\/drive.google.com\/drive\/folders\/11ACZgNRZxNfOiwDLzqpUYQyLvOzWF_VT?usp=sharing\">Cliqueu aqu\u00ed per con\u00e8ixer com formalitzar el proc\u00e9s de preinscripci\u00f3 i el llistat d&#8217;assignats i la llista d&#8217;espera.<\/a><\/h2>\n<p>&nbsp;<\/p>\n<h3>Fes el seguiment de <a href=\"https:\/\/preinscripcio.gencat.cat\/ca\/estudis\/infantil-3-6\/preinscriute\/seguiment-sollicitud\/\">la teva sol\u00b7licitud aqu\u00ed<\/a>. Tamb\u00e9 hi trobareu el model de reclamaci\u00f3 si fos necessari.<\/h3>\n<h3>Consulta <a href=\"https:\/\/preinscripcio.gencat.cat\/ca\/estudis\/infantil-3-6\/informat\/calendari\">aqu\u00ed el calendari i terminis<\/a> per la preinscripci\u00f3 pel curs 2021\/22.<\/h3>\n<h3><\/h3>\n<h2><\/h2>\n<p>&nbsp;<\/p>\n","protected":false},"excerpt":{"rendered":"<p>\u00daltima actualitzaci\u00f3: 07\/06\/2021 a les 9:30<\/p>\n<p><a href=\"https:\/\/drive.google.com\/drive\/folders\/11ACZgNRZxNfOiwDLzqpUYQyLvOzWF_VT?usp=sharing\">Cliqueu aqu\u00ed per con\u00e8ixer com formalitzar el proc\u00e9s de preinscripci\u00f3 i el llistat d&#8217;assignats i la llista d&#8217;espera.<\/a><br \/>\n&nbsp;<br \/>\nFes el seguiment de <a href=\"https:\/\/preinscripcio.gencat.cat\/ca\/estudis\/infantil-3-6\/preinscriute\/seguiment-sollicitud\/\">la teva sol\u00b7licitud aqu\u00ed<\/a>. Tamb\u00e9 hi trobareu el model de reclamaci\u00f3 si fos necessari.<br \/>\nConsulta <a href=\"https:\/\/preinscripcio.gencat.cat\/ca\/estudis\/infantil-3-6\/informat\/calendari\">aqu\u00ed el&hellip;  <a href=\"https:\/\/agora.xtec.cat\/ceipteresaclaramunt\/general\/preinscripcio-i-matricula-curs-2021-2022\/\" title=\"Read Preinscripci\u00f3 i matr\u00edcula curs 2021-2022\">Llegeix m\u00e9s\u00bb<\/a><\/p>\n","protected":false},"author":1,"featured_media":0,"comment_status":"closed","ping_status":"closed","sticky":false,"template":"","format":"standard","meta":{"_bbp_topic_count":0,"_bbp_reply_count":0,"_bbp_total_topic_count":0,"_bbp_total_reply_count":0,"_bbp_voice_count":0,"_bbp_anonymous_reply_count":0,"_bbp_topic_count_hidden":0,"_bbp_reply_count_hidden":0,"_bbp_forum_subforum_count":0,"footnotes":""},"categories":[55,1,57],"tags":[],"class_list":["post-1778","post","type-post","status-publish","format-standard","hentry","category-comunicats","category-general","category-preinscripcio-i-matricula"],"post_mailing_queue_ids":[],"_links":{"self":[{"href":"https:\/\/agora.xtec.cat\/ceipteresaclaramunt\/wp-json\/wp\/v2\/posts\/1778","targetHints":{"allow":["GET"]}}],"collection":[{"href":"https:\/\/agora.xtec.cat\/ceipteresaclaramunt\/wp-json\/wp\/v2\/posts"}],"about":[{"href":"https:\/\/agora.xtec.cat\/ceipteresaclaramunt\/wp-json\/wp\/v2\/types\/post"}],"author":[{"embeddable":true,"href":"https:\/\/agora.xtec.cat\/ceipteresaclaramunt\/wp-json\/wp\/v2\/users\/1"}],"replies":[{"embeddable":true,"href":"https:\/\/agora.xtec.cat\/ceipteresaclaramunt\/wp-json\/wp\/v2\/comments?post=1778"}],"version-history":[{"count":4,"href":"https:\/\/agora.xtec.cat\/ceipteresaclaramunt\/wp-json\/wp\/v2\/posts\/1778\/revisions"}],"predecessor-version":[{"id":1899,"href":"https:\/\/agora.xtec.cat\/ceipteresaclaramunt\/wp-json\/wp\/v2\/posts\/1778\/revisions\/1899"}],"wp:attachment":[{"href":"https:\/\/agora.xtec.cat\/ceipteresaclaramunt\/wp-json\/wp\/v2\/media?parent=1778"}],"wp:term":[{"taxonomy":"category","embeddable":true,"href":"https:\/\/agora.xtec.cat\/ceipteresaclaramunt\/wp-json\/wp\/v2\/categories?post=1778"},{"taxonomy":"post_tag","embeddable":true,"href":"https:\/\/agora.xtec.cat\/ceipteresaclaramunt\/wp-json\/wp\/v2\/tags?post=1778"}],"curies":[{"name":"wp","href":"https:\/\/api.w.org\/{rel}","templated":true}]}}