{"id":1735,"date":"2020-09-15T22:36:27","date_gmt":"2020-09-15T20:36:27","guid":{"rendered":"http:\/\/agora.xtec.cat\/ceipteresaclaramunt\/?p=1735"},"modified":"2023-04-25T12:59:00","modified_gmt":"2023-04-25T10:59:00","slug":"pla-dorganitzacio-del-curs-2020-21","status":"publish","type":"post","link":"https:\/\/agora.xtec.cat\/ceipteresaclaramunt\/general\/pla-dorganitzacio-del-curs-2020-21\/","title":{"rendered":"Pla d&#8217;organitzaci\u00f3 del curs 2020-21"},"content":{"rendered":"<p style=\"text-align: left;\"><strong>Benvolgudes fam\u00edlies,<\/strong><\/p>\n<p style=\"text-align: left;\"><strong>Hem actualitzat tota la informaci\u00f3 relativa a l&#8217;inici de curs del proper dilluns. Trobareu totes les informacions necess\u00e0ries clicant al men\u00fa. En destaquem els documents d&#8217;inici de curs per cicles.<\/strong><\/p>\n<p style=\"text-align: left;\"><strong>Tamb\u00e9 trobareu el Pla d&#8217;organitzaci\u00f3 definitiu del curs 2020\/21 i una presentaci\u00f3-resum d&#8217;aquest.<\/strong><\/p>\n<p style=\"text-align: left;\"><strong>Moltes gr\u00e0cies per tot i us desitgem un bon curs !<\/strong><\/p>\n<p style=\"text-align: left;\"><strong>Us esperem amb els bra\u00e7os oberts!<\/strong><\/p>\n<p style=\"text-align: left;\"><a href=\"https:\/\/agora.xtec.cat\/ceipteresaclaramunt\/wp-content\/uploads\/usu667\/2021\/01\/PLA-DORGANITZACI\u00d3-DEL-CURS-20-21-ESCOLA-TERESA-CLARAMUNT-2n-tri.pdf\"><strong>PLA D&#8217;ORGANITZACI\u00d3 DEL CURS 2020\/21 (versi\u00f3 definitiva)<\/strong><\/a><\/p>\n<p><iframe loading=\"lazy\" src=\"https:\/\/www.youtube.com\/embed\/fwf0CfSAT2g\" width=\"1360\" height=\"315\" frameborder=\"0\"><span data-mce-type=\"bookmark\" style=\"display: inline-block; width: 0px; overflow: hidden; line-height: 0;\" class=\"mce_SELRES_start\"><\/span><\/iframe><\/p>\n","protected":false},"excerpt":{"rendered":"<p>Benvolgudes fam\u00edlies,<br \/>\nHem actualitzat tota la informaci\u00f3 relativa a l&#8217;inici de curs del proper dilluns. Trobareu totes les informacions necess\u00e0ries clicant al men\u00fa. En destaquem els documents d&#8217;inici de curs per cicles.<br \/>\nTamb\u00e9 trobareu el Pla d&#8217;organitzaci\u00f3 definitiu del curs 2020\/21 i una presentaci\u00f3-resum d&#8217;aquest.<br \/>\nMoltes gr\u00e0cies per&hellip;  <a href=\"https:\/\/agora.xtec.cat\/ceipteresaclaramunt\/general\/pla-dorganitzacio-del-curs-2020-21\/\" title=\"Read Pla d&#8217;organitzaci\u00f3 del curs 2020-21\">Llegeix m\u00e9s\u00bb<\/a><\/p>\n","protected":false},"author":1,"featured_media":1736,"comment_status":"open","ping_status":"closed","sticky":false,"template":"","format":"standard","meta":{"_bbp_topic_count":0,"_bbp_reply_count":0,"_bbp_total_topic_count":0,"_bbp_total_reply_count":0,"_bbp_voice_count":0,"_bbp_anonymous_reply_count":0,"_bbp_topic_count_hidden":0,"_bbp_reply_count_hidden":0,"_bbp_forum_subforum_count":0,"footnotes":""},"categories":[55,1],"tags":[],"class_list":["post-1735","post","type-post","status-publish","format-standard","has-post-thumbnail","hentry","category-comunicats","category-general"],"post_mailing_queue_ids":[],"_links":{"self":[{"href":"https:\/\/agora.xtec.cat\/ceipteresaclaramunt\/wp-json\/wp\/v2\/posts\/1735","targetHints":{"allow":["GET"]}}],"collection":[{"href":"https:\/\/agora.xtec.cat\/ceipteresaclaramunt\/wp-json\/wp\/v2\/posts"}],"about":[{"href":"https:\/\/agora.xtec.cat\/ceipteresaclaramunt\/wp-json\/wp\/v2\/types\/post"}],"author":[{"embeddable":true,"href":"https:\/\/agora.xtec.cat\/ceipteresaclaramunt\/wp-json\/wp\/v2\/users\/1"}],"replies":[{"embeddable":true,"href":"https:\/\/agora.xtec.cat\/ceipteresaclaramunt\/wp-json\/wp\/v2\/comments?post=1735"}],"version-history":[{"count":2,"href":"https:\/\/agora.xtec.cat\/ceipteresaclaramunt\/wp-json\/wp\/v2\/posts\/1735\/revisions"}],"predecessor-version":[{"id":1738,"href":"https:\/\/agora.xtec.cat\/ceipteresaclaramunt\/wp-json\/wp\/v2\/posts\/1735\/revisions\/1738"}],"wp:featuredmedia":[{"embeddable":true,"href":"https:\/\/agora.xtec.cat\/ceipteresaclaramunt\/wp-json\/wp\/v2\/media\/1736"}],"wp:attachment":[{"href":"https:\/\/agora.xtec.cat\/ceipteresaclaramunt\/wp-json\/wp\/v2\/media?parent=1735"}],"wp:term":[{"taxonomy":"category","embeddable":true,"href":"https:\/\/agora.xtec.cat\/ceipteresaclaramunt\/wp-json\/wp\/v2\/categories?post=1735"},{"taxonomy":"post_tag","embeddable":true,"href":"https:\/\/agora.xtec.cat\/ceipteresaclaramunt\/wp-json\/wp\/v2\/tags?post=1735"}],"curies":[{"name":"wp","href":"https:\/\/api.w.org\/{rel}","templated":true}]}}