{"id":1587,"date":"2021-01-26T15:21:43","date_gmt":"2021-01-26T14:21:43","guid":{"rendered":"http:\/\/agora.xtec.cat\/ceipteresaclaramunt\/?p=1587"},"modified":"2023-04-25T12:59:42","modified_gmt":"2023-04-25T10:59:42","slug":"portes-obertes","status":"publish","type":"post","link":"https:\/\/agora.xtec.cat\/ceipteresaclaramunt\/general\/portes-obertes\/","title":{"rendered":"Portes obertes"},"content":{"rendered":"<p>Benvolgudes fam\u00edlies,<\/p>\n<p>Donada la situaci\u00f3 de pand\u00e8mia, aquest any\u00a0<strong>farem portes obertes virtuals<\/strong>, per a mantenir les mesures de prevenci\u00f3 a la nostra escola i protegir la presencialitat de tots els infants i personal del centre. Agra\u00efm la vostra comprensi\u00f3 i esperem trobar-nos aviat!<\/p>\n<p>Les nostres portes obertes es desenvoluparan a partir de les seg\u00fcents actuacions:<\/p>\n<ul>\n<li><span style=\"color: #ff0000;\">NOU! <\/span>Reuni\u00f3 telem\u00e0tica a trav\u00e9s de Google Meet (gravaci\u00f3):<a href=\"https:\/\/youtu.be\/6Hr27-fLXrU\">https:\/\/youtu.be\/6Hr27-fLXrU<\/a><\/li>\n<li>Visita virtual a l&#8217;escola. <a href=\"https:\/\/youtu.be\/6DomqtOwoUY\">(clica aqu\u00ed per veure les instal\u00b7lacions de l&#8217;escola).<\/a><\/li>\n<li>Mira algunes de les diferents formes de treballar a l&#8217;escola <a href=\"https:\/\/agora.xtec.cat\/ceipteresaclaramunt\/portes-obertes\/\">(clica aqu\u00ed per veure els v\u00eddeos de portes obertes, dels espais i les caixes d&#8217;aprenentatge)<\/a><\/li>\n<li><span style=\"color: #ff0000;\">NOU! <\/span>FAQS versi\u00f3 2.<a href=\"https:\/\/agora.xtec.cat\/ceipteresaclaramunt\/wp-content\/uploads\/usu667\/2021\/03\/20210309_segonesFAQS-PORTES-OBERTES-de-l\u2019Escola-Teresa-Claramunt-DEFINITIU-2.docx.pdf\">(clica aqu\u00ed per descarregar)\u00a0<\/a><\/li>\n<li>Tr\u00edptic informatiu. <a href=\"https:\/\/agora.xtec.cat\/ceipteresaclaramunt\/wp-content\/uploads\/usu667\/2021\/02\/21-22-tri\u0301ptic-presentacio\u0301-ESCOLA.pdf\">(clica aqu\u00ed per descarregar)<\/a><\/li>\n<li>Tota la informaci\u00f3 a la p\u00e0gina web i a Instagram.<\/li>\n<\/ul>\n<p>*Deixarem a la p\u00e0gina principal de l&#8217;escola un enlla\u00e7 per entrar a la reuni\u00f3 el mateix dia 1 o 8 de mar\u00e7 a partir de les 16:00h. Cal que tingueu l&#8217;aplicaci\u00f3 Google Meet i recomanem entrar amb un compte de Google (gmail). Us demanem que nom\u00e9s entreu totes les persones de la mateixa fam\u00edlia amb un sol dispositiu i tingueu silenciats els micr\u00f2fons. La reuni\u00f3 telem\u00e0tica quedar\u00e0 enregistrada i la publicarem a la p\u00e0gina web l&#8217;endem\u00e0.<\/p>\n<p>La preinscripci\u00f3 est\u00e0 prevista del 15 al 24 de mar\u00e7. Trobareu tota la informaci\u00f3 a la p\u00e0gina seg\u00fcent: <a href=\"https:\/\/preinscripcio.gencat.cat\/ca\/inici\/\">https:\/\/preinscripcio.gencat.cat\/ca\/inici\/<\/a><\/p>\n<p>En el seg\u00fcent enlla\u00e7 podeu trobar una guia per fer la preinscripci\u00f3 i matriculaci\u00f3 en l\u00ednia: <a href=\"https:\/\/preinscripcio.gencat.cat\/web\/.content\/ajuda\/guia-preinscripcio.pdf\">https:\/\/preinscripcio.gencat.cat\/web\/.content\/ajuda\/guia-preinscripcio.pdf\u00a0<\/a><\/p>\n<p><span style=\"color: #ff0000;\">NOU! <span style=\"color: #000000;\">En el seg\u00fcent enlla\u00e7 pots trobar quins centres et donen puntuaci\u00f3 per proximitat:<\/span> <a href=\"https:\/\/www.sabadell.cat\/ca\/centres-educatius\/educacio-infantil\/centres-amb-puntuacio-per-proximitat-educacio-infantil-i-primaria\"><span style=\"color: #00ccff;\">https:\/\/www.sabadell.cat\/ca\/centres-educatius\/educacio-infantil\/centres-amb-puntuacio-per-proximitat-educacio-infantil-i-primaria<\/span><\/a><\/span><\/p>\n<p><img loading=\"lazy\" decoding=\"async\" class=\"aligncenter size-full wp-image-1588\" src=\"https:\/\/agora.xtec.cat\/ceipteresaclaramunt\/wp-content\/uploads\/usu667\/2021\/01\/Web.jpg\" alt=\"\" width=\"1587\" height=\"2245\" srcset=\"https:\/\/agora.xtec.cat\/ceipteresaclaramunt\/wp-content\/uploads\/usu2652\/2021\/01\/Web.jpg 1587w, https:\/\/agora.xtec.cat\/ceipteresaclaramunt\/wp-content\/uploads\/usu2652\/2021\/01\/Web-212x300.jpg 212w, https:\/\/agora.xtec.cat\/ceipteresaclaramunt\/wp-content\/uploads\/usu2652\/2021\/01\/Web-768x1086.jpg 768w, https:\/\/agora.xtec.cat\/ceipteresaclaramunt\/wp-content\/uploads\/usu2652\/2021\/01\/Web-724x1024.jpg 724w\" sizes=\"auto, (max-width: 1587px) 100vw, 1587px\" \/><\/p>\n","protected":false},"excerpt":{"rendered":"<p>Benvolgudes fam\u00edlies,<br \/>\nDonada la situaci\u00f3 de pand\u00e8mia, aquest any\u00a0farem portes obertes virtuals, per a mantenir les mesures de prevenci\u00f3 a la nostra escola i protegir la presencialitat de tots els infants i personal del centre. Agra\u00efm la vostra comprensi\u00f3 i esperem trobar-nos aviat!<br \/>\nLes nostres portes obertes&hellip;  <a href=\"https:\/\/agora.xtec.cat\/ceipteresaclaramunt\/general\/portes-obertes\/\" title=\"Read Portes obertes\">Llegeix m\u00e9s\u00bb<\/a><\/p>\n","protected":false},"author":1,"featured_media":0,"comment_status":"open","ping_status":"closed","sticky":false,"template":"","format":"standard","meta":{"_bbp_topic_count":0,"_bbp_reply_count":0,"_bbp_total_topic_count":0,"_bbp_total_reply_count":0,"_bbp_voice_count":0,"_bbp_anonymous_reply_count":0,"_bbp_topic_count_hidden":0,"_bbp_reply_count_hidden":0,"_bbp_forum_subforum_count":0,"footnotes":""},"categories":[55,1,52],"tags":[],"class_list":["post-1587","post","type-post","status-publish","format-standard","hentry","category-comunicats","category-general","category-portes-obertes"],"post_mailing_queue_ids":[],"_links":{"self":[{"href":"https:\/\/agora.xtec.cat\/ceipteresaclaramunt\/wp-json\/wp\/v2\/posts\/1587","targetHints":{"allow":["GET"]}}],"collection":[{"href":"https:\/\/agora.xtec.cat\/ceipteresaclaramunt\/wp-json\/wp\/v2\/posts"}],"about":[{"href":"https:\/\/agora.xtec.cat\/ceipteresaclaramunt\/wp-json\/wp\/v2\/types\/post"}],"author":[{"embeddable":true,"href":"https:\/\/agora.xtec.cat\/ceipteresaclaramunt\/wp-json\/wp\/v2\/users\/1"}],"replies":[{"embeddable":true,"href":"https:\/\/agora.xtec.cat\/ceipteresaclaramunt\/wp-json\/wp\/v2\/comments?post=1587"}],"version-history":[{"count":3,"href":"https:\/\/agora.xtec.cat\/ceipteresaclaramunt\/wp-json\/wp\/v2\/posts\/1587\/revisions"}],"predecessor-version":[{"id":1777,"href":"https:\/\/agora.xtec.cat\/ceipteresaclaramunt\/wp-json\/wp\/v2\/posts\/1587\/revisions\/1777"}],"wp:attachment":[{"href":"https:\/\/agora.xtec.cat\/ceipteresaclaramunt\/wp-json\/wp\/v2\/media?parent=1587"}],"wp:term":[{"taxonomy":"category","embeddable":true,"href":"https:\/\/agora.xtec.cat\/ceipteresaclaramunt\/wp-json\/wp\/v2\/categories?post=1587"},{"taxonomy":"post_tag","embeddable":true,"href":"https:\/\/agora.xtec.cat\/ceipteresaclaramunt\/wp-json\/wp\/v2\/tags?post=1587"}],"curies":[{"name":"wp","href":"https:\/\/api.w.org\/{rel}","templated":true}]}}