{"id":1559,"date":"2020-12-21T11:29:48","date_gmt":"2020-12-21T10:29:48","guid":{"rendered":"http:\/\/agora.xtec.cat\/ceipteresaclaramunt\/?p=1559"},"modified":"2023-04-25T12:59:31","modified_gmt":"2023-04-25T10:59:31","slug":"felicitacio-de-les-festes-i-concert-de-nadal","status":"publish","type":"post","link":"https:\/\/agora.xtec.cat\/ceipteresaclaramunt\/general\/felicitacio-de-les-festes-i-concert-de-nadal\/","title":{"rendered":"Felicitaci\u00f3 de les festes i concert de Nadal"},"content":{"rendered":"<p>Bones festes, fam\u00edlies i coneguts de l\u2019escola!<\/p>\n<p>Per desitjar-vos unes bones festes deixem el v\u00eddeo de felicitaci\u00f3 de Nadal:<br \/>\n<iframe loading=\"lazy\" src=\"https:\/\/www.youtube.com\/embed\/VWpAEJuAPO0\" width=\"1360\" height=\"315\" frameborder=\"0\"><\/iframe><\/p>\n<p>Aquest any per la situaci\u00f3 que estem vivint no hem pogut realitzar el concert de Nadal presencialment. Per aquest motiu l\u2019hem gravat perqu\u00e8 el podeu veure. Hi ha dos v\u00eddeos, un amb totes les can\u00e7ons dels grups A i un amb totes les can\u00e7ons dels grups B. Estigueu-vos fins al final que trobareu una sorpresa!<\/p>\n<p>Grups A:<\/p>\n<p><iframe loading=\"lazy\" src=\"https:\/\/www.youtube.com\/embed\/xYDZilMUcxU\" width=\"1280\" height=\"720\" frameborder=\"0\"><\/iframe><\/p>\n<p>Grups B:<br \/>\n<iframe loading=\"lazy\" src=\"https:\/\/www.youtube.com\/embed\/L3VrLq8kKWQ\" width=\"1360\" height=\"315\" frameborder=\"0\"><\/iframe><\/p>\n<p>Que passeu unes bones festes, i aquest any m\u00e9s que mai desitgem salut per a tothom.<\/p>\n<p>Ens veiem l\u201911 de gener!<\/p>\n","protected":false},"excerpt":{"rendered":"<p>Bones festes, fam\u00edlies i coneguts de l\u2019escola!<br \/>\nPer desitjar-vos unes bones festes deixem el v\u00eddeo de felicitaci\u00f3 de Nadal:<\/p>\n<p>Aquest any per la situaci\u00f3 que estem vivint no hem pogut realitzar el concert de Nadal presencialment. Per aquest motiu l\u2019hem gravat perqu\u00e8 el podeu veure. Hi ha&hellip;  <a href=\"https:\/\/agora.xtec.cat\/ceipteresaclaramunt\/general\/felicitacio-de-les-festes-i-concert-de-nadal\/\" title=\"Read Felicitaci\u00f3 de les festes i concert de Nadal\">Llegeix m\u00e9s\u00bb<\/a><\/p>\n","protected":false},"author":1,"featured_media":1560,"comment_status":"open","ping_status":"closed","sticky":false,"template":"","format":"standard","meta":{"_bbp_topic_count":0,"_bbp_reply_count":0,"_bbp_total_topic_count":0,"_bbp_total_reply_count":0,"_bbp_voice_count":0,"_bbp_anonymous_reply_count":0,"_bbp_topic_count_hidden":0,"_bbp_reply_count_hidden":0,"_bbp_forum_subforum_count":0,"footnotes":""},"categories":[49,1],"tags":[],"class_list":["post-1559","post","type-post","status-publish","format-standard","has-post-thumbnail","hentry","category-festes","category-general"],"post_mailing_queue_ids":[],"_links":{"self":[{"href":"https:\/\/agora.xtec.cat\/ceipteresaclaramunt\/wp-json\/wp\/v2\/posts\/1559","targetHints":{"allow":["GET"]}}],"collection":[{"href":"https:\/\/agora.xtec.cat\/ceipteresaclaramunt\/wp-json\/wp\/v2\/posts"}],"about":[{"href":"https:\/\/agora.xtec.cat\/ceipteresaclaramunt\/wp-json\/wp\/v2\/types\/post"}],"author":[{"embeddable":true,"href":"https:\/\/agora.xtec.cat\/ceipteresaclaramunt\/wp-json\/wp\/v2\/users\/1"}],"replies":[{"embeddable":true,"href":"https:\/\/agora.xtec.cat\/ceipteresaclaramunt\/wp-json\/wp\/v2\/comments?post=1559"}],"version-history":[{"count":3,"href":"https:\/\/agora.xtec.cat\/ceipteresaclaramunt\/wp-json\/wp\/v2\/posts\/1559\/revisions"}],"predecessor-version":[{"id":1566,"href":"https:\/\/agora.xtec.cat\/ceipteresaclaramunt\/wp-json\/wp\/v2\/posts\/1559\/revisions\/1566"}],"wp:featuredmedia":[{"embeddable":true,"href":"https:\/\/agora.xtec.cat\/ceipteresaclaramunt\/wp-json\/wp\/v2\/media\/1560"}],"wp:attachment":[{"href":"https:\/\/agora.xtec.cat\/ceipteresaclaramunt\/wp-json\/wp\/v2\/media?parent=1559"}],"wp:term":[{"taxonomy":"category","embeddable":true,"href":"https:\/\/agora.xtec.cat\/ceipteresaclaramunt\/wp-json\/wp\/v2\/categories?post=1559"},{"taxonomy":"post_tag","embeddable":true,"href":"https:\/\/agora.xtec.cat\/ceipteresaclaramunt\/wp-json\/wp\/v2\/tags?post=1559"}],"curies":[{"name":"wp","href":"https:\/\/api.w.org\/{rel}","templated":true}]}}