{"id":1425,"date":"2020-06-22T11:00:52","date_gmt":"2020-06-22T09:00:52","guid":{"rendered":"http:\/\/agora.xtec.cat\/ceipteresaclaramunt\/?p=1425"},"modified":"2023-04-25T12:58:49","modified_gmt":"2023-04-25T10:58:49","slug":"cantania-2020","status":"publish","type":"post","link":"https:\/\/agora.xtec.cat\/ceipteresaclaramunt\/general\/cantania-2020\/","title":{"rendered":"Cant\u00e0nia 2020"},"content":{"rendered":"<p>Benvolgudes fam\u00edlies,<\/p>\n<p>L&#8217;Auditori de Barcelona, a trav\u00e9s de l&#8217;auditori virtual, ha fet una recopilaci\u00f3 de les can\u00e7ons de la cant\u00e0nia 2019-20. Si entreu a la seva p\u00e0gina web i aneu mirant les fotografies, segur que us encantaran !<\/p>\n<p><a href=\"https:\/\/www.auditoridigital.cat\/virtual\/\">Auditori Virtual de Barcelona<\/a><\/p>\n","protected":false},"excerpt":{"rendered":"<p>Benvolgudes fam\u00edlies,<br \/>\nL&#8217;Auditori de Barcelona, a trav\u00e9s de l&#8217;auditori virtual, ha fet una recopilaci\u00f3 de les can\u00e7ons de la cant\u00e0nia 2019-20. Si entreu a la seva p\u00e0gina web i aneu mirant les fotografies, segur que us encantaran !<br \/>\n<a href=\"https:\/\/www.auditoridigital.cat\/virtual\/\">Auditori Virtual de Barcelona<\/a><\/p>\n","protected":false},"author":1,"featured_media":0,"comment_status":"open","ping_status":"closed","sticky":false,"template":"","format":"standard","meta":{"_bbp_topic_count":0,"_bbp_reply_count":0,"_bbp_total_topic_count":0,"_bbp_total_reply_count":0,"_bbp_voice_count":0,"_bbp_anonymous_reply_count":0,"_bbp_topic_count_hidden":0,"_bbp_reply_count_hidden":0,"_bbp_forum_subforum_count":0,"footnotes":""},"categories":[49,1],"tags":[],"class_list":["post-1425","post","type-post","status-publish","format-standard","hentry","category-festes","category-general"],"post_mailing_queue_ids":[],"_links":{"self":[{"href":"https:\/\/agora.xtec.cat\/ceipteresaclaramunt\/wp-json\/wp\/v2\/posts\/1425","targetHints":{"allow":["GET"]}}],"collection":[{"href":"https:\/\/agora.xtec.cat\/ceipteresaclaramunt\/wp-json\/wp\/v2\/posts"}],"about":[{"href":"https:\/\/agora.xtec.cat\/ceipteresaclaramunt\/wp-json\/wp\/v2\/types\/post"}],"author":[{"embeddable":true,"href":"https:\/\/agora.xtec.cat\/ceipteresaclaramunt\/wp-json\/wp\/v2\/users\/1"}],"replies":[{"embeddable":true,"href":"https:\/\/agora.xtec.cat\/ceipteresaclaramunt\/wp-json\/wp\/v2\/comments?post=1425"}],"version-history":[{"count":1,"href":"https:\/\/agora.xtec.cat\/ceipteresaclaramunt\/wp-json\/wp\/v2\/posts\/1425\/revisions"}],"predecessor-version":[{"id":1426,"href":"https:\/\/agora.xtec.cat\/ceipteresaclaramunt\/wp-json\/wp\/v2\/posts\/1425\/revisions\/1426"}],"wp:attachment":[{"href":"https:\/\/agora.xtec.cat\/ceipteresaclaramunt\/wp-json\/wp\/v2\/media?parent=1425"}],"wp:term":[{"taxonomy":"category","embeddable":true,"href":"https:\/\/agora.xtec.cat\/ceipteresaclaramunt\/wp-json\/wp\/v2\/categories?post=1425"},{"taxonomy":"post_tag","embeddable":true,"href":"https:\/\/agora.xtec.cat\/ceipteresaclaramunt\/wp-json\/wp\/v2\/tags?post=1425"}],"curies":[{"name":"wp","href":"https:\/\/api.w.org\/{rel}","templated":true}]}}