{"id":1072,"date":"2019-03-08T08:58:13","date_gmt":"2019-03-08T07:58:13","guid":{"rendered":"http:\/\/agora.xtec.cat\/ceipteresaclaramunt\/?p=1072"},"modified":"2023-04-25T12:55:34","modified_gmt":"2023-04-25T10:55:34","slug":"comunicat-de-vaga-8m","status":"publish","type":"post","link":"https:\/\/agora.xtec.cat\/ceipteresaclaramunt\/general\/comunicat-de-vaga-8m\/","title":{"rendered":"Comunicat de vaga 8M"},"content":{"rendered":"<p>Benvolgudes fam\u00edlies,<\/p>\n<p>Dem\u00e0 divendres <strong>8 de mar\u00e7 de 2018, Dia Internacional de les Dones<\/strong>, les organitzacions sindicals <strong>IAC, I-CSC, CGT, CNT, SUTSO, CO.BAS, AST, SINDI.CAT i Confederaci\u00f3 Intersindical<\/strong> han convocat una <strong>jornada de vaga general de 00.00 a 24.00 hores<\/strong>. I\u00a0 els sindicats <strong>CCOO, UGT i USOC<\/strong> han convocat <strong>una jornada de vaga general de 2 hores <\/strong>per al mateix dia.<\/p>\n<p>A la nostra escola, en aquests moments, hi ha 5 mestres que s\u2019han adherit a la vaga. Per aquest motiu us demanem la vostra comprensi\u00f3 i col\u00b7laboraci\u00f3, i us agrair\u00edem que, el dem\u00e0 dia 8 de mar\u00e7, aquelles fam\u00edlies que teniu fills i filles als <strong>cursos de <\/strong><strong>6\u00e8, i al SIEI, no els\/les porteu <\/strong><strong>a l\u2019escola,<\/strong> en solidaritat amb els\/les mestres que aquest dia estaran exercint el seu dret a la vaga. Tamb\u00e9 afectar\u00e0 a<strong> l\u2019Educaci\u00f3 F\u00edsica de 1r a la tarda. En aquests grups no podem garantir una activitat lectiva normal<\/strong>.<\/p>\n<p>Tot l\u2019equip de mestres treballem en defensa dels drets humans i els drets socials i en aquest cas pels drets de les dones. <strong>La nostra tasca amb els infants est\u00e0 encaminada a educar-los per a la no discriminaci\u00f3 de sexe i g\u00e8nere, per a la coeducaci\u00f3, per a la igualtat entre les persones i en contra dels abusos i els assetjaments<\/strong>. Sempre la nostra tasca educativa va en aquest cam\u00ed i procurem tenir aquest comprom\u00eds present en el nostre fer de cada dia.<\/p>\n<p>Gr\u00e0cies per la vostra atenci\u00f3. Restem a la vostra disposici\u00f3 per a qualsevol dubte i aclariment.<\/p>\n<p>Cordialment,<\/p>\n<p>Susanna Mulet<\/p>\n<p>Directora<\/p>\n<p>Sabadell, 7 de mar\u00e7 de 2019<\/p>\n","protected":false},"excerpt":{"rendered":"<p>Benvolgudes fam\u00edlies,<br \/>\nDem\u00e0 divendres 8 de mar\u00e7 de 2018, Dia Internacional de les Dones, les organitzacions sindicals IAC, I-CSC, CGT, CNT, SUTSO, CO.BAS, AST, SINDI.CAT i Confederaci\u00f3 Intersindical han convocat una jornada de vaga general de 00.00 a 24.00 hores. I\u00a0 els sindicats CCOO, UGT i&hellip;  <a href=\"https:\/\/agora.xtec.cat\/ceipteresaclaramunt\/general\/comunicat-de-vaga-8m\/\" title=\"Read Comunicat de vaga 8M\">Llegeix m\u00e9s\u00bb<\/a><\/p>\n","protected":false},"author":1,"featured_media":0,"comment_status":"open","ping_status":"closed","sticky":false,"template":"","format":"standard","meta":{"_bbp_topic_count":0,"_bbp_reply_count":0,"_bbp_total_topic_count":0,"_bbp_total_reply_count":0,"_bbp_voice_count":0,"_bbp_anonymous_reply_count":0,"_bbp_topic_count_hidden":0,"_bbp_reply_count_hidden":0,"_bbp_forum_subforum_count":0,"footnotes":""},"categories":[55,1],"tags":[],"class_list":["post-1072","post","type-post","status-publish","format-standard","hentry","category-comunicats","category-general"],"post_mailing_queue_ids":[],"_links":{"self":[{"href":"https:\/\/agora.xtec.cat\/ceipteresaclaramunt\/wp-json\/wp\/v2\/posts\/1072","targetHints":{"allow":["GET"]}}],"collection":[{"href":"https:\/\/agora.xtec.cat\/ceipteresaclaramunt\/wp-json\/wp\/v2\/posts"}],"about":[{"href":"https:\/\/agora.xtec.cat\/ceipteresaclaramunt\/wp-json\/wp\/v2\/types\/post"}],"author":[{"embeddable":true,"href":"https:\/\/agora.xtec.cat\/ceipteresaclaramunt\/wp-json\/wp\/v2\/users\/1"}],"replies":[{"embeddable":true,"href":"https:\/\/agora.xtec.cat\/ceipteresaclaramunt\/wp-json\/wp\/v2\/comments?post=1072"}],"version-history":[{"count":2,"href":"https:\/\/agora.xtec.cat\/ceipteresaclaramunt\/wp-json\/wp\/v2\/posts\/1072\/revisions"}],"predecessor-version":[{"id":1079,"href":"https:\/\/agora.xtec.cat\/ceipteresaclaramunt\/wp-json\/wp\/v2\/posts\/1072\/revisions\/1079"}],"wp:attachment":[{"href":"https:\/\/agora.xtec.cat\/ceipteresaclaramunt\/wp-json\/wp\/v2\/media?parent=1072"}],"wp:term":[{"taxonomy":"category","embeddable":true,"href":"https:\/\/agora.xtec.cat\/ceipteresaclaramunt\/wp-json\/wp\/v2\/categories?post=1072"},{"taxonomy":"post_tag","embeddable":true,"href":"https:\/\/agora.xtec.cat\/ceipteresaclaramunt\/wp-json\/wp\/v2\/tags?post=1072"}],"curies":[{"name":"wp","href":"https:\/\/api.w.org\/{rel}","templated":true}]}}