{"id":1066,"date":"2019-02-20T13:08:41","date_gmt":"2019-02-20T12:08:41","guid":{"rendered":"http:\/\/agora.xtec.cat\/ceipteresaclaramunt\/?p=1066"},"modified":"2023-04-25T12:55:13","modified_gmt":"2023-04-25T10:55:13","slug":"comunicat-de-vaga","status":"publish","type":"post","link":"https:\/\/agora.xtec.cat\/ceipteresaclaramunt\/general\/comunicat-de-vaga\/","title":{"rendered":"Comunicat de Vaga"},"content":{"rendered":"<p><span lang=\"CA\">Benvolgudes fam\u00edlies,<\/span><\/p>\n<p><span lang=\"CA\">Els sindicats i les entitats i associacions socials i c\u00edviques del pa\u00eds han convocat per dem\u00e0\u00a0<b>dijous 21 de febrer,<\/b>\u00a0<span class=\"m_-8977047882109107721gmail-apple-converted-space\"><b>una jornada de\u00a0<\/b><\/span><b>VAGA GENERAL\u00a0<\/b>amb motiu dels darrers fets i situacions que s\u2019han produ\u00eft en contra dels drets civils m\u00e9s elementals i tamb\u00e9 en suport a les reivindicacions laborals<\/span>.<\/p>\n<p><span lang=\"CA\">A la nostra escola, en aquests moments, hi ha m\u00e9s de 2\/3 de mestres i professionals que s\u2019han adherit a la vaga.<\/span><span lang=\"CA\">\u00a0Per aquest motiu no podem garantir una jornada lectiva normalitzada.<\/span><\/p>\n<p><span lang=\"CA\">L\u2019escola romandr\u00e0 oberta amb serveis m\u00ednims. Us demanem que per respecte al dret a la vaga dels treballadors\/es no porteu els vostres fills i filles a l\u2019escola.<\/span><\/p>\n<p><span lang=\"CA\">Us recordem que, tal i com ja us ha comunicat l\u2019AMPA, tant el servei d\u2019acollida, el servei de menjador i les activitats extraescolars tamb\u00e9 es veuran afectades per la vaga.<\/span><\/p>\n<p><span lang=\"CA\">Molt cordialment.<\/span><\/p>\n<p><span lang=\"CA\">Equip directiu.<\/span><\/p>\n","protected":false},"excerpt":{"rendered":"<p>Benvolgudes fam\u00edlies,<br \/>\nEls sindicats i les entitats i associacions socials i c\u00edviques del pa\u00eds han convocat per dem\u00e0\u00a0dijous 21 de febrer,\u00a0una jornada de\u00a0VAGA GENERAL\u00a0amb motiu dels darrers fets i situacions que s\u2019han produ\u00eft en contra dels drets civils m\u00e9s elementals i tamb\u00e9 en suport a les&hellip;  <a href=\"https:\/\/agora.xtec.cat\/ceipteresaclaramunt\/general\/comunicat-de-vaga\/\" title=\"Read Comunicat de Vaga\">Llegeix m\u00e9s\u00bb<\/a><\/p>\n","protected":false},"author":1,"featured_media":0,"comment_status":"open","ping_status":"closed","sticky":false,"template":"","format":"standard","meta":{"_bbp_topic_count":0,"_bbp_reply_count":0,"_bbp_total_topic_count":0,"_bbp_total_reply_count":0,"_bbp_voice_count":0,"_bbp_anonymous_reply_count":0,"_bbp_topic_count_hidden":0,"_bbp_reply_count_hidden":0,"_bbp_forum_subforum_count":0,"footnotes":""},"categories":[55,1],"tags":[],"class_list":["post-1066","post","type-post","status-publish","format-standard","hentry","category-comunicats","category-general"],"post_mailing_queue_ids":[],"_links":{"self":[{"href":"https:\/\/agora.xtec.cat\/ceipteresaclaramunt\/wp-json\/wp\/v2\/posts\/1066","targetHints":{"allow":["GET"]}}],"collection":[{"href":"https:\/\/agora.xtec.cat\/ceipteresaclaramunt\/wp-json\/wp\/v2\/posts"}],"about":[{"href":"https:\/\/agora.xtec.cat\/ceipteresaclaramunt\/wp-json\/wp\/v2\/types\/post"}],"author":[{"embeddable":true,"href":"https:\/\/agora.xtec.cat\/ceipteresaclaramunt\/wp-json\/wp\/v2\/users\/1"}],"replies":[{"embeddable":true,"href":"https:\/\/agora.xtec.cat\/ceipteresaclaramunt\/wp-json\/wp\/v2\/comments?post=1066"}],"version-history":[{"count":1,"href":"https:\/\/agora.xtec.cat\/ceipteresaclaramunt\/wp-json\/wp\/v2\/posts\/1066\/revisions"}],"predecessor-version":[{"id":1067,"href":"https:\/\/agora.xtec.cat\/ceipteresaclaramunt\/wp-json\/wp\/v2\/posts\/1066\/revisions\/1067"}],"wp:attachment":[{"href":"https:\/\/agora.xtec.cat\/ceipteresaclaramunt\/wp-json\/wp\/v2\/media?parent=1066"}],"wp:term":[{"taxonomy":"category","embeddable":true,"href":"https:\/\/agora.xtec.cat\/ceipteresaclaramunt\/wp-json\/wp\/v2\/categories?post=1066"},{"taxonomy":"post_tag","embeddable":true,"href":"https:\/\/agora.xtec.cat\/ceipteresaclaramunt\/wp-json\/wp\/v2\/tags?post=1066"}],"curies":[{"name":"wp","href":"https:\/\/api.w.org\/{rel}","templated":true}]}}