{"id":1029,"date":"2019-01-31T15:38:51","date_gmt":"2019-01-31T14:38:51","guid":{"rendered":"http:\/\/agora.xtec.cat\/ceipteresaclaramunt\/?p=1029"},"modified":"2023-04-25T12:54:58","modified_gmt":"2023-04-25T10:54:58","slug":"dia-de-la-pau","status":"publish","type":"post","link":"https:\/\/agora.xtec.cat\/ceipteresaclaramunt\/general\/dia-de-la-pau\/","title":{"rendered":"Dia de la pau"},"content":{"rendered":"<p>Benvolgudes fam\u00edlies,<\/p>\n<p>Com \u00e9s tradicional, la nostra escola ha celebrat el dia de la pau i la no viol\u00e8ncia. Durant aquesta festivitat, els\/les alumnes de sis\u00e8 planten un arbre al pati de l&#8217;escola per a qu\u00e8 els alumnes de P3 puguin tenir-ne cura. Avui, l&#8217;han regat per primera vegada. D&#8217;aquesta manera, els nois i noies que marxen de l&#8217;escola deixen la seva petjada per sempre. Enguany, l&#8217;arbre plantat ha estat un Liquid\u00e0mbar.<\/p>\n<p>A la vegada, els nois i noies de cinqu\u00e8 ens han llegit el poema que hem treballat pr\u00e8viament a les aules: &#8220;Podries&#8221; de la Joana Raspall. Els infants d&#8217;educaci\u00f3 infantil ens han cantat la can\u00e7\u00f3 &#8220;Un arbre amic&#8221;. Com a cloenda, hem escoltat tots i totes &#8220;El cant dels ocells&#8221; d&#8217;en Pau Casals.<\/p>\n<p>Us deixem un recull de les fotos d&#8217;aquesta festa (clicant la imatge):<\/p>\n<p><a href=\"https:\/\/photos.app.goo.gl\/J1DQbwgM3D8VdhLa8\"><img loading=\"lazy\" decoding=\"async\" class=\"aligncenter size-full wp-image-1030\" src=\"https:\/\/agora.xtec.cat\/ceipteresaclaramunt\/wp-content\/uploads\/usu667\/2019\/01\/IMG_3830bona.jpg\" alt=\"\" width=\"1024\" height=\"400\" srcset=\"https:\/\/agora.xtec.cat\/ceipteresaclaramunt\/wp-content\/uploads\/usu2652\/2019\/01\/IMG_3830bona.jpg 1024w, https:\/\/agora.xtec.cat\/ceipteresaclaramunt\/wp-content\/uploads\/usu2652\/2019\/01\/IMG_3830bona-300x117.jpg 300w, https:\/\/agora.xtec.cat\/ceipteresaclaramunt\/wp-content\/uploads\/usu2652\/2019\/01\/IMG_3830bona-768x300.jpg 768w\" sizes=\"auto, (max-width: 1024px) 100vw, 1024px\" \/><\/a><\/p>\n","protected":false},"excerpt":{"rendered":"<p>Benvolgudes fam\u00edlies,<br \/>\nCom \u00e9s tradicional, la nostra escola ha celebrat el dia de la pau i la no viol\u00e8ncia. Durant aquesta festivitat, els\/les alumnes de sis\u00e8 planten un arbre al pati de l&#8217;escola per a qu\u00e8 els alumnes de P3 puguin tenir-ne cura. Avui, l&#8217;han regat&hellip;  <a href=\"https:\/\/agora.xtec.cat\/ceipteresaclaramunt\/general\/dia-de-la-pau\/\" title=\"Read Dia de la pau\">Llegeix m\u00e9s\u00bb<\/a><\/p>\n","protected":false},"author":1,"featured_media":0,"comment_status":"open","ping_status":"closed","sticky":false,"template":"","format":"standard","meta":{"_bbp_topic_count":0,"_bbp_reply_count":0,"_bbp_total_topic_count":0,"_bbp_total_reply_count":0,"_bbp_voice_count":0,"_bbp_anonymous_reply_count":0,"_bbp_topic_count_hidden":0,"_bbp_reply_count_hidden":0,"_bbp_forum_subforum_count":0,"footnotes":""},"categories":[49,1],"tags":[],"class_list":["post-1029","post","type-post","status-publish","format-standard","hentry","category-festes","category-general"],"post_mailing_queue_ids":[],"_links":{"self":[{"href":"https:\/\/agora.xtec.cat\/ceipteresaclaramunt\/wp-json\/wp\/v2\/posts\/1029","targetHints":{"allow":["GET"]}}],"collection":[{"href":"https:\/\/agora.xtec.cat\/ceipteresaclaramunt\/wp-json\/wp\/v2\/posts"}],"about":[{"href":"https:\/\/agora.xtec.cat\/ceipteresaclaramunt\/wp-json\/wp\/v2\/types\/post"}],"author":[{"embeddable":true,"href":"https:\/\/agora.xtec.cat\/ceipteresaclaramunt\/wp-json\/wp\/v2\/users\/1"}],"replies":[{"embeddable":true,"href":"https:\/\/agora.xtec.cat\/ceipteresaclaramunt\/wp-json\/wp\/v2\/comments?post=1029"}],"version-history":[{"count":3,"href":"https:\/\/agora.xtec.cat\/ceipteresaclaramunt\/wp-json\/wp\/v2\/posts\/1029\/revisions"}],"predecessor-version":[{"id":1040,"href":"https:\/\/agora.xtec.cat\/ceipteresaclaramunt\/wp-json\/wp\/v2\/posts\/1029\/revisions\/1040"}],"wp:attachment":[{"href":"https:\/\/agora.xtec.cat\/ceipteresaclaramunt\/wp-json\/wp\/v2\/media?parent=1029"}],"wp:term":[{"taxonomy":"category","embeddable":true,"href":"https:\/\/agora.xtec.cat\/ceipteresaclaramunt\/wp-json\/wp\/v2\/categories?post=1029"},{"taxonomy":"post_tag","embeddable":true,"href":"https:\/\/agora.xtec.cat\/ceipteresaclaramunt\/wp-json\/wp\/v2\/tags?post=1029"}],"curies":[{"name":"wp","href":"https:\/\/api.w.org\/{rel}","templated":true}]}}