{"id":24192,"date":"2026-01-28T19:55:07","date_gmt":"2026-01-28T18:55:07","guid":{"rendered":"https:\/\/agora.xtec.cat\/ceiptarra\/?p=24192"},"modified":"2026-02-06T10:02:34","modified_gmt":"2026-02-06T09:02:34","slug":"el-nostre-cos-i-la-salut-aprendre-a-cuidar-nos-i-a-respectar-la-diversitat","status":"publish","type":"post","link":"https:\/\/agora.xtec.cat\/ceiptarra\/general\/el-nostre-cos-i-la-salut-aprendre-a-cuidar-nos-i-a-respectar-la-diversitat\/","title":{"rendered":"El nostre cos i la salut: aprendre a cuidar-nos i a respectar la diversitat."},"content":{"rendered":"<p>L\u2019alumnat de <strong>3r <\/strong>durant aquest 2n trimestre hem comen\u00e7at a treballar el projecte <strong>\u201cEl nostre cos i la salut\u201d<\/strong>.<\/p>\n<p>Es tracta d\u2019una proposta que volem que vagi m\u00e9s enll\u00e0 de con\u00e8ixer el cos hum\u00e0 i els h\u00e0bits saludables. A trav\u00e9s de <strong>reptes competencials<\/strong>, i de la seva pr\u00f2pia recerca d\u2019informaci\u00f3, els infants estan \u00a0reflexionant sobre la <strong>diversitat f\u00edsica, sensorial i mental<\/strong>, i sobre la import\u00e0ncia de cuidar-nos tant per dins com per fora.<\/p>\n<p>Durant el projecte, s\u2019han plantejat situacions properes a la realitat de l\u2019aula, com ara l\u2019arribada de nous companys amb necessitats diferents, l\u2019adaptaci\u00f3 dels jocs perqu\u00e8 tothom hi pugui participar o la manera de comunicar-nos millor i amb respecte. Tot aix\u00f2 ens estan permetent treballar valors com l\u2019<strong>empatia, la cooperaci\u00f3 i la inclusi\u00f3<\/strong>.<\/p>\n<p>Tamb\u00e9 hem conegut personatges inspiradors com <strong>Greta Thunberg<\/strong>, <strong>Stephen Hawking <\/strong>o <strong>Wolfgang Amadeus Mozart<\/strong>, que estan ajudant l\u2019alumnat a entendre que pensar o sentir diferent no \u00e9s un obstacle, sin\u00f3 una part m\u00e9s de la diversitat humana.<\/p>\n<p>Amb aquest projecte, els infants no nom\u00e9s estan aprenent continguts curriculars, sin\u00f3 tamb\u00e9 <strong>valors i habilitats per a la vida<\/strong>, construint una aula m\u00e9s acollidora i inclusiva per a tothom.<\/p>\n<p>No patiu que quan estigui acabat ens encantar\u00e0 compartir amb vosaltres els nostres productes finals.<\/p>\n<p>A continuaci\u00f3 podeu veure algunes fotografies del proc\u00e9s.<\/p>\n<p><a href=\"https:\/\/drive.google.com\/drive\/folders\/1dDai48jK38Jq2xEUjDtkh-uHLi8pyZEw?usp=drive_link\" target=\"_blank\" rel=\"noopener\">3rA<\/a>\u00a0 \u00a0 \u00a0 \u00a0 \u00a0 \u00a0 \u00a0 \u00a0 \u00a0 \u00a0 \u00a0 \u00a0 \u00a0 \u00a0 \u00a0 \u00a0 \u00a0<a href=\"https:\/\/drive.google.com\/drive\/folders\/16AYkr8zsISkodYC2qBbLlutiv8yn6cKG?usp=drive_link\" target=\"_blank\" rel=\"noopener\"> 3rB<\/a><\/p>\n","protected":false},"excerpt":{"rendered":"<p>L\u2019alumnat de 3r durant aquest 2n trimestre hem comen\u00e7at a treballar el projecte \u201cEl nostre cos i la salut\u201d. Es tracta d\u2019una proposta que volem que vagi m\u00e9s enll\u00e0 de con\u00e8ixer el cos hum\u00e0 i els h\u00e0bits saludables. A trav\u00e9s de reptes competencials, i de la seva pr\u00f2pia recerca d\u2019informaci\u00f3, els infants estan \u00a0reflexionant sobre [&hellip;]<\/p>\n","protected":false},"author":10,"featured_media":24194,"comment_status":"open","ping_status":"open","sticky":false,"template":"","format":"standard","meta":{"_bbp_topic_count":0,"_bbp_reply_count":0,"_bbp_total_topic_count":0,"_bbp_total_reply_count":0,"_bbp_voice_count":0,"_bbp_anonymous_reply_count":0,"_bbp_topic_count_hidden":0,"_bbp_reply_count_hidden":0,"_bbp_forum_subforum_count":0,"site-sidebar-layout":"default","site-content-layout":"","ast-site-content-layout":"default","site-content-style":"default","site-sidebar-style":"default","ast-global-header-display":"","ast-banner-title-visibility":"","ast-main-header-display":"","ast-hfb-above-header-display":"","ast-hfb-below-header-display":"","ast-hfb-mobile-header-display":"","site-post-title":"","ast-breadcrumbs-content":"","ast-featured-img":"","footer-sml-layout":"","theme-transparent-header-meta":"default","adv-header-id-meta":"","stick-header-meta":"","header-above-stick-meta":"","header-main-stick-meta":"","header-below-stick-meta":"","astra-migrate-meta-layouts":"set","ast-page-background-enabled":"default","ast-page-background-meta":{"desktop":{"background-color":"var(--ast-global-color-4)","background-image":"","background-repeat":"repeat","background-position":"center center","background-size":"auto","background-attachment":"scroll","background-type":"","background-media":"","overlay-type":"","overlay-color":"","overlay-opacity":"","overlay-gradient":""},"tablet":{"background-color":"","background-image":"","background-repeat":"repeat","background-position":"center center","background-size":"auto","background-attachment":"scroll","background-type":"","background-media":"","overlay-type":"","overlay-color":"","overlay-opacity":"","overlay-gradient":""},"mobile":{"background-color":"","background-image":"","background-repeat":"repeat","background-position":"center center","background-size":"auto","background-attachment":"scroll","background-type":"","background-media":"","overlay-type":"","overlay-color":"","overlay-opacity":"","overlay-gradient":""}},"ast-content-background-meta":{"desktop":{"background-color":"var(--ast-global-color-5)","background-image":"","background-repeat":"repeat","background-position":"center center","background-size":"auto","background-attachment":"scroll","background-type":"","background-media":"","overlay-type":"","overlay-color":"","overlay-opacity":"","overlay-gradient":""},"tablet":{"background-color":"var(--ast-global-color-5)","background-image":"","background-repeat":"repeat","background-position":"center center","background-size":"auto","background-attachment":"scroll","background-type":"","background-media":"","overlay-type":"","overlay-color":"","overlay-opacity":"","overlay-gradient":""},"mobile":{"background-color":"var(--ast-global-color-5)","background-image":"","background-repeat":"repeat","background-position":"center center","background-size":"auto","background-attachment":"scroll","background-type":"","background-media":"","overlay-type":"","overlay-color":"","overlay-opacity":"","overlay-gradient":""}},"footnotes":""},"categories":[12,396,31,1,4,5],"tags":[29],"class_list":["post-24192","post","type-post","status-publish","format-standard","has-post-thumbnail","hentry","category-3r","category-cicle-mitja","category-fotos","category-general","category-portada","category-primaria","tag-projectes"],"post_mailing_queue_ids":[],"_links":{"self":[{"href":"https:\/\/agora.xtec.cat\/ceiptarra\/wp-json\/wp\/v2\/posts\/24192","targetHints":{"allow":["GET"]}}],"collection":[{"href":"https:\/\/agora.xtec.cat\/ceiptarra\/wp-json\/wp\/v2\/posts"}],"about":[{"href":"https:\/\/agora.xtec.cat\/ceiptarra\/wp-json\/wp\/v2\/types\/post"}],"author":[{"embeddable":true,"href":"https:\/\/agora.xtec.cat\/ceiptarra\/wp-json\/wp\/v2\/users\/10"}],"replies":[{"embeddable":true,"href":"https:\/\/agora.xtec.cat\/ceiptarra\/wp-json\/wp\/v2\/comments?post=24192"}],"version-history":[{"count":1,"href":"https:\/\/agora.xtec.cat\/ceiptarra\/wp-json\/wp\/v2\/posts\/24192\/revisions"}],"predecessor-version":[{"id":24193,"href":"https:\/\/agora.xtec.cat\/ceiptarra\/wp-json\/wp\/v2\/posts\/24192\/revisions\/24193"}],"wp:featuredmedia":[{"embeddable":true,"href":"https:\/\/agora.xtec.cat\/ceiptarra\/wp-json\/wp\/v2\/media\/24194"}],"wp:attachment":[{"href":"https:\/\/agora.xtec.cat\/ceiptarra\/wp-json\/wp\/v2\/media?parent=24192"}],"wp:term":[{"taxonomy":"category","embeddable":true,"href":"https:\/\/agora.xtec.cat\/ceiptarra\/wp-json\/wp\/v2\/categories?post=24192"},{"taxonomy":"post_tag","embeddable":true,"href":"https:\/\/agora.xtec.cat\/ceiptarra\/wp-json\/wp\/v2\/tags?post=24192"}],"curies":[{"name":"wp","href":"https:\/\/api.w.org\/{rel}","templated":true}]}}