{"id":21343,"date":"2023-03-30T14:26:13","date_gmt":"2023-03-30T12:26:13","guid":{"rendered":"https:\/\/agora.xtec.cat\/ceiptarra\/?p=21343"},"modified":"2023-03-30T14:36:52","modified_gmt":"2023-03-30T12:36:52","slug":"taller-les-families-aliades-de-la-lectura","status":"publish","type":"post","link":"https:\/\/agora.xtec.cat\/ceiptarra\/portada\/taller-les-families-aliades-de-la-lectura\/","title":{"rendered":"Taller, les fam\u00edlies aliades de la lectura"},"content":{"rendered":"<p>Benvolgudes fam\u00edlies,<\/p>\n<p>en el Marc del Projecte de Suport educatiu en el qu\u00e8 estem participant a l&#8217;escola, la Fundaci\u00f3 Bofill, entitat encarregada del Projecte, ens subvenciona un taller sobre lectura de 3 sessions que es far\u00e0 de manera gratuita a l&#8217;escola.<\/p>\n<p>Pensem que \u00e9s una gran oportunitat perqu\u00e8 un expert en lectura i fam\u00edlies ens pugui ajudar i orientar en l&#8217;aventura del llegir amb els nostres fills i filles.<\/p>\n<p>Aquestes 3 sessions es faran a la biblioteca de l&#8217;escola en horari de 15 a 16:30 els dies 13 i 20 d&#8217;abril i 4 de maig.<\/p>\n<p>Per poder fer una previsi\u00f3 de l&#8217;assist\u00e8ncia al Taller, \u00e9s necessari que us apunteu omplint el <strong><a href=\"https:\/\/forms.gle\/3LXVgLT2ddWdR1gu5\" target=\"_blank\" rel=\"noopener\">seg\u00fcent\u00a0 formulari.<\/a><\/strong> \u00c9s necessari el comprom\u00eds d&#8217;assistir a les 3 sessions per poder\u00a0 \u00a0apuntar-se al taller.<\/p>\n<p><strong>Les fam\u00edlies, aliades de la lectura!<\/strong><br \/>\nEndavant, passeu, sigueu benvingudes a un espai pensat i creat per a vosaltres! Un espai on ens acompanyarem en un dels viatges m\u00e9s fascinants que existeixen, el de<br \/>\ndonar la m\u00e0 als nostres fills i filles per fer que estimin la lectura. Avui sabem que les fam\u00edlies sou les principals aliades i les que teniu una major influ\u00e8ncia en aquest proc\u00e9s, i per aix\u00f2, des de la Fundaci\u00f3 Jaume Bofill, i en el marc del programa LECXIT, hem pensat a donar-vos la m\u00e0 en aquesta fita.<\/p>\n<p><strong>Segur que aquests tallers s\u00f3n per a mi?<\/strong><br \/>\nSi tens fills i filles t\u2019estarem esperant! Per assistir als tallers no cal res m\u00e9s que aix\u00f2. Eltaller no va adre\u00e7at nom\u00e9s als pares i mares a qui els agraden els llibres o que ja llegeixen molt. Tampoc pateixis per la llengua, aqu\u00ed el m\u00e9s important \u00e9s la lectura i juntsfarem el que calgui per entendre\u2019ns.<\/p>\n<p><strong>Com seran les sessions?<\/strong><br \/>\n<b><\/b>Durant les sessions ens envoltarem de llibres i de propostes pr\u00e0ctiques. Aprendrem posant-nos a la pell dels nostres fills i filles, compartirem experi\u00e8ncies junts, sempre jugant amb els llibres. Qui ha dit que gaudir i aprendre no poden anar de la m\u00e0? I m\u00e9s concretament, de qu\u00e8 aniran les sessions? Quant duraran?<\/p>\n<p>Dedicarem tres sessions de 90 minuts de durada.<\/p>\n<p>A l\u2019Escola Honorable Josep Tarradellas ens trobarem sempre de 15h a 16:30h. Els dies concrets seran els dijous 13, 20 d&#8217;abril i 4 de maig.<\/p>\n<p>Tot seguit us presentem una taula amb els t\u00edtols de les tres sessions i els enlla\u00e7os de cadascuna d\u2019elles perqu\u00e8 us pugueu fer una idea del recorregut que farem.<\/p>\n<p><a href=\"https:\/\/lecxit.cat\/families-lectores\/sessions\/sessio-1\/\" target=\"_blank\" rel=\"noopener\">1a Sessi\u00f3\u00a0 13 d&#8217;abril: per qu\u00e8 llegir en fam\u00edlia?\u00a0<\/a><\/p>\n<p><a href=\"https:\/\/lecxit.cat\/families-lectores\/sessions\/sessio-2\/\" target=\"_blank\" rel=\"noopener\">Sessi\u00f3 2\u00a0 20 d&#8217;abril: Com acompanyem en la lectura?\u00a0<\/a><\/p>\n<p><a href=\"https:\/\/lecxit.cat\/families-lectores\/sessions\/sessio-3\/\" target=\"_blank\" rel=\"noopener\">Sessi\u00f3 3\u00a0 \u00a04 de maig: qu\u00e8 he apr\u00e8s?\u00a0<\/a><\/p>\n<p><a href=\"https:\/\/agora.xtec.cat\/ceiptarra\/wp-content\/uploads\/usu1004\/2023\/03\/Pofill.png\"><img loading=\"lazy\" decoding=\"async\" class=\"size-full wp-image-21344 aligncenter\" src=\"https:\/\/agora.xtec.cat\/ceiptarra\/wp-content\/uploads\/usu1004\/2023\/03\/Pofill.png\" alt=\"\" width=\"433\" height=\"173\" srcset=\"https:\/\/agora.xtec.cat\/ceiptarra\/wp-content\/uploads\/usu1004\/2023\/03\/Pofill.png 433w, https:\/\/agora.xtec.cat\/ceiptarra\/wp-content\/uploads\/usu1004\/2023\/03\/Pofill-300x120.png 300w\" sizes=\"auto, (max-width: 433px) 100vw, 433px\" \/><\/a><\/p>\n","protected":false},"excerpt":{"rendered":"<p>Benvolgudes fam\u00edlies, en el Marc del Projecte de Suport educatiu en el qu\u00e8 estem participant a l&#8217;escola, la Fundaci\u00f3 Bofill, entitat encarregada del Projecte, ens subvenciona un taller sobre lectura de 3 sessions que es far\u00e0 de manera gratuita a l&#8217;escola. Pensem que \u00e9s una gran oportunitat perqu\u00e8 un expert en lectura i fam\u00edlies ens [&hellip;]<\/p>\n","protected":false},"author":3,"featured_media":21347,"comment_status":"open","ping_status":"closed","sticky":false,"template":"","format":"standard","meta":{"_bbp_topic_count":0,"_bbp_reply_count":0,"_bbp_total_topic_count":0,"_bbp_total_reply_count":0,"_bbp_voice_count":0,"_bbp_anonymous_reply_count":0,"_bbp_topic_count_hidden":0,"_bbp_reply_count_hidden":0,"_bbp_forum_subforum_count":0,"site-sidebar-layout":"default","site-content-layout":"","ast-site-content-layout":"","site-content-style":"default","site-sidebar-style":"default","ast-global-header-display":"","ast-banner-title-visibility":"","ast-main-header-display":"","ast-hfb-above-header-display":"","ast-hfb-below-header-display":"","ast-hfb-mobile-header-display":"","site-post-title":"","ast-breadcrumbs-content":"","ast-featured-img":"","footer-sml-layout":"","theme-transparent-header-meta":"","adv-header-id-meta":"","stick-header-meta":"","header-above-stick-meta":"","header-main-stick-meta":"","header-below-stick-meta":"","astra-migrate-meta-layouts":"default","ast-page-background-enabled":"default","ast-page-background-meta":{"desktop":{"background-color":"var(--ast-global-color-4)","background-image":"","background-repeat":"repeat","background-position":"center center","background-size":"auto","background-attachment":"scroll","background-type":"","background-media":"","overlay-type":"","overlay-color":"","overlay-opacity":"","overlay-gradient":""},"tablet":{"background-color":"","background-image":"","background-repeat":"repeat","background-position":"center center","background-size":"auto","background-attachment":"scroll","background-type":"","background-media":"","overlay-type":"","overlay-color":"","overlay-opacity":"","overlay-gradient":""},"mobile":{"background-color":"","background-image":"","background-repeat":"repeat","background-position":"center center","background-size":"auto","background-attachment":"scroll","background-type":"","background-media":"","overlay-type":"","overlay-color":"","overlay-opacity":"","overlay-gradient":""}},"ast-content-background-meta":{"desktop":{"background-color":"var(--ast-global-color-5)","background-image":"","background-repeat":"repeat","background-position":"center center","background-size":"auto","background-attachment":"scroll","background-type":"","background-media":"","overlay-type":"","overlay-color":"","overlay-opacity":"","overlay-gradient":""},"tablet":{"background-color":"var(--ast-global-color-5)","background-image":"","background-repeat":"repeat","background-position":"center center","background-size":"auto","background-attachment":"scroll","background-type":"","background-media":"","overlay-type":"","overlay-color":"","overlay-opacity":"","overlay-gradient":""},"mobile":{"background-color":"var(--ast-global-color-5)","background-image":"","background-repeat":"repeat","background-position":"center center","background-size":"auto","background-attachment":"scroll","background-type":"","background-media":"","overlay-type":"","overlay-color":"","overlay-opacity":"","overlay-gradient":""}},"footnotes":""},"categories":[4],"tags":[],"class_list":["post-21343","post","type-post","status-publish","format-standard","has-post-thumbnail","hentry","category-portada"],"post_mailing_queue_ids":[],"_links":{"self":[{"href":"https:\/\/agora.xtec.cat\/ceiptarra\/wp-json\/wp\/v2\/posts\/21343","targetHints":{"allow":["GET"]}}],"collection":[{"href":"https:\/\/agora.xtec.cat\/ceiptarra\/wp-json\/wp\/v2\/posts"}],"about":[{"href":"https:\/\/agora.xtec.cat\/ceiptarra\/wp-json\/wp\/v2\/types\/post"}],"author":[{"embeddable":true,"href":"https:\/\/agora.xtec.cat\/ceiptarra\/wp-json\/wp\/v2\/users\/3"}],"replies":[{"embeddable":true,"href":"https:\/\/agora.xtec.cat\/ceiptarra\/wp-json\/wp\/v2\/comments?post=21343"}],"version-history":[{"count":3,"href":"https:\/\/agora.xtec.cat\/ceiptarra\/wp-json\/wp\/v2\/posts\/21343\/revisions"}],"predecessor-version":[{"id":21349,"href":"https:\/\/agora.xtec.cat\/ceiptarra\/wp-json\/wp\/v2\/posts\/21343\/revisions\/21349"}],"wp:featuredmedia":[{"embeddable":true,"href":"https:\/\/agora.xtec.cat\/ceiptarra\/wp-json\/wp\/v2\/media\/21347"}],"wp:attachment":[{"href":"https:\/\/agora.xtec.cat\/ceiptarra\/wp-json\/wp\/v2\/media?parent=21343"}],"wp:term":[{"taxonomy":"category","embeddable":true,"href":"https:\/\/agora.xtec.cat\/ceiptarra\/wp-json\/wp\/v2\/categories?post=21343"},{"taxonomy":"post_tag","embeddable":true,"href":"https:\/\/agora.xtec.cat\/ceiptarra\/wp-json\/wp\/v2\/tags?post=21343"}],"curies":[{"name":"wp","href":"https:\/\/api.w.org\/{rel}","templated":true}]}}