{"id":13881,"date":"2020-05-25T09:00:07","date_gmt":"2020-05-25T07:00:07","guid":{"rendered":"http:\/\/agora.xtec.cat\/ceiptarra\/?p=13881"},"modified":"2020-05-25T12:44:32","modified_gmt":"2020-05-25T10:44:32","slug":"tasques-setmana-del-25-al-29-de-maig-5","status":"publish","type":"post","link":"https:\/\/agora.xtec.cat\/ceiptarra\/primaria\/cicle-superior\/6e\/tasques-setmana-del-25-al-29-de-maig-5\/","title":{"rendered":"Tasques setmana del 25 al 29 de maig"},"content":{"rendered":"<p><span style=\"font-weight: 400;\">Hola nois i noies!! Ja hem arribat a l\u2019\u00faltima setmana de maig. Com han anat les matriculacions pel proper curs? Imaginem que ja sabeu a quin institut us ha apuntat la vostra fam\u00edlia. Ara toca esperar unes setmanes a veure on anireu el curs vinent per comen\u00e7ar a gaudir noves experi\u00e8ncies. Totes les opcions s\u00f3n bones, no us preocupeu!.\u00a0<\/span><\/p>\n<p><span style=\"font-weight: 400;\">Aquestes s\u00f3n les activitats que us proposem per aquesta setmana:<\/span><\/p>\n<p>&nbsp;<\/p>\n<p><strong><span style=\"color: #ff0000;\">Llengua catalana<\/span><\/strong><\/p>\n<p><span style=\"font-weight: 400;\">Aquesta setmana a catal\u00e0,\u00a0 <\/span><b><i>en primer lloc<\/i><\/b><span style=\"font-weight: 400;\">, us proposem una combinaci\u00f3 de <\/span><b>comprensi\u00f3 lectora<\/b><span style=\"font-weight: 400;\"> m\u00e9s <\/span><b>expressi\u00f3 escrita<\/b><span style=\"font-weight: 400;\">.\u00a0<\/span><\/p>\n<p><span style=\"font-weight: 400;\">Per poder realitzar la part final d\u2019aquesta activitat, haureu de reflexionar sobre un aspecte de la vostra vida personal&#8230; <\/span><b>Penseu<\/b><span style=\"font-weight: 400;\"> abans d\u2019escriure!!!!!!!!<\/span><\/p>\n<p><span style=\"font-weight: 400;\">Tingueu en compte (com sempre): l\u2019ortografia, la puntuaci\u00f3, els connectors i la coher\u00e8ncia a l\u2019hora d\u2019escriure.\u00a0\u00a0\u00a0\u00a0<\/span><\/p>\n<p><span style=\"font-weight: 400;\">Entreu en aquest enlla\u00e7:<\/span><\/p>\n<p><a href=\"https:\/\/es.liveworksheets.com\/c?a=s&amp;g=6%C3%A8&amp;s=catal%C3%A0&amp;im=n&amp;l=vl&amp;i=utndxc&amp;r=mh\" target=\"_blank\" rel=\"noopener noreferrer\">Activitat catal\u00e0<\/a><\/p>\n<p><span style=\"font-weight: 400;\">Quan acabeu de fer la fitxa haureu d\u2019introduir el vostre nom i cognoms, posar el correu electr\u00f2nic de la vostra classe <\/span><\/p>\n<p><span style=\"font-weight: 400;\">(ep6a&#8230;\/ep6b&#8230;\/ep6c\u2026.) i clicar: ENVIAR.<\/span><\/p>\n<p><i><span style=\"font-weight: 400;\">Data m\u00e0xima d\u2019entrega: <\/span><\/i><b><i>divendres 29 de maig.<\/i><\/b><\/p>\n<p><b><i>En segon lloc<\/i><\/b><span style=\"font-weight: 400;\">, ara que sembla que les dades sobre el Covid-19 comencen a ser m\u00e9s positives, us proposem que completeu aquesta activitat basada en la can\u00e7\u00f3 de Doctor Prats: \u201c<\/span><b>Al final tot anir\u00e0 b\u00e9\u201d<\/b><span style=\"font-weight: 400;\">. Ser\u00e0 com una mena de<\/span><b> dictat<\/b><span style=\"font-weight: 400;\">, per\u00f2 m\u00e9s entretingut. A dalt, a la part esquerra de la fitxa, trobareu el s\u00edmbol del \u201cplay\u201d per anar sentit la can\u00e7\u00f3 i anar omplint els forats buits. Esperem que passeu una bona estoneta fent aquesta activitat!<\/span><\/p>\n<p><a href=\"https:\/\/es.liveworksheets.com\/c?a=s&amp;g=sis%C3%A8&amp;s=catal%C3%A0&amp;l=us&amp;i=ocxst&amp;r=gi\">Al final tot anir\u00e0 b\u00e9, Doctor Prats<\/a><\/p>\n<p><span style=\"font-weight: 400;\">Quan acabeu de fer la fitxa haureu d\u2019introduir el vostre nom i cognoms, posar el correu electr\u00f2nic de la vostra classe <\/span><\/p>\n<p><span style=\"font-weight: 400;\">(ep6a&#8230;\/ep6b&#8230;\/ep6c\u2026.) i clicar: ENVIAR.<\/span><\/p>\n<p><i><span style=\"font-weight: 400;\">Data m\u00e0xima d\u2019entrega: <\/span><\/i><b><i>divendres 29 de maig.<\/i><\/b><\/p>\n<p>&nbsp;<\/p>\n<p><span style=\"font-weight: 400;\">Per cert! RECORDEU entrar al document del conte col\u00b7laboratiu de la vostra classe i fer la vostra proposta de <\/span><b>T\u00cdTOL<\/b><span style=\"font-weight: 400;\"> per la hist\u00f2ria que ha quedat finalment elaborada entre tots i totes.\u00a0<\/span><\/p>\n<p>&nbsp;<\/p>\n<p><strong><span style=\"color: #ff0000;\">Llengua castellana<\/span><\/strong><\/p>\n<p><span style=\"font-weight: 400;\">Esta semana os toca preparar una <\/span><b>exposici\u00f3n oral de 2 minutos!!!<\/b><\/p>\n<p><span style=\"font-weight: 400;\">En clase ya sab\u00e9is que el tema es libre, cada uno\/a hace la exposici\u00f3n sobre lo que quiere explicar. Pod\u00e9is hacerla as\u00ed, pero si no se os ocurre nada, aqu\u00ed os proponemos 3 temas y solamente ten\u00e9is que <\/span><b>escoger uno<\/b><span style=\"font-weight: 400;\">. Recordar que hac\u00edamos\u00a0 unos 2 minutos, no pasaros en exceso de este tiempo.\u00a0<\/span><\/p>\n<p><b>a) <\/b><b><i>Te levantas un d\u00eda y apareces en el futuro, a\u00f1o 2050.<\/i><\/b><\/p>\n<p><b><i>b) Vas de safari fotogr\u00e1fico por la selva africana.<\/i><\/b><\/p>\n<p><b><i>c) Has inventado la vacuna que cura el Covid-19.,<\/i><\/b><\/p>\n<p><span style=\"font-weight: 400;\">Ir preparando vuestra exposici\u00f3n y el d\u00eda que decid\u00e1is que la ten\u00e9is bien organizada, se la hac\u00e9is a cualquier adulto que viva con vosotros\/as.\u00a0\u00a0<\/span><\/p>\n<p><b>\u00bfQu\u00e9 tienes que entregar a la \u201cprofe\u201d de castellano?<\/b><\/p>\n<p><span style=\"font-weight: 400;\">Env\u00eda un v\u00eddeo de tu exposici\u00f3n al correo de la clase. Si no pod\u00e9is enviarlo porque el v\u00eddeo es muy pesado, aqu\u00ed ten\u00e9is este enlace donde explica dos formas de hacerlo.\u00a0<\/span><\/p>\n<div class=\"ast-oembed-container \" style=\"height: 100%;\"><iframe loading=\"lazy\" title=\"C\u00f3mo Compartir Archivos Pesados por Gmail o Google Drive\" width=\"500\" height=\"281\" src=\"https:\/\/www.youtube.com\/embed\/kCXmcXpKWOU?feature=oembed\" frameborder=\"0\" allow=\"accelerometer; autoplay; clipboard-write; encrypted-media; gyroscope; picture-in-picture; web-share\" referrerpolicy=\"strict-origin-when-cross-origin\" allowfullscreen><\/iframe><\/div>\n<p><span style=\"font-weight: 400;\">Quien no pueda, que no se agobie y env\u00ede un mail explicando c\u00f3mo le ha ido la exposici\u00f3n ( los minutos que ha hecho, el tono de voz, la posici\u00f3n corporal, los nervios\u2026 todo esto seg\u00fan os diga la persona que os ha visto hacer la exposici\u00f3n y\u00a0 tambi\u00e9n seg\u00fan vuestro criterio).\u00a0<\/span><\/p>\n<p><span style=\"font-weight: 400;\">\u00a0Fecha m\u00e1xima de entrega<\/span><b>:\u00a0 viernes 29 de mayo.<\/b><\/p>\n<p>&nbsp;<\/p>\n<p><b>La siguiente actividad es una comprensi\u00f3n oral.<\/b><span style=\"font-weight: 400;\"> Abre el enlace y escucha el audio. Despu\u00e9s responde a las preguntas. No olvides al acabar, clicar en \u201cterminado\u201d. Os saldr\u00e1 una ventana donde escribir\u00e9is el <\/span><b>nombre y correo de clase. Al final dar a enviar.<\/b><\/p>\n<p><span style=\"font-weight: 400;\">Ver\u00e1s al momento la nota que has sacado.<\/span><\/p>\n<p><a href=\"https:\/\/es.liveworksheets.com\/c?a=s&amp;g=6&amp;s=Castellano&amp;is=y&amp;ia=y&amp;l=le&amp;i=uxduun&amp;r=bo\" target=\"_blank\" rel=\"noopener noreferrer\">Actividad comprensi\u00f3n oral<\/a><\/p>\n<p><span style=\"font-weight: 400;\">Fecha m\u00e1xima de entrega:<\/span><b>\u00a0 viernes 29 de mayo.<\/b><\/p>\n<p>&nbsp;<\/p>\n<p><strong><span style=\"color: #ff0000;\">Llengua anglesa<\/span><\/strong><\/p>\n<p><strong>Oral presentation.<\/strong><\/p>\n<p>Last week you did a writing and this week you will make an oral presentation of your writing.<\/p>\n<p>You will have to record yourself on video explaining your trip. You can improvise but not read the paper.<\/p>\n<p>It has to last about 1 minute.<\/p>\n<p>&nbsp;<\/p>\n<p><strong>TIPS<\/strong><\/p>\n<p>It\u2019s not easy to give a good oral presentation but these tips will help you:<\/p>\n<p>\u00b7 Use short, simple sentences to express your ideas clearly.<br \/>\n\u00b7 Pause from time to time and don\u2019t speak too quickly. This allows the listener to understand your ideas. Include a short pause after each idea.<br \/>\n\u00b7 Speak clearly and at the right volume.<br \/>\n\u00b7 Have your notes ready in case you forget anything.<br \/>\n\u00b7 Don&#8217;t use very informal language<\/p>\n<p>-I leave you here an interesting video that can help you:<\/p>\n<div class=\"ast-oembed-container \" style=\"height: 100%;\"><iframe loading=\"lazy\" title=\"Schooled by Kids: Presentation Skills, Part 1\" width=\"500\" height=\"281\" src=\"https:\/\/www.youtube.com\/embed\/8IbheB2-ixM?feature=oembed\" frameborder=\"0\" allow=\"accelerometer; autoplay; clipboard-write; encrypted-media; gyroscope; picture-in-picture; web-share\" referrerpolicy=\"strict-origin-when-cross-origin\" allowfullscreen><\/iframe><\/div>\n<p><em><strong>Useful language for presentations<\/strong><\/em><\/p>\n<p>Explain what your presentation is about at the beginning:<br \/>\n<em>My name is\u2026&#8230;I\u2019m going to talk about &#8230;\/ I\u2019d like to talk about &#8230;\/ The main focus of this presentation is &#8230;<\/em><\/p>\n<p>Use these expressions to order your ideas:<br \/>\n<em>First of all, &#8230;Firstly, &#8230;Then, ..,Secondly, &#8230;Next, &#8230;Finally, &#8230;Lastly, &#8230;To sum up, &#8230;In conclusion, \u2026<\/em><\/p>\n<p>Use these expressions to add more ideas from the same point of view:<br \/>\n<em>In addition, &#8230; What\u2019s more, &#8230; Also, &#8230; Added to this, \u2026<\/em><\/p>\n<p><strong>Please send me the videos before : Sunday the 31st of May, 2020<\/strong><\/p>\n<p>&nbsp;<\/p>\n<p><strong><span style=\"color: #ff0000;\">Matem\u00e0tiques<\/span><\/strong><\/p>\n<ul>\n<li style=\"font-weight: 400;\"><b>Activitat 1\u00a0 <\/b><span style=\"font-weight: 400;\">\u00a0\u00a0<\/span><\/li>\n<\/ul>\n<p><span style=\"font-weight: 400;\">Continuem treballant el c\u00e0lcul mental amb el quinzet. Aquesta setmana s\u00e8ries 13.5 i 13.6. Recordeu que, si alg\u00fa necessita fer algun c\u00e0lcul per escrit, pot agafar paper i llapis i parar l\u2019audio dels problemes per poder tenir una mica m\u00e9s de temps.<\/span><\/p>\n<p><a href=\"https:\/\/drive.google.com\/file\/d\/1GFkTciyoy1KWQ2IM2J31svZh2brq-ibk\/view?usp=sharing\" target=\"_blank\" rel=\"noopener noreferrer\"><span style=\"font-weight: 400;\">QUINZET S\u00c8RIE 13.5.mp3<\/span><\/a><\/p>\n<p><a href=\"https:\/\/drive.google.com\/file\/d\/1HL_hqhD_Ozk20s2SmmEJQlccmvBNwcUd\/view?usp=sharing\" target=\"_blank\" rel=\"noopener noreferrer\"><span style=\"font-weight: 400;\">QUINZET S\u00c8RIE 13.6.mp3<\/span><\/a><\/p>\n<p><span style=\"font-weight: 400;\">Les respostes del quinzet les haureu d\u2019escriure en aquesta fitxa interactiva. <\/span><b>IMPORTANT!!!<\/b><span style=\"font-weight: 400;\"> Escriviu\u00a0 <\/span><b>nom\u00e9s el n\u00famero.<\/b> <b><i>No<\/i><\/b><i><span style=\"font-weight: 400;\"> escriviu la paraula.<\/span><\/i><span style=\"font-weight: 400;\"> El programa no reconeixeria\u00a0 la resposta com a v\u00e0lida.<\/span><\/p>\n<p><a href=\"https:\/\/es.liveworksheets.com\/c?a=s&amp;g=6&amp;s=Mates&amp;sr=n&amp;is=y&amp;ia=y&amp;l=sm&amp;i=fnzsso&amp;r=pk\" target=\"_blank\" rel=\"noopener noreferrer\"><span style=\"font-weight: 400;\">Fitxa interactiva Quinzet\u00a0<\/span><\/a><\/p>\n<p><span style=\"font-weight: 400;\">Quan acabeu <\/span><b>cliqueu \u201cterminado\u201d. <\/b><span style=\"font-weight: 400;\">Llavors sortir\u00e0 una finestra on heu d\u2019escriure el <\/span><b>nom i cognoms i el vostre correu de classe i enviar.<\/b><\/p>\n<p>&nbsp;<\/p>\n<ul>\n<li><b>Activitat 2<\/b><\/li>\n<\/ul>\n<p><span style=\"font-weight: 400;\">Treballem la\u00a0 geometria: figures, angles, costats i v\u00e8rtexs.<\/span><\/p>\n<p><a href=\"https:\/\/es.liveworksheets.com\/c?a=s&amp;g=6&amp;s=mates&amp;sr=n&amp;is=y&amp;ia=y&amp;l=xr&amp;i=ftzsuo&amp;r=ui\" target=\"_blank\" rel=\"noopener noreferrer\"><b>Fitxa interactiva Geometria<\/b><\/a><\/p>\n<p><span style=\"font-weight: 400;\">Quan acabeu <\/span><b>cliqueu \u201cterminado\u201d. <\/b><span style=\"font-weight: 400;\">Llavors sortir\u00e0 una finestra on heu d\u2019escriure el <\/span><b>nom i cognoms i el vostre correu de classe i enviar.<\/b><\/p>\n<p>&nbsp;<\/p>\n<ul>\n<li><b>Activitat 3<\/b><\/li>\n<\/ul>\n<p><span style=\"font-weight: 400;\">Us deixem aquest enlla\u00e7 per <\/span><b>practicar, de manera volunt\u00e0ria, <\/b><span style=\"font-weight: 400;\">alguns reptes matem\u00e0tics. Fa uns dies vau fer el 1, 2 i 3. Aquesta setmana us proposem el <\/span><b>4. La parcel.la, la casa i el jard\u00ed i el 6. L\u2019edat de l\u2019Alicia. <\/b><span style=\"font-weight: 400;\">No en feu m\u00e9s.<\/span><\/p>\n<p><a href=\"https:\/\/www.weeras.com\/ebook\/html5\/?editorial_guid=C800259A-E103-4039-8F31-C23D12543CED&amp;book_guid=F21E12F3-A461-4FBC-9BF4-50C99AAF3F5C&amp;content=142300\"><span style=\"font-weight: 400;\">Weeras Books &#8211; Matem\u00e1ticas 6 &#8211; DUNA (Teide Digital)<\/span><\/a><\/p>\n<p><span style=\"font-weight: 400;\">Al final de cada activitat podreu veure la soluci\u00f3 al problema del repte. Aix\u00ed us podreu autoavaluar. Si voleu ens podeu enviar un correu per dir-nos que tal han sortit.\u00a0<\/span><\/p>\n<p><b>Per fer l\u2019activitat 1 i 2 de mates teniu temps fins el 29 de maig.<\/b><\/p>\n<p>&nbsp;<\/p>\n<p><b>RACONS MATEM\u00c0TICS<\/b><\/p>\n<p><b>Fer un tangram amb un full<\/b><\/p>\n<p><span style=\"font-weight: 400;\">Prova-ho! Al final del v\u00eddeo et recomanen que ho facis amb goma eva. No cal fer-ho. Us deixem un v\u00eddeo on s\u2019explica com podem fer un tangram amb un full de paper. Si no ho tens, qualsevol material que tinguis per casa et pot servir: cartolina, goma eva, fulls&#8230;<\/span><\/p>\n<div class=\"ast-oembed-container \" style=\"height: 100%;\"><iframe loading=\"lazy\" title=\"C\u00f3mo hacer un Tangram con un folio.\" width=\"500\" height=\"281\" src=\"https:\/\/www.youtube.com\/embed\/VPsyNS9kjWA?feature=oembed\" frameborder=\"0\" allow=\"accelerometer; autoplay; clipboard-write; encrypted-media; gyroscope; picture-in-picture; web-share\" referrerpolicy=\"strict-origin-when-cross-origin\" allowfullscreen><\/iframe><\/div>\n<p><b>Compte! \u00c9s molt important anar a poc a poc i fer les l\u00ednies ben rectes amb el regle.<\/b><\/p>\n<p><span style=\"font-weight: 400;\">Els resultats de les vostres feines les podeu penjar al padlet. Animeu-vos!!!<\/span><\/p>\n<p>&nbsp;<\/p>\n<p><strong><span style=\"color: #ff0000;\">Medi<\/span><\/strong><\/p>\n<p><span style=\"font-weight: 400;\">Continuem una setmana m\u00e9s amb el tema de la sexualitat.<\/span><\/p>\n<p><span style=\"font-weight: 400;\">Aprofitant que el passat 17 de maig va ser el dia contra la LGBTIf\u00f2bia, anem a parlar de <\/span><b><i>diversitat sexual<\/i><\/b><span style=\"font-weight: 400;\">.<\/span><\/p>\n<p><span style=\"font-weight: 400;\">Com ja sabreu, la diversitat \u00e9s present en tots els \u00e0mbits de la vida. La diversitat sexual i de g\u00e8nere \u00e9s, malauradament, motiu d\u2019exclusi\u00f3 per algunes persones en determinats llocs o situacions.<\/span><\/p>\n<p><span style=\"font-weight: 400;\">Sabeu qu\u00e8 signifiquen les sigles<\/span><b> LGBTI<\/b><span style=\"font-weight: 400;\">? Sabeu qu\u00e8 \u00e9s la <\/span><b>LGBTIf\u00f2bia<\/b><span style=\"font-weight: 400;\">?<\/span><\/p>\n<p><span style=\"font-weight: 400;\">Anem a con\u00e8ixer totes les realitats que existeixen dins la diversitat sexual i de g\u00e8nere:<\/span><\/p>\n<p><span style=\"font-weight: 400;\">1.- Amb aquest v\u00eddeo volem ajudar-vos a con\u00e8ixer la diversitat sexual:<\/span><\/p>\n<div class=\"ast-oembed-container \" style=\"height: 100%;\"><iframe loading=\"lazy\" title=\"\u00bfQU\u00c9 ES LA DIVERSIDAD SEXUAL? EXPLICACI\u00d3N F\u00c1CIL\" width=\"500\" height=\"281\" src=\"https:\/\/www.youtube.com\/embed\/1QbTZYiQ6BA?feature=oembed\" frameborder=\"0\" allow=\"accelerometer; autoplay; clipboard-write; encrypted-media; gyroscope; picture-in-picture; web-share\" referrerpolicy=\"strict-origin-when-cross-origin\" allowfullscreen><\/iframe><\/div>\n<p>&nbsp;<\/p>\n<p><span style=\"font-weight: 400;\">2.-Mireu tamb\u00e9 aquest curt, a veure qu\u00e8 enteneu:<\/span><\/p>\n<div class=\"ast-oembed-container \" style=\"height: 100%;\"><iframe loading=\"lazy\" title=\"&quot;Todo saldr\u00e1 bien, ping\u00fcino&quot;\" width=\"500\" height=\"281\" src=\"https:\/\/www.youtube.com\/embed\/bsvG3CiflZk?feature=oembed\" frameborder=\"0\" allow=\"accelerometer; autoplay; clipboard-write; encrypted-media; gyroscope; picture-in-picture; web-share\" referrerpolicy=\"strict-origin-when-cross-origin\" allowfullscreen><\/iframe><\/div>\n<p><span style=\"font-weight: 400;\">3.-<\/span><span style=\"font-weight: 400;\"> \u00a0 <\/span><span style=\"font-weight: 400;\">Un cop hagueu vist els dos v\u00eddeos proposats amb atenci\u00f3 ( si fa falta, m\u00e9s d\u2019un cop), <\/span><b>reflexioneu <\/b><span style=\"font-weight: 400;\">sobre els temes que es tracten.<\/span><\/p>\n<p><span style=\"font-weight: 400;\">4.-<\/span><span style=\"font-weight: 400;\"> \u00a0 <\/span><span style=\"font-weight: 400;\">Entreu en el drive compartit, <\/span><b>cadasc\u00fa de la seva classe<\/b><span style=\"font-weight: 400;\">. Haureu d\u2019entrar amb el vostre usuari de <\/span><b><i>@escolatarradellas.cat <\/i><\/b><span style=\"font-weight: 400;\">perqu\u00e8 us el compartirem all\u00e0 (si entreu amb un altre correu no podreu escriure!!!!).\u00a0<\/span><\/p>\n<p><a href=\"https:\/\/docs.google.com\/document\/d\/1XtAzuBQTXME-VQhcuDLV4eTgk__k509r-mHMR2hH3P8\/edit?usp=sharing\"><span style=\"font-weight: 400;\">Document de Medi per 6\u00e8A<\/span><\/a><\/p>\n<p><a href=\"https:\/\/docs.google.com\/document\/d\/1PHHl6jMlRjKt5HpGuHeHgnuZ_h4L1hVga3QmSfS4J6I\/edit?usp=sharing\"><span style=\"font-weight: 400;\">Document de Medi per 6\u00e8B<\/span><\/a><\/p>\n<p><a href=\"https:\/\/docs.google.com\/document\/d\/1DlBGD94fY8IXIKWd20dbHlUvlSsiXBSJdzUpFXk90Xg\/edit?usp=sharing\"><span style=\"font-weight: 400;\">Document de Medi per 6\u00e8C<\/span><\/a><\/p>\n<p>&nbsp;<\/p>\n<p><span style=\"font-weight: 400;\">Escriviu en 10 l\u00ednies, aproximadament, la vostra opini\u00f3 respecte a aquest tema. <\/span><\/p>\n<p><strong>Per fer el text us suggerim diferents idees:<\/strong><\/p>\n<p><span style=\"font-weight: 400;\">\u201cSabeu qu\u00e8 signifiquen les sigles LGBTI?\u201d i \u201cSabeu qu\u00e8 \u00e9s la LGBTIf\u00f2bia?\u201d Podeu buscar informaci\u00f3 per internet i expliqueu la vostra opini\u00f3 al respecte.<\/span><\/p>\n<p><span style=\"font-weight: 400;\">Tamb\u00e9 podeu opinar sobre aquesta pregunta que hem vist en altres documents buscant informaci\u00f3 sobre aquest tema: et sembla que hi ha sexualitats que tinguin m\u00e9s drets a expressar-se que d\u2019altres?\u201d\u00a0<\/span><\/p>\n<p><span style=\"font-weight: 400;\">Per \u00faltim, podeu exposar qualsevol opini\u00f3 relacionada amb la diversitat sexual i de g\u00e8nere, pot ser sobre una not\u00edcia que hagueu vist, una experi\u00e8ncia viscuda, una situaci\u00f3 d\u2019una pel\u00b7l\u00edcula, etc.<\/span><\/p>\n<p><b><i>Per diferenciar (amb facilitat) de qui \u00e9s cada opini\u00f3, escriviu amb un\u00a0 color diferent dels vostres companys\/es i poseu el vostre nom entre par\u00e8ntesi al finalitzar el vostre redactat.\u00a0<\/i><\/b><\/p>\n<p><span style=\"font-weight: 400;\">Els vostres escrits els podran llegir els companys\/es de classe. El drive serveix per compartir la diversitat de pensament i per donar l\u2019oportunitat d\u2019exposar el vostre punt de vista respecte aquest tema. No oblideu fer-ho sempre amb <\/span><b>RESPECTE, <\/b><span style=\"font-weight: 400;\">envers l\u2019opini\u00f3 dels altres.<\/span><\/p>\n<p><b>Data m\u00e0xima <\/b><span style=\"font-weight: 400;\">per participar a l\u2019escrit de Medi: <\/span><b>dijous 28 maig.<\/b> <i><span style=\"font-weight: 400;\">( no divendres!!!)<\/span><\/i><\/p>\n<p>&nbsp;<\/p>\n<p><span style=\"color: #ff0000;\"><strong>Educaci\u00f3 f\u00edsica<\/strong><\/span><\/p>\n<p>Com ja us van dir la setmana passada, aquesta setmana vosaltres sereu els mestres i les mestres d&#8217;educaci\u00f3 f\u00edsica. Comencem amb les vostres propostes:<\/p>\n<p>&nbsp;<\/p>\n<p><strong>Dilluns rutina:<\/strong> El Manel ens proposa una rutina molt intensa per comen\u00e7ar la setmana:<\/p>\n<p><a href=\"https:\/\/drive.google.com\/file\/d\/1nSTUIE9qtdMlgxmj4lpeAzfSeybjKbVG\" target=\"_blank\" rel=\"noopener noreferrer\">Rutina EF<\/a><\/p>\n<p>&nbsp;<\/p>\n<p><strong>Dilluns repte:<\/strong> La Noelia ens proposa dos reptes per fer aquest dilluns, podeu fer un, l&#8217;altre o els dos:<\/p>\n<div dir=\"auto\"><\/div>\n<div dir=\"auto\"><em>1. Ves caminant pel menjador de casa teva amb un objecte al cap sense que et caigui al terra.<\/em><\/div>\n<div dir=\"auto\"><\/div>\n<div dir=\"auto\"><em>2. Posa&#8217;t una cullera a la boca amb una pilota petita i has d&#8217;anar caminant sense que et caigui al terra. I si cau tornes una altra vegada.\u00a0<\/em><\/div>\n<div dir=\"auto\"><\/div>\n<div dir=\"auto\"><\/div>\n<p>&nbsp;<\/p>\n<p><strong>Dimarts rutina: <\/strong>L&#8217;\u00c0lex ens proposa una rutina per aquest dimarts:<\/p>\n<p><em>Heu de fer 10 burpees, 5 abdominals y skipping alt durant 3 minuts.<\/em><\/p>\n<div><em>Despr\u00e9s heu de posar un pal recte, aguantat per uns altres 2 pals i pasar per baix amb l&#8217;esquena cap enrere. I cada cop poses el pal m\u00e9s\u00a0abaix. Aquesta activitat es diu limbo!<\/em><\/div>\n<div><em>Tamb\u00e9 podeu fer-ho amb una corda!<\/em><\/div>\n<div><\/div>\n<div><\/div>\n<p>&nbsp;<\/p>\n<p><strong>Dimarts repte:<\/strong> L&#8217;Arnau ens proposa aquest repte que ha fet amb el seu germ\u00e0:<\/p>\n<p><a href=\"https:\/\/drive.google.com\/file\/d\/1jH2u5skQIqd2cahvpJ0Rq7CTxYiHhFg_\" target=\"_blank\" rel=\"noopener noreferrer\">Repte EF<\/a><\/p>\n<p>&nbsp;<\/p>\n<p><strong>Dimecres rutina: <\/strong>La Luc\u00eda ens proposa fer una coreografia amb aquesta can\u00e7\u00f3 tan famosa:<\/p>\n<div class=\"ast-oembed-container \" style=\"height: 100%;\"><iframe loading=\"lazy\" title=\"Grease - Summer Nights HD\" width=\"500\" height=\"281\" src=\"https:\/\/www.youtube.com\/embed\/ZW0DfsCzfq4?feature=oembed\" frameborder=\"0\" allow=\"accelerometer; autoplay; clipboard-write; encrypted-media; gyroscope; picture-in-picture; web-share\" referrerpolicy=\"strict-origin-when-cross-origin\" allowfullscreen><\/iframe><\/div>\n<p>&nbsp;<\/p>\n<p><strong>Dimecres repte: <\/strong>el Mart\u00ed ens proposa el seg\u00fcent joc:<\/p>\n<p><em><span style=\"font-weight: 400;\">Hem de fer unes targetes on hi ha una paraula amb una vocal. Per exemple: cotxe amb la lletra E. <\/span><\/em><\/p>\n<p><em><span style=\"font-weight: 400;\">Llavors quan es comen\u00e7a a jugar, el que ha agafat la targeta ha de descriure un cotxe canviant totes les vocals per una E. I si l\u2019endevinen et quedes la targeta. Al final del joc, qui m\u00e9s targetes tingui, guanya. A jugar!<\/span><\/em><\/p>\n<p>&nbsp;<\/p>\n<p><strong>Dijous rutina:<\/strong> comencem el dia amb la rutina que ens ha preparat la Irene:<\/p>\n<p><a href=\"https:\/\/drive.google.com\/open?id=1QYIXJ2SM0GRlHFTZoBbm9S5aJTduMCy7\" target=\"_blank\" rel=\"noopener noreferrer\">Rutina dijous<\/a><\/p>\n<p>&nbsp;<\/p>\n<p><strong>Dijous repte:<\/strong> Us atreviu amb el repte que ens proposa el Manel? Nom\u00e9s necessitareu una pilota.<\/p>\n<p><a href=\"https:\/\/drive.google.com\/file\/d\/1CgGhQEyLTCqHdUvE-ss_J2G1mzXqRK8C\" target=\"_blank\" rel=\"noopener noreferrer\">Repte EF<\/a><\/p>\n<p>&nbsp;<\/p>\n<p><strong>Divendres rutina:<\/strong> La Lucia A. ens proposa una rutina molt intensa per acabar la setmana, ballar el just dance:<\/p>\n<div class=\"ast-oembed-container \" style=\"height: 100%;\"><iframe loading=\"lazy\" title=\"Just Dance 2014 Wii U Gameplay - Ricky Martin: Maria\" width=\"500\" height=\"281\" src=\"https:\/\/www.youtube.com\/embed\/u0UXnFFzLn8?feature=oembed\" frameborder=\"0\" allow=\"accelerometer; autoplay; clipboard-write; encrypted-media; gyroscope; picture-in-picture; web-share\" referrerpolicy=\"strict-origin-when-cross-origin\" allowfullscreen><\/iframe><\/div>\n<p>&nbsp;<\/p>\n<p><strong>Divendres repte: <\/strong>El repte d&#8217;aquest divendres \u00e9s continuar pensant i \u00a0enviant propostes setmanals, quantes m\u00e9s feu, m\u00e9s podrem proposar les seg\u00fcents setmanes. Aprofitem per agrair a tots i totes que heu fet les propostes d&#8217;aquesta setmana!<\/p>\n<p>Recordeu que sempre us demanarem perm\u00eds per pujar els v\u00eddeos on surtiu vosaltres.<\/p>\n<p>&nbsp;<\/p>\n<p><strong><span style=\"color: #ff0000;\">Pl\u00e0stica<\/span><\/strong><\/p>\n<p><span style=\"font-weight: 400;\">Aquesta setmana et proposem 2 activitats molt divertides<\/span><\/p>\n<p><span style=\"font-weight: 400;\">La primera es diu <\/span><b>JOC SENSE FINAL. <\/b><span style=\"font-weight: 400;\">Entra a l\u2019enlla\u00e7 i segueix les instruccions.<\/span><\/p>\n<p><span style=\"font-weight: 400;\">Quedar\u00e0s bocabadat\/a quan vegis el resultat!!!<\/span><\/p>\n<p>https:\/\/youtu.be\/f-67p_oQYMc<\/p>\n<p>&nbsp;<\/p>\n<p><span style=\"font-weight: 400;\">La segona \u00e9s <\/span><b>UNA TARJETA MINI DESPLEGABLE<\/b><span style=\"font-weight: 400;\">. El v\u00eddeo et d\u00f3na les instruccions de com fer-la. \u00a0 \u00a0 \u00a0 \u00a0 \u00a0 \u00a0 \u00a0 \u00a0 \u00a0 \u00a0 \u00a0 \u00a0<\/span><\/p>\n<div class=\"ast-oembed-container \" style=\"height: 100%;\"><iframe loading=\"lazy\" title=\"\u00a1\u00a1Haz una MINI TARJETA desplegable PARA REGALAR!! * Sorprende a TU NOVIO o AMIGOS, REGALO DIY f\u00e1cil\" width=\"500\" height=\"281\" src=\"https:\/\/www.youtube.com\/embed\/kFV9jF1Qw_w?feature=oembed\" frameborder=\"0\" allow=\"accelerometer; autoplay; clipboard-write; encrypted-media; gyroscope; picture-in-picture; web-share\" referrerpolicy=\"strict-origin-when-cross-origin\" allowfullscreen><\/iframe><\/div>\n<p><span style=\"font-weight: 400;\">Els materials que et proposa els tens a casa, has de ser creatiu\/va!!!<\/span><\/p>\n<p><span style=\"font-weight: 400;\">Podeu fer-les en cartolina o full de paper blanc o de colors. Per decorar feu servir tot all\u00f2 que us agradi ( colors, retoladors, stickers, purpurina\u2026). Segur que teniu moltes m\u00e9s idees. Poseu-les en pr\u00e0ctica.\u00a0\u00a0<\/span><\/p>\n<p><strong>Un cop les acabis penja-les al padlet. Animeu-vos!!!<\/strong><\/p>\n<p>&nbsp;<\/p>\n<p><span style=\"color: #ff0000;\"><strong>M\u00fasica<\/strong><\/span><\/p>\n<p><span style=\"font-weight: 400;\">Aquesta setmana us proposo un repte. Heu de mirar el seg\u00fcent v\u00eddeo i intentar fer els moviments de percussi\u00f3 corporal. Nom\u00e9s heu de tenir en compte que sempre que toquin per separat vosaltres heu de fer tots els moviments. \u00c9s molt f\u00e0cil, per\u00f2 us heu de fixar molt b\u00e9. I podeu mirar el v\u00eddeo quan ho feu!<\/span><\/p>\n<div class=\"ast-oembed-container \" style=\"height: 100%;\"><iframe loading=\"lazy\" title=\"Videos musicales para ni\u00f1os con juegos de manos ritmicos en grupo\" width=\"500\" height=\"281\" src=\"https:\/\/www.youtube.com\/embed\/YXQJrEW5NUs?feature=oembed\" frameborder=\"0\" allow=\"accelerometer; autoplay; clipboard-write; encrypted-media; gyroscope; picture-in-picture; web-share\" referrerpolicy=\"strict-origin-when-cross-origin\" allowfullscreen><\/iframe><\/div>\n<p>&nbsp;<\/p>\n<p><strong><span style=\"color: #ff0000;\">Cultura digital<\/span><\/strong><\/p>\n<p>Aquesta setmana, si voleu, us proposem que tornem a fer una activitat amb l&#8217;scracth:<\/p>\n<p>Sabeu que PAC-MAN, un dels video jocs m\u00e9s jugats ha fet 40 anys? Us deixem una not\u00edcia que en parla.<\/p>\n<p><a href=\"https:\/\/www.elnacional.cat\/ca\/cultura\/videojoc-pac-man-aniversari_505440_102.html\" target=\"_blank\" rel=\"noopener noreferrer\">40 aniversari PAC-MAN<\/a><\/p>\n<p>Us atreviu a fer aquest joc amb l&#8217;Scratch? Un company de 5\u00e8, l&#8217;ha fet i ens ha fet la proposta. Us ensenyem com ha quedat:<\/p>\n<p><a href=\"https:\/\/scratch.mit.edu\/projects\/396876592\" target=\"_blank\" rel=\"noopener noreferrer\">PAC-MAN<\/a><\/p>\n<p>A veure si us animeu a provar a fer-ho!!! Com sempre, si necessiteu ajuda, ens ho feu saber.<\/p>\n<p>&nbsp;<\/p>\n<p><span style=\"color: #ff0000;\"><strong>Religi\u00f3<\/strong><\/span><\/p>\n<p dir=\"ltr\">Ja nom\u00e9s ens queden el matrimoni i l\u2019orde sacerdotal, els sagraments de servei. En aquesta ocasi\u00f3, com ja sabeu la din\u00e0mica de l\u2019activitat us proposo que feu els dos que falten per\u00f2 tindreu dues setmanes per entregar-losi aix\u00ed us podeu organitzar com us vagi millor.<\/p>\n<p dir=\"ltr\">Us recordo que han de sortir TOTS aquests apartats:<\/p>\n<p dir=\"ltr\">&#8211; \u00a0 Per qu\u00e8 es celebra?<\/p>\n<p dir=\"ltr\">&#8211; \u00a0 En qu\u00e8 consisteix?<\/p>\n<p dir=\"ltr\">&#8211; \u00a0 Quines paraules diu el sacerdot?<\/p>\n<p dir=\"ltr\">&#8211; \u00a0 Quins s\u00f3n els s\u00edmbols que es fan servir?<\/p>\n<p dir=\"ltr\">Buscar imatges i posar-les us ajudar\u00e0 a entendre millor el sagrament.<\/p>\n<p>&nbsp;<\/p>\n<p dir=\"ltr\">Molt important: No has de copiar la informaci\u00f3 que trobis, l\u2019has d\u2019entendre i escriure-la amb les teves paraules i anar amb compte amb les faltes d\u2019ortografia.<\/p>\n<p dir=\"ltr\">La data m\u00e0xima d\u2019entrega \u00e9s el dia <strong>5 de juny<\/strong>.<\/p>\n<p>Cuideu-vos molt!<\/p>\n<div id=\"gtx-trans\" style=\"position: absolute; left: 313px; top: 13844px;\">\n<div class=\"gtx-trans-icon\"><\/div>\n<\/div>\n","protected":false},"excerpt":{"rendered":"<p>Hola nois i noies!! Ja hem arribat a l\u2019\u00faltima setmana de maig. Com han anat les matriculacions pel proper curs? Imaginem que ja sabeu a quin institut us ha apuntat la vostra fam\u00edlia. Ara toca esperar unes setmanes a veure on anireu el curs vinent per comen\u00e7ar a gaudir noves experi\u00e8ncies. Totes les opcions s\u00f3n [&hellip;]<\/p>\n","protected":false},"author":3,"featured_media":13860,"comment_status":"open","ping_status":"closed","sticky":false,"template":"","format":"standard","meta":{"_bbp_topic_count":0,"_bbp_reply_count":0,"_bbp_total_topic_count":0,"_bbp_total_reply_count":0,"_bbp_voice_count":0,"_bbp_anonymous_reply_count":0,"_bbp_topic_count_hidden":0,"_bbp_reply_count_hidden":0,"_bbp_forum_subforum_count":0,"site-sidebar-layout":"default","site-content-layout":"","ast-site-content-layout":"","site-content-style":"default","site-sidebar-style":"default","ast-global-header-display":"","ast-banner-title-visibility":"","ast-main-header-display":"","ast-hfb-above-header-display":"","ast-hfb-below-header-display":"","ast-hfb-mobile-header-display":"","site-post-title":"","ast-breadcrumbs-content":"","ast-featured-img":"","footer-sml-layout":"","theme-transparent-header-meta":"","adv-header-id-meta":"","stick-header-meta":"","header-above-stick-meta":"","header-main-stick-meta":"","header-below-stick-meta":"","astra-migrate-meta-layouts":"default","ast-page-background-enabled":"default","ast-page-background-meta":{"desktop":{"background-color":"var(--ast-global-color-4)","background-image":"","background-repeat":"repeat","background-position":"center center","background-size":"auto","background-attachment":"scroll","background-type":"","background-media":"","overlay-type":"","overlay-color":"","overlay-opacity":"","overlay-gradient":""},"tablet":{"background-color":"","background-image":"","background-repeat":"repeat","background-position":"center center","background-size":"auto","background-attachment":"scroll","background-type":"","background-media":"","overlay-type":"","overlay-color":"","overlay-opacity":"","overlay-gradient":""},"mobile":{"background-color":"","background-image":"","background-repeat":"repeat","background-position":"center center","background-size":"auto","background-attachment":"scroll","background-type":"","background-media":"","overlay-type":"","overlay-color":"","overlay-opacity":"","overlay-gradient":""}},"ast-content-background-meta":{"desktop":{"background-color":"var(--ast-global-color-5)","background-image":"","background-repeat":"repeat","background-position":"center center","background-size":"auto","background-attachment":"scroll","background-type":"","background-media":"","overlay-type":"","overlay-color":"","overlay-opacity":"","overlay-gradient":""},"tablet":{"background-color":"var(--ast-global-color-5)","background-image":"","background-repeat":"repeat","background-position":"center center","background-size":"auto","background-attachment":"scroll","background-type":"","background-media":"","overlay-type":"","overlay-color":"","overlay-opacity":"","overlay-gradient":""},"mobile":{"background-color":"var(--ast-global-color-5)","background-image":"","background-repeat":"repeat","background-position":"center center","background-size":"auto","background-attachment":"scroll","background-type":"","background-media":"","overlay-type":"","overlay-color":"","overlay-opacity":"","overlay-gradient":""}},"footnotes":""},"categories":[15],"tags":[327],"class_list":["post-13881","post","type-post","status-publish","format-standard","has-post-thumbnail","hentry","category-6e","tag-ens-quedem-a-casa"],"post_mailing_queue_ids":[],"_links":{"self":[{"href":"https:\/\/agora.xtec.cat\/ceiptarra\/wp-json\/wp\/v2\/posts\/13881","targetHints":{"allow":["GET"]}}],"collection":[{"href":"https:\/\/agora.xtec.cat\/ceiptarra\/wp-json\/wp\/v2\/posts"}],"about":[{"href":"https:\/\/agora.xtec.cat\/ceiptarra\/wp-json\/wp\/v2\/types\/post"}],"author":[{"embeddable":true,"href":"https:\/\/agora.xtec.cat\/ceiptarra\/wp-json\/wp\/v2\/users\/3"}],"replies":[{"embeddable":true,"href":"https:\/\/agora.xtec.cat\/ceiptarra\/wp-json\/wp\/v2\/comments?post=13881"}],"version-history":[{"count":3,"href":"https:\/\/agora.xtec.cat\/ceiptarra\/wp-json\/wp\/v2\/posts\/13881\/revisions"}],"predecessor-version":[{"id":13921,"href":"https:\/\/agora.xtec.cat\/ceiptarra\/wp-json\/wp\/v2\/posts\/13881\/revisions\/13921"}],"wp:featuredmedia":[{"embeddable":true,"href":"https:\/\/agora.xtec.cat\/ceiptarra\/wp-json\/wp\/v2\/media\/13860"}],"wp:attachment":[{"href":"https:\/\/agora.xtec.cat\/ceiptarra\/wp-json\/wp\/v2\/media?parent=13881"}],"wp:term":[{"taxonomy":"category","embeddable":true,"href":"https:\/\/agora.xtec.cat\/ceiptarra\/wp-json\/wp\/v2\/categories?post=13881"},{"taxonomy":"post_tag","embeddable":true,"href":"https:\/\/agora.xtec.cat\/ceiptarra\/wp-json\/wp\/v2\/tags?post=13881"}],"curies":[{"name":"wp","href":"https:\/\/api.w.org\/{rel}","templated":true}]}}