{"id":13643,"date":"2020-05-18T09:00:01","date_gmt":"2020-05-18T07:00:01","guid":{"rendered":"http:\/\/agora.xtec.cat\/ceiptarra\/?p=13643"},"modified":"2020-05-16T21:10:56","modified_gmt":"2020-05-16T19:10:56","slug":"tasques-setmana-del-18-al-22-de-maig-5","status":"publish","type":"post","link":"https:\/\/agora.xtec.cat\/ceiptarra\/primaria\/cicle-mitja\/3r\/tasques-setmana-del-18-al-22-de-maig-5\/","title":{"rendered":"Tasques setmana del 18 al 22 de maig"},"content":{"rendered":"<p><span style=\"font-weight: 400;\">Aquestes dues \u00faltimes setmanes hem pogut fer una videoconfer\u00e8ncia amb tots\/es vosaltres i ens ha fet una grand\u00edssima il\u00b7lusi\u00f3. Ens ha encantat tornar a veure totes les vostres carones i escoltar les vostres veus. Heu crescut molt\u00edssim durant aquest confinament! Ens ha fet molta gr\u00e0cia que tots i totes esteu desitjant tornar al col\u00b7legi i poder estudiar, jugar, xerrar, riure i compartir molts moments amb els vostres companys\/es i amb els mestres. Des de l\u2019escola ens agradaria continuar escrivint moltes p\u00e0gines d&#8217;aprenentatge, experi\u00e8ncies i sentiments en els vostres cors i sobre tot en la vostra mem\u00f2ria afectiva.\u00a0<\/span><\/p>\n<p><span style=\"font-weight: 400;\">Com \u00e9s habitual en nosaltres, us convidem a fer una s\u00e8rie d\u2019activitats molt engrescadores. Aviat ens tornarem a veure i abra\u00e7ar.<\/span><\/p>\n<p>&nbsp;<\/p>\n<p><span style=\"color: #ffcc00;\"><b>Catal\u00e0:<\/b><\/span><\/p>\n<ul>\n<li><b>Twister de dits de CREADUCA (catal\u00e0 + mates)<\/b><\/li>\n<\/ul>\n<p><span style=\"font-weight: 400;\">Qui no coneix el Twister? Un cl\u00e0ssic que tampoc passa mai de moda. Aquesta versi\u00f3 \u00e9s de la meravellosa Creaduca i <\/span><b>es juga amb els dits<\/b><span style=\"font-weight: 400;\">.\u00a0<\/span><\/p>\n<p><span style=\"font-weight: 400;\">Fem girar la fletxa (podeu fer servir una xinxeta i un clip) i <\/span><b>posem el dit que ens indica, al color que toca<\/b><span style=\"font-weight: 400;\">.\u00a0<\/span><\/p>\n<p><span style=\"font-weight: 400;\">Per afegir alguns conceptes hi ha preparat unes <\/span><b>targetes amb els 4 colors<\/b><span style=\"font-weight: 400;\">, cada color \u00e9s una tem\u00e0tica diferent.<\/span><\/p>\n<p><span style=\"font-weight: 400;\">El <\/span><b>gro<\/b><span style=\"font-weight: 400;\">c per les<\/span><b> taules de multiplicar<\/b><span style=\"font-weight: 400;\">, el <\/span><b>blau<\/b><span style=\"font-weight: 400;\"> per a respondre <\/span><b>preguntes sobre un mateix\/a<\/b><span style=\"font-weight: 400;\">, el <\/span><b>verd<\/b> <b>per a operacions matem\u00e0tiques (sumes i restes) i el vermell per <\/b><span style=\"font-weight: 400;\">a<\/span><b> lletres <\/b><span style=\"font-weight: 400;\">i<\/span><b> paraules<\/b><span style=\"font-weight: 400;\">.<\/span><\/p>\n<p><span style=\"font-weight: 400;\">Quan a la persona que juga li toca un color, ha de respondre a una de les preguntes per poder continuar jugant.<\/span><\/p>\n<p><a href=\"https:\/\/agora.xtec.cat\/ceiptarra\/wp-content\/uploads\/usu1004\/2020\/05\/twister.jpg\"><img loading=\"lazy\" decoding=\"async\" class=\" wp-image-13676 aligncenter\" src=\"https:\/\/agora.xtec.cat\/ceiptarra\/wp-content\/uploads\/usu1004\/2020\/05\/twister.jpg\" alt=\"\" width=\"401\" height=\"299\" srcset=\"https:\/\/agora.xtec.cat\/ceiptarra\/wp-content\/uploads\/usu1004\/2020\/05\/twister.jpg 640w, https:\/\/agora.xtec.cat\/ceiptarra\/wp-content\/uploads\/usu1004\/2020\/05\/twister-300x224.jpg 300w, https:\/\/agora.xtec.cat\/ceiptarra\/wp-content\/uploads\/usu1004\/2020\/05\/twister-200x150.jpg 200w\" sizes=\"auto, (max-width: 401px) 100vw, 401px\" \/><\/a><\/p>\n<p><span style=\"font-weight: 400;\">Pels que <\/span><b>no<\/b><span style=\"font-weight: 400;\"> tingueu <\/span><b>impressora<\/b><span style=\"font-weight: 400;\">: podeu dibuixar i pintar el taulell i la ruleta. Les targetes de colors poden estar en un dispositiu digital i anar contestant en funci\u00f3 del color que us vagi tocant.<\/span><\/p>\n<p><span style=\"font-weight: 400;\">En el seg\u00fcent <\/span><b><a href=\"https:\/\/agora.xtec.cat\/ceiptarra\/wp-content\/uploads\/usu1004\/2020\/05\/Twister-de-mans.pdf\" target=\"_blank\" rel=\"noopener noreferrer\">document<\/a> <\/b><span style=\"font-weight: 400;\">trobareu el material.<\/span><\/p>\n<p>&nbsp;<\/p>\n<ul>\n<li><b>Dibuixar el que em descriuen.<\/b><\/li>\n<\/ul>\n<p><span style=\"font-weight: 400;\">El t\u00edtol ho diu tot, aquest joc consisteix a <\/span><b>dibuixar el que una altra persona us descrigui <\/b><span style=\"font-weight: 400;\">el dibuix que nom\u00e9s ell\/a veu. Sembla senzill per\u00f2 requereix el <\/span><b>domini<\/b><span style=\"font-weight: 400;\"> del <\/span><b>llenguatge<\/b><span style=\"font-weight: 400;\"> i l\u2019<\/span><b>espai<\/b><span style=\"font-weight: 400;\">, tant pel que descriu com pel que reprodueix. En acabar podeu comprovar els resultats comparant l\u2019original i el dibuix.<\/span><\/p>\n<p><span style=\"font-weight: 400;\">Us deixo algunes <\/span><a href=\"https:\/\/agora.xtec.cat\/ceiptarra\/wp-content\/uploads\/usu1004\/2020\/05\/DESCRIU_DIBUIXA.pdf\" target=\"_blank\" rel=\"noopener noreferrer\"><b>plantilles<\/b><\/a><span style=\"font-weight: 400;\"> per jugar, per\u00f2 tamb\u00e9 les podeu crear vosaltres mateixos\/es.<\/span><\/p>\n<p>&nbsp;<\/p>\n<p><span style=\"color: #ff0000;\"><b>Castellano:\u00a0<\/b><\/span><\/p>\n<ul>\n<li><b>\u201cCON LA COMIDA S\u00cd SE JUEGA\u201d<\/b><\/li>\n<\/ul>\n<p><a href=\"https:\/\/agora.xtec.cat\/ceiptarra\/wp-content\/uploads\/usu1004\/2020\/05\/1.-CON-LA-COMIDA-S\u00cd-SE-JUEGA.png\"><img loading=\"lazy\" decoding=\"async\" class=\"wp-image-13675 aligncenter\" src=\"https:\/\/agora.xtec.cat\/ceiptarra\/wp-content\/uploads\/usu1004\/2020\/05\/1.-CON-LA-COMIDA-S\u00cd-SE-JUEGA.png\" alt=\"\" width=\"600\" height=\"447\" srcset=\"https:\/\/agora.xtec.cat\/ceiptarra\/wp-content\/uploads\/usu1004\/2020\/05\/1.-CON-LA-COMIDA-S\u00cd-SE-JUEGA.png 794w, https:\/\/agora.xtec.cat\/ceiptarra\/wp-content\/uploads\/usu1004\/2020\/05\/1.-CON-LA-COMIDA-S\u00cd-SE-JUEGA-300x224.png 300w, https:\/\/agora.xtec.cat\/ceiptarra\/wp-content\/uploads\/usu1004\/2020\/05\/1.-CON-LA-COMIDA-S\u00cd-SE-JUEGA-768x573.png 768w, https:\/\/agora.xtec.cat\/ceiptarra\/wp-content\/uploads\/usu1004\/2020\/05\/1.-CON-LA-COMIDA-S\u00cd-SE-JUEGA-200x150.png 200w\" sizes=\"auto, (max-width: 600px) 100vw, 600px\" \/><\/a><\/p>\n<ul>\n<li style=\"list-style-type: none;\">\n<ul>\n<li style=\"font-weight: 400;\"><span style=\"font-weight: 400;\">Ahora escoge <\/span><b>5 frutas y verduras<\/b><span style=\"font-weight: 400;\"> para crear tu mu\u00f1eco (puedes dibujarlo)<\/span><\/li>\n<li style=\"font-weight: 400;\"><span style=\"font-weight: 400;\">Con ayuda de la <\/span><b>plantilla del texto instructivo: la receta<\/b><span style=\"font-weight: 400;\">, elabora tu receta en la libreta bonita, en un folio o en un procesador de textos.<\/span>\n<ul>\n<li style=\"font-weight: 400;\"><span style=\"font-weight: 400;\">Nombre\u00a0<\/span><\/li>\n<li style=\"font-weight: 400;\"><span style=\"font-weight: 400;\">Ingredientes<\/span><\/li>\n<li style=\"font-weight: 400;\"><span style=\"font-weight: 400;\">Proceso de preparaci\u00f3n<\/span><\/li>\n<\/ul>\n<\/li>\n<li style=\"font-weight: 400;\"><span style=\"font-weight: 400;\">Recuerda <\/span><b>enumerar<\/b><span style=\"font-weight: 400;\"> el proceso y utilizar <\/span><b>conectores<\/b><span style=\"font-weight: 400;\">.<\/span><\/li>\n<li style=\"font-weight: 400;\"><span style=\"font-weight: 400;\">Te damos el 1r paso de la elaboraci\u00f3n:<\/span>\n<ul>\n<li style=\"font-weight: 400;\"><span style=\"font-weight: 400;\">1. Primero, coge del frigor\u00edfico las frutas y verduras y unos palillos del armario de la cocina.<\/span><\/li>\n<li style=\"font-weight: 400;\"><span style=\"font-weight: 400;\">&#8230;<\/span><\/li>\n<\/ul>\n<\/li>\n<\/ul>\n<\/li>\n<\/ul>\n<p><span style=\"font-weight: 400;\">(Los palillos son para unir cada fruta y verdura y sujetar bien la cara del mu\u00f1eco).<\/span><\/p>\n<p><b>\u00a0<\/b> <b>Fecha de entrega l\u00edmite 27 de mayo.<\/b><\/p>\n<p>&nbsp;<\/p>\n<ul>\n<li><b><span style=\"font-weight: 400;\">Actividades digitales de <\/span>Gominolabs<span style=\"font-weight: 400;\">, haz click, juega y aprende<\/span>:<\/b><\/li>\n<\/ul>\n<ul>\n<li style=\"list-style-type: none;\">\n<ul>\n<li><a href=\"http:\/\/www.gominolabs.com\/separador.html\" target=\"_blank\" rel=\"noopener noreferrer\"><span style=\"font-weight: 400;\">Separador<\/span><\/a> <span style=\"font-weight: 400;\">(antes de empezar el juego, tendr\u00e9is que indicar el grado de dificultad y el n\u00famero de preguntas, graduraros vosotr@s mism@s).<\/span><\/li>\n<\/ul>\n<\/li>\n<\/ul>\n<p><a href=\"https:\/\/agora.xtec.cat\/ceiptarra\/wp-content\/uploads\/usu1004\/2020\/05\/separador.png\"><img loading=\"lazy\" decoding=\"async\" class=\"wp-image-13677 aligncenter\" src=\"https:\/\/agora.xtec.cat\/ceiptarra\/wp-content\/uploads\/usu1004\/2020\/05\/separador-1024x463.png\" alt=\"\" width=\"526\" height=\"238\" srcset=\"https:\/\/agora.xtec.cat\/ceiptarra\/wp-content\/uploads\/usu1004\/2020\/05\/separador-1024x463.png 1024w, https:\/\/agora.xtec.cat\/ceiptarra\/wp-content\/uploads\/usu1004\/2020\/05\/separador-300x136.png 300w, https:\/\/agora.xtec.cat\/ceiptarra\/wp-content\/uploads\/usu1004\/2020\/05\/separador-768x347.png 768w, https:\/\/agora.xtec.cat\/ceiptarra\/wp-content\/uploads\/usu1004\/2020\/05\/separador.png 1392w\" sizes=\"auto, (max-width: 526px) 100vw, 526px\" \/><\/a><\/p>\n<ul>\n<li style=\"list-style-type: none;\">\n<ul>\n<li style=\"font-weight: 400;\"><a href=\"http:\/\/www.gominolabs.com\/ortografo.html\" target=\"_blank\" rel=\"noopener noreferrer\"><span style=\"font-weight: 400;\">Ort\u00f3grafo<\/span><\/a><span style=\"font-weight: 400;\"> (escoger libremente el n\u00famero de preguntas que quer\u00e1is hacer y practicar con toda la ortograf\u00eda)<\/span><\/li>\n<\/ul>\n<\/li>\n<\/ul>\n<p><a href=\"https:\/\/agora.xtec.cat\/ceiptarra\/wp-content\/uploads\/usu1004\/2020\/05\/ortografo.png\"><img loading=\"lazy\" decoding=\"async\" class=\"wp-image-13678 aligncenter\" src=\"https:\/\/agora.xtec.cat\/ceiptarra\/wp-content\/uploads\/usu1004\/2020\/05\/ortografo-1024x441.png\" alt=\"\" width=\"480\" height=\"207\" srcset=\"https:\/\/agora.xtec.cat\/ceiptarra\/wp-content\/uploads\/usu1004\/2020\/05\/ortografo-1024x441.png 1024w, https:\/\/agora.xtec.cat\/ceiptarra\/wp-content\/uploads\/usu1004\/2020\/05\/ortografo-300x129.png 300w, https:\/\/agora.xtec.cat\/ceiptarra\/wp-content\/uploads\/usu1004\/2020\/05\/ortografo-768x331.png 768w, https:\/\/agora.xtec.cat\/ceiptarra\/wp-content\/uploads\/usu1004\/2020\/05\/ortografo.png 1147w\" sizes=\"auto, (max-width: 480px) 100vw, 480px\" \/><\/a><\/p>\n<p>&nbsp;<\/p>\n<p><span style=\"color: #800080;\"><b>Angl\u00e8s<\/b><\/span><\/p>\n<p>Aquesta setmana us deixo una fitxa de senzilles <a href=\"https:\/\/www.liveworksheets.com\/c?a=c&amp;m=d&amp;l=oe&amp;i=ftxzo&amp;r=pd\" target=\"_blank\" rel=\"noopener noreferrer\">endevinalles<\/a>. haureu de seleccionar un dels tres posssibles animals que responen a la petita descripci\u00f3. Directament tindreu la correcci\u00f3 i no m&#8217;heu de fer retorn.<\/p>\n<p>Tamb\u00e9 us deixo un petit\u00a0<a href=\"https:\/\/docs.google.com\/forms\/d\/e\/1FAIpQLSeRS7HnB53c5B5K9pVElGE1jbn3s_xMGyzc5vUXMH340U7U5A\/viewform\" target=\"_blank\" rel=\"noopener noreferrer\">formulari <\/a>per tal d&#8217;<strong>avaluar<\/strong> la vostra comprensi\u00f3 lectora, intenteu de fer-la sols. Aquesta feina si me l&#8217;heu d&#8217;enviar abans del <strong>24 de maig<\/strong>, tindreu la correcci\u00f3 just a l&#8217;acabar-la.<\/p>\n<p>Teniu els jocs, vocabulari i presentacions tot recopilat a la p\u00e0gina del <a href=\"https:\/\/sites.google.com\/view\/english-tarra\/3rd-grade\/unit-5\" target=\"_blank\" rel=\"noopener noreferrer\">bloc d&#8217;angl\u00e8s<\/a>.<\/p>\n<p>&nbsp;<\/p>\n<p><span style=\"color: #0000ff;\"><b>Matem\u00e0tiques:<\/b><\/span><\/p>\n<ul>\n<li style=\"font-weight: 400;\"><span style=\"font-weight: 400;\">En els seg\u00fcents enlla\u00e7os trobareu unes <\/span><b>fitxes interactives<\/b><span style=\"font-weight: 400;\"> per treballar l\u2019<\/span><b>enginy matem\u00e0tic<\/b><span style=\"font-weight: 400;\"> i el <\/span><b>c\u00e0lcul<\/b><span style=\"font-weight: 400;\">.<\/span><\/li>\n<\/ul>\n<ul>\n<li style=\"list-style-type: none;\">\n<ul>\n<li style=\"list-style-type: none;\">\n<ul>\n<li style=\"font-weight: 400;\"><a href=\"https:\/\/es.liveworksheets.com\/c?a=s&amp;g=3r&amp;s=Matem%C3%A0tiques&amp;l=pp&amp;i=dfncdc&amp;r=tl\" target=\"_blank\" rel=\"noopener noreferrer\"><b>Resol els enigmes<\/b><\/a><\/li>\n<li><b><a href=\"https:\/\/es.liveworksheets.com\/c?a=s&amp;g=3r&amp;s=mates&amp;m=d&amp;l=aj&amp;i=utzcnz&amp;r=ys\" target=\"_blank\" rel=\"noopener noreferrer\">Activitats de c\u00e0lcul<\/a><\/b><b style=\"font-family: inherit; font-size: 1em;\"><\/b><\/li>\n<\/ul>\n<\/li>\n<\/ul>\n<\/li>\n<\/ul>\n<p><b style=\"font-family: inherit; font-size: 1em;\">Data d\u2019entrega l\u00edmit 28 de maig.<\/b><\/p>\n<p>&nbsp;<\/p>\n<ul>\n<li style=\"font-weight: 400;\"><b>Un radi d\u2019un quil\u00f2metre<\/b><span style=\"font-weight: 400;\">. Podem sortir a passejar per\u00f2 sense sortir d\u2019un radi d\u2019un quil\u00f2metre de casa.<\/span>\n<ul>\n<li style=\"font-weight: 400;\"><span style=\"font-weight: 400;\">Saps qu\u00e8 vol dir \u201ca un radi d\u20191 quil\u00f2metre de casa\u201d?<\/span><\/li>\n<\/ul>\n<\/li>\n<\/ul>\n<p><span style=\"font-weight: 400;\">El radi<\/span> <span style=\"font-weight: 400;\">\u00e9s la dist\u00e0ncia que hi ha en l\u00ednia recta des del centre del cercle fins a la circumfer\u00e8ncia.<\/span><\/p>\n<p><span style=\"font-weight: 400;\">Vol dir que si prens casa teva de centre al centre, podries caminar la dist\u00e0ncia d\u2019un quil\u00f2metre en qualsevol direcci\u00f3.\u00a0<\/span><\/p>\n<p><a href=\"https:\/\/agora.xtec.cat\/ceiptarra\/wp-content\/uploads\/usu1004\/2020\/05\/radi.png\"><img loading=\"lazy\" decoding=\"async\" class=\" wp-image-13679 aligncenter\" src=\"https:\/\/agora.xtec.cat\/ceiptarra\/wp-content\/uploads\/usu1004\/2020\/05\/radi.png\" alt=\"\" width=\"240\" height=\"236\" srcset=\"https:\/\/agora.xtec.cat\/ceiptarra\/wp-content\/uploads\/usu1004\/2020\/05\/radi.png 403w, https:\/\/agora.xtec.cat\/ceiptarra\/wp-content\/uploads\/usu1004\/2020\/05\/radi-300x296.png 300w\" sizes=\"auto, (max-width: 240px) 100vw, 240px\" \/><\/a><\/p>\n<p><span style=\"font-weight: 400;\">Pensa qu\u00e8 trobaries:<\/span><\/p>\n<ul>\n<li style=\"list-style-type: none;\">\n<ul>\n<li style=\"font-weight: 400;\"><span style=\"font-weight: 400;\">Creus que trobaries l\u2019escola?<\/span><\/li>\n<li style=\"font-weight: 400;\"><span style=\"font-weight: 400;\">Podries anar a casa dels avis?<\/span><\/li>\n<li style=\"font-weight: 400;\"><span style=\"font-weight: 400;\">I a casa del teu amic o amiga?<\/span><\/li>\n<li style=\"font-weight: 400;\"><span style=\"font-weight: 400;\">Et trobaries un riu?<\/span><\/li>\n<li style=\"font-weight: 400;\"><span style=\"font-weight: 400;\">O la via del tren?<\/span><\/li>\n<li style=\"font-weight: 400;\"><span style=\"font-weight: 400;\">\u2026<\/span><\/li>\n<\/ul>\n<\/li>\n<\/ul>\n<p><span style=\"font-weight: 400;\">Com de llarg t\u2019imagines que \u00e9s 1km?<\/span><\/p>\n<p><span style=\"font-weight: 400;\">Quantes passes penses que hauries de fer caminant 1 quil\u00f2metre en l\u00ednia recta?<\/span><\/p>\n<p><span style=\"font-weight: 400;\">Quanta estona et sembla que es triga a caminar 1km?<\/span><\/p>\n<p><span style=\"font-weight: 400;\">Despr\u00e9s de pensar-ho amb l\u2019ajuda del pare, la mare o alg\u00fa m\u00e9s gran, obriu algun dels enlla\u00e7os que us deixem a continuaci\u00f3:<\/span><\/p>\n<ul>\n<li><a href=\"https:\/\/1km.geomatico.es\/\" target=\"_blank\" rel=\"noopener noreferrer\">Quant \u00e9s 1km?<\/a><\/li>\n<li><a href=\"https:\/\/2kmfromhome.com\/es\/index.html\" target=\"_blank\" rel=\"noopener noreferrer\">KmFromHome<\/a><\/li>\n<\/ul>\n<p><span style=\"font-weight: 400;\">Aquestes aplicacions ajuden a saber tot el que plantej\u00e0vem anteriorment, prenent casa teva com a centre, fins on arriba el radi d\u20191km.\u00a0<\/span><\/p>\n<p><a href=\"https:\/\/agora.xtec.cat\/ceiptarra\/wp-content\/uploads\/usu1004\/2020\/05\/1km.png\"><img loading=\"lazy\" decoding=\"async\" class=\"wp-image-13680 aligncenter\" src=\"https:\/\/agora.xtec.cat\/ceiptarra\/wp-content\/uploads\/usu1004\/2020\/05\/1km.png\" alt=\"\" width=\"466\" height=\"205\" srcset=\"https:\/\/agora.xtec.cat\/ceiptarra\/wp-content\/uploads\/usu1004\/2020\/05\/1km.png 712w, https:\/\/agora.xtec.cat\/ceiptarra\/wp-content\/uploads\/usu1004\/2020\/05\/1km-300x132.png 300w\" sizes=\"auto, (max-width: 466px) 100vw, 466px\" \/><\/a><\/p>\n<p><span style=\"font-weight: 400;\">Situar-se a l\u2019espai dona seguretat i organitza el pensament. Val la pena aprofitar aquesta ocasi\u00f3 per ajudar-los a fer-se una idea de l\u2019espai m\u00e9s proper i per comprendre en una situaci\u00f3 amb sentit els pl\u00e0nols i mapes.<\/span><\/p>\n<p>&nbsp;<\/p>\n<p><span style=\"color: #99cc00;\"><b>Medi:<\/b><\/span><\/p>\n<ul>\n<li style=\"font-weight: 400;\"><span style=\"font-weight: 400;\">Ara s\u00ed, us demanem la devoluci\u00f3 de la fitxa <\/span><a href=\"https:\/\/agora.xtec.cat\/ceiptarra\/wp-content\/uploads\/usu1004\/2020\/03\/5.-Fitxa-TENIM-CURA-DE-LA-HIGIENE-pa-de-motlle.doc\" target=\"_blank\" rel=\"noopener noreferrer\"><b>\u201cTenim cura de la higiene\u201d<\/b><\/a><span style=\"font-weight: 400;\">, volem veure les vostres hip\u00f2tesis i respostes.<\/span><\/li>\n<\/ul>\n<p><b>Data d\u2019entrega l\u00edmit 26 de maig<\/b><span style=\"font-weight: 400;\">.<\/span><\/p>\n<ul>\n<li style=\"font-weight: 400;\"><span style=\"font-weight: 400;\">Us fem arribar un altre<\/span><a href=\"https:\/\/es.educaplay.com\/recursos-educativos\/5524887-els_vertebrats.html\" target=\"_blank\" rel=\"noopener noreferrer\"><b> joc<\/b><\/a><span style=\"font-weight: 400;\"> preparat per la Marta Hidalgo, aquesta vegada va <\/span><b>d\u2019invertebrats<\/b><span style=\"font-weight: 400;\">, es tracta d\u2019anar trobant les <\/span><b>parelles<\/b><span style=\"font-weight: 400;\">. Heu d\u2019anar fent click a una imatge i trobar la descripci\u00f3 corresponent fent click tamb\u00e9, i aix\u00ed successivament.<\/span><\/li>\n<\/ul>\n<p>&nbsp;<\/p>\n<p><span style=\"color: #ff6600;\"><b>Pl\u00e0stica\u00a0<\/b><\/span><\/p>\n<ul>\n<li style=\"font-weight: 400;\"><span style=\"font-weight: 400;\">Aquesta setmana pintarem un quadre del pintor <\/span><b>Piet Mondrian. <\/b><span style=\"font-weight: 400;\">\u00a0<\/span><\/li>\n<\/ul>\n<p><span style=\"font-weight: 400;\">Us facilitem el seg\u00fcent\u00a0 enlla\u00e7 per con\u00e8ixer una mica m\u00e9s la vida d\u2019aquest autor:<\/span><\/p>\n<div class=\"ast-oembed-container \" style=\"height: 100%;\"><iframe loading=\"lazy\" title=\"PIET MONDRIAN BIOGRAF\u00cdA\" width=\"500\" height=\"281\" src=\"https:\/\/www.youtube.com\/embed\/6By8g2Sus5w?feature=oembed\" frameborder=\"0\" allow=\"accelerometer; autoplay; clipboard-write; encrypted-media; gyroscope; picture-in-picture; web-share\" referrerpolicy=\"strict-origin-when-cross-origin\" allowfullscreen><\/iframe><\/div>\n<p><span style=\"font-weight: 400;\">Les seves primeres obres representaven paisatges, p<\/span><span style=\"font-weight: 400;\">intats amb colors neutres i m\u00e9s endavant, va comen\u00e7ar a treballar amb colors m\u00e9s brillants. De mica en mica, les seves obres van anar cap a l&#8217;abstracci\u00f3.<\/span><\/p>\n<p><span style=\"font-weight: 400;\">Una de les seves obres m\u00e9s importants va ser la <\/span><b>Gran Composici\u00f3 A <\/b><span style=\"font-weight: 400;\">, on pintava simplement l\u00ednies verticals i horitzontals, o afegia blocs de <\/span><a href=\"https:\/\/ca.wikipedia.org\/wiki\/Colors_primaris\" target=\"_blank\" rel=\"noopener noreferrer\"><span style=\"font-weight: 400;\">colors primaris<\/span><\/a><span style=\"font-weight: 400;\"> molt ben equilibrats i impactants.<\/span><\/p>\n<p><span style=\"font-weight: 400;\">L\u2019activitat que us proposem est\u00e0 relacionada amb aquesta obra. <\/span><b>Us demanem que <\/b><b>pinteu un quadre,<\/b><span style=\"font-weight: 400;\"> on nom\u00e9s podreu utilitzar l\u00ednies rectes horitzontals i verticals amb els colors: vermell, groc, blau (els colors primaris), blanc i negre.<\/span><\/p>\n<p>&nbsp;<\/p>\n<ul>\n<li><b>MATERIALS QUE NECESSITEU<\/b><\/li>\n<\/ul>\n<ul>\n<li style=\"list-style-type: none;\">\n<ul>\n<li><span style=\"font-weight: 400;\">1 cartolina o foli en blanc A4<\/span><\/li>\n<li><span style=\"font-weight: 400;\">Colors (rotuladors, ceres, temperes)<\/span><\/li>\n<li><span style=\"font-weight: 400;\">1 regle, almenys de 30 cm<\/span><\/li>\n<\/ul>\n<\/li>\n<\/ul>\n<ul>\n<li style=\"list-style-type: none;\"><\/li>\n<li><b>PASSOS A SEGUIR<\/b>\n<ul>\n<li><span style=\"font-weight: 400;\">Primer de tot, comenceu a dibuixar l\u00ednies gruixudes verticals i horitzontals perpendiculars amb el rotulador. Intenteu que no quedin massa quadrats i que no siguin massa petits.<\/span><\/li>\n<li><span style=\"font-weight: 400;\">Seguidament, haureu d\u2019omplir els quadrats i rectangles amb els colors, intentant no carregar-los massa. Penseu que el blanc ofereix un gran equilibri a l\u2019obra.<\/span><\/li>\n<li><span style=\"font-weight: 400;\">Intenteu aplicar el color de manera uniforme i no sortir-vos de la l\u00ednia.<\/span><\/li>\n<\/ul>\n<\/li>\n<\/ul>\n<ul>\n<li style=\"list-style-type: none;\"><\/li>\n<\/ul>\n<p><span style=\"font-weight: 400;\">Us deixem uns exemples:<\/span><\/p>\n<p><a href=\"https:\/\/agora.xtec.cat\/ceiptarra\/wp-content\/uploads\/usu1004\/2020\/05\/plastica.png\"><img loading=\"lazy\" decoding=\"async\" class=\"alignnone size-large wp-image-13681\" src=\"https:\/\/agora.xtec.cat\/ceiptarra\/wp-content\/uploads\/usu1004\/2020\/05\/plastica.png\" alt=\"\" width=\"571\" height=\"181\" srcset=\"https:\/\/agora.xtec.cat\/ceiptarra\/wp-content\/uploads\/usu1004\/2020\/05\/plastica.png 571w, https:\/\/agora.xtec.cat\/ceiptarra\/wp-content\/uploads\/usu1004\/2020\/05\/plastica-300x95.png 300w\" sizes=\"auto, (max-width: 571px) 100vw, 571px\" \/><\/a><\/p>\n<p><span style=\"font-weight: 400;\">Quan acabeu l\u2019activitat, us animem a penjar-la al padlet i compartir-la amb nosaltres.<\/span><\/p>\n<p>&nbsp;<\/p>\n<p><strong><span style=\"color: #ff00ff;\">Cultura digital<\/span><\/strong><\/p>\n<p>Aquesta setmana deixarem de costat l&#8217;Scratch i us oferim un <a href=\"https:\/\/www.vedoque.com\/juegos\/mecano\/canon-mecanografia.html\" target=\"_blank\" rel=\"noopener noreferrer\">joc<\/a> per guanyar agilitat a l&#8217;hora d&#8217;escriure amb l&#8217;ordinador. Heu d&#8217;escriure la lletra que surt a la bomba abans no arribi al castell i exploti! Aneu amb compte que cada nivell va m\u00e9s r\u00e0pid i costa m\u00e9s, sort!<\/p>\n<p>&nbsp;<\/p>\n<p><span style=\"color: #33cccc;\"><b>Educaci\u00f3 F\u00edsica<\/b><\/span><\/p>\n<p><span style=\"font-weight: 400;\">Aquesta setmana us deixem 3 rutines esportives\u00a0 familiars i dos coreografies molt divertides i molt bailongues.<\/span><\/p>\n<p><span style=\"font-weight: 400;\">A moure&#8217;s!!<\/span><\/p>\n<p><b>Dilluns:<\/b><\/p>\n<p><span style=\"font-weight: 400;\">Rutina esportiva 1<\/span><\/p>\n<div class=\"ast-oembed-container \" style=\"height: 100%;\"><iframe loading=\"lazy\" title=\"Kids Beginner Exercise For Good Health\" width=\"500\" height=\"281\" src=\"https:\/\/www.youtube.com\/embed\/L_A_HjHZxfI?start=375&#038;feature=oembed\" frameborder=\"0\" allow=\"accelerometer; autoplay; clipboard-write; encrypted-media; gyroscope; picture-in-picture; web-share\" referrerpolicy=\"strict-origin-when-cross-origin\" allowfullscreen><\/iframe><\/div>\n<p><b>Dimarts:<\/b><\/p>\n<p><span style=\"font-weight: 400;\">Coreografia Space Jam<\/span><\/p>\n<div class=\"ast-oembed-container \" style=\"height: 100%;\"><iframe loading=\"lazy\" title=\"Space Jam Dance (OPENPhysEd.org)\" width=\"500\" height=\"281\" src=\"https:\/\/www.youtube.com\/embed\/z0evAuWFlPs?start=19&#038;feature=oembed\" frameborder=\"0\" allow=\"accelerometer; autoplay; clipboard-write; encrypted-media; gyroscope; picture-in-picture; web-share\" referrerpolicy=\"strict-origin-when-cross-origin\" allowfullscreen><\/iframe><\/div>\n<p><b>Dimecres:<\/b><\/p>\n<p><span style=\"font-weight: 400;\">Rutina esportiva 2<\/span><\/p>\n<div class=\"ast-oembed-container \" style=\"height: 100%;\"><iframe loading=\"lazy\" title=\"Kids Exercise 2 - Shape-up\" width=\"500\" height=\"281\" src=\"https:\/\/www.youtube.com\/embed\/FrRDG4krjv8?start=49&#038;feature=oembed\" frameborder=\"0\" allow=\"accelerometer; autoplay; clipboard-write; encrypted-media; gyroscope; picture-in-picture; web-share\" referrerpolicy=\"strict-origin-when-cross-origin\" allowfullscreen><\/iframe><\/div>\n<p><b>Dijous:<\/b><\/p>\n<p><span style=\"font-weight: 400;\">Coreografia The fred-Justin Bieber- Baby-Ludacris<\/span><\/p>\n<div class=\"ast-oembed-container \" style=\"height: 100%;\"><iframe loading=\"lazy\" title=\"The Fred  - Justin Bieber - Baby ft. Ludacris\" width=\"500\" height=\"281\" src=\"https:\/\/www.youtube.com\/embed\/p65yfPCzUmc?start=54&#038;feature=oembed\" frameborder=\"0\" allow=\"accelerometer; autoplay; clipboard-write; encrypted-media; gyroscope; picture-in-picture; web-share\" referrerpolicy=\"strict-origin-when-cross-origin\" allowfullscreen><\/iframe><\/div>\n<p><b>Divendres:<\/b><\/p>\n<p><span style=\"font-weight: 400;\">Rutina 3<\/span><\/p>\n<div class=\"ast-oembed-container \" style=\"height: 100%;\"><iframe loading=\"lazy\" title=\"Kids HIIT Exercises 2\" width=\"500\" height=\"281\" src=\"https:\/\/www.youtube.com\/embed\/lc1Ag9m7XQo?start=5&#038;feature=oembed\" frameborder=\"0\" allow=\"accelerometer; autoplay; clipboard-write; encrypted-media; gyroscope; picture-in-picture; web-share\" referrerpolicy=\"strict-origin-when-cross-origin\" allowfullscreen><\/iframe><\/div>\n<p>&nbsp;<\/p>\n<p><b>M\u00fasica<\/b><\/p>\n<p><span style=\"font-weight: 400;\">Aquesta setmana us proposo tocar els tubs musicals (virtuals). Us deixo un enlla\u00e7 amb els tubs i un altre on trobareu una can\u00e7oneta com les que treballem a classe amb els tubs de colors. Heu d\u2019aprendre les notes i quan les sapigueu intentar acompanyar-la seguint el nom de les notes.\u00a0\u00a0<\/span><\/p>\n<p><strong>Aquesta activitat \u00e9s avaluable aix\u00ed que quan acabeu m\u2019heu d\u2019enviar un correu especificant que \u00e9s per m\u00fasica abans del dia 24 de maig dient-me el nom de les notes i si us ha agradat.\u00a0<\/strong><\/p>\n<p><span style=\"font-weight: 400;\">Tubs de colors:\u00a0<\/span><\/p>\n<p><a href=\"https:\/\/www.musick8.com\/boomwhackers\/playboomwhackers.php\" target=\"_blank\" rel=\"noopener noreferrer\"><span style=\"font-weight: 400;\">https:\/\/www.musick8.com\/boomwhackers\/playboomwhackers.php<\/span><\/a><span style=\"font-weight: 400;\">\u00a0<\/span><\/p>\n<p>&nbsp;<\/p>\n<div class=\"ast-oembed-container \" style=\"height: 100%;\"><iframe loading=\"lazy\" title=\"Alouette | Boomwhackers Playalong -Musicograma\" width=\"500\" height=\"281\" src=\"https:\/\/www.youtube.com\/embed\/FP-Ho68LOmw?list=PLivGuCHhXpSnqpd9J9KeL-kH49N13atBy\" frameborder=\"0\" allow=\"accelerometer; autoplay; clipboard-write; encrypted-media; gyroscope; picture-in-picture; web-share\" referrerpolicy=\"strict-origin-when-cross-origin\" allowfullscreen><\/iframe><\/div>\n<p>&nbsp;<\/p>\n<p><span style=\"color: #ff99cc;\"><b>Religi\u00f3:<\/b><\/span><\/p>\n<p><span style=\"font-weight: 400;\">Ja estem al mes de maig, mes de Maria. Aquesta setmana has de veure el v\u00eddeo que trobar\u00e0s al seg\u00fcent enlla\u00e7.<\/span><\/p>\n<div class=\"ast-oembed-container \" style=\"height: 100%;\"><iframe loading=\"lazy\" title=\"La Virgen, Tu Madre\" width=\"500\" height=\"375\" src=\"https:\/\/www.youtube.com\/embed\/QB3laKdjvBw?feature=oembed\" frameborder=\"0\" allow=\"accelerometer; autoplay; clipboard-write; encrypted-media; gyroscope; picture-in-picture; web-share\" referrerpolicy=\"strict-origin-when-cross-origin\" allowfullscreen><\/iframe><\/div>\n<p><span style=\"font-weight: 400;\">Tamb\u00e9 et proposo que facis un dibuix de Maria. Pots imprimir i pintar una de les imatges que <a href=\"https:\/\/agora.xtec.cat\/ceiptarra\/wp-content\/uploads\/usu1004\/2020\/05\/Imatges-de-Maria-3.pdf\" target=\"_blank\" rel=\"noopener noreferrer\">t&#8217;adjunto<\/a>, o b\u00e9 fer el teu propi dibuix. Quan el tinguis, envia\u2019m una foto al correu de la classe.<\/span><\/p>\n<p><span style=\"font-weight: 400;\">Esperem ser i continuar sent una petita fam\u00edlia per a vosaltres que us estima i sempre us t\u00e9 en el nostre cor. For\u00e7a TARRADELLAS!!<\/span><\/p>\n<p>&nbsp;<\/p>\n","protected":false},"excerpt":{"rendered":"<p>Aquestes dues \u00faltimes setmanes hem pogut fer una videoconfer\u00e8ncia amb tots\/es vosaltres i ens ha fet una grand\u00edssima il\u00b7lusi\u00f3. Ens ha encantat tornar a veure totes les vostres carones i escoltar les vostres veus. Heu crescut molt\u00edssim durant aquest confinament! Ens ha fet molta gr\u00e0cia que tots i totes esteu desitjant tornar al col\u00b7legi i [&hellip;]<\/p>\n","protected":false},"author":4,"featured_media":13327,"comment_status":"open","ping_status":"closed","sticky":false,"template":"","format":"standard","meta":{"_bbp_topic_count":0,"_bbp_reply_count":0,"_bbp_total_topic_count":0,"_bbp_total_reply_count":0,"_bbp_voice_count":0,"_bbp_anonymous_reply_count":0,"_bbp_topic_count_hidden":0,"_bbp_reply_count_hidden":0,"_bbp_forum_subforum_count":0,"site-sidebar-layout":"default","site-content-layout":"","ast-site-content-layout":"","site-content-style":"default","site-sidebar-style":"default","ast-global-header-display":"","ast-banner-title-visibility":"","ast-main-header-display":"","ast-hfb-above-header-display":"","ast-hfb-below-header-display":"","ast-hfb-mobile-header-display":"","site-post-title":"","ast-breadcrumbs-content":"","ast-featured-img":"","footer-sml-layout":"","theme-transparent-header-meta":"","adv-header-id-meta":"","stick-header-meta":"","header-above-stick-meta":"","header-main-stick-meta":"","header-below-stick-meta":"","astra-migrate-meta-layouts":"default","ast-page-background-enabled":"default","ast-page-background-meta":{"desktop":{"background-color":"var(--ast-global-color-4)","background-image":"","background-repeat":"repeat","background-position":"center center","background-size":"auto","background-attachment":"scroll","background-type":"","background-media":"","overlay-type":"","overlay-color":"","overlay-opacity":"","overlay-gradient":""},"tablet":{"background-color":"","background-image":"","background-repeat":"repeat","background-position":"center center","background-size":"auto","background-attachment":"scroll","background-type":"","background-media":"","overlay-type":"","overlay-color":"","overlay-opacity":"","overlay-gradient":""},"mobile":{"background-color":"","background-image":"","background-repeat":"repeat","background-position":"center center","background-size":"auto","background-attachment":"scroll","background-type":"","background-media":"","overlay-type":"","overlay-color":"","overlay-opacity":"","overlay-gradient":""}},"ast-content-background-meta":{"desktop":{"background-color":"var(--ast-global-color-5)","background-image":"","background-repeat":"repeat","background-position":"center center","background-size":"auto","background-attachment":"scroll","background-type":"","background-media":"","overlay-type":"","overlay-color":"","overlay-opacity":"","overlay-gradient":""},"tablet":{"background-color":"var(--ast-global-color-5)","background-image":"","background-repeat":"repeat","background-position":"center center","background-size":"auto","background-attachment":"scroll","background-type":"","background-media":"","overlay-type":"","overlay-color":"","overlay-opacity":"","overlay-gradient":""},"mobile":{"background-color":"var(--ast-global-color-5)","background-image":"","background-repeat":"repeat","background-position":"center center","background-size":"auto","background-attachment":"scroll","background-type":"","background-media":"","overlay-type":"","overlay-color":"","overlay-opacity":"","overlay-gradient":""}},"footnotes":""},"categories":[12],"tags":[327],"class_list":["post-13643","post","type-post","status-publish","format-standard","has-post-thumbnail","hentry","category-3r","tag-ens-quedem-a-casa"],"post_mailing_queue_ids":[],"_links":{"self":[{"href":"https:\/\/agora.xtec.cat\/ceiptarra\/wp-json\/wp\/v2\/posts\/13643","targetHints":{"allow":["GET"]}}],"collection":[{"href":"https:\/\/agora.xtec.cat\/ceiptarra\/wp-json\/wp\/v2\/posts"}],"about":[{"href":"https:\/\/agora.xtec.cat\/ceiptarra\/wp-json\/wp\/v2\/types\/post"}],"author":[{"embeddable":true,"href":"https:\/\/agora.xtec.cat\/ceiptarra\/wp-json\/wp\/v2\/users\/4"}],"replies":[{"embeddable":true,"href":"https:\/\/agora.xtec.cat\/ceiptarra\/wp-json\/wp\/v2\/comments?post=13643"}],"version-history":[{"count":3,"href":"https:\/\/agora.xtec.cat\/ceiptarra\/wp-json\/wp\/v2\/posts\/13643\/revisions"}],"predecessor-version":[{"id":13731,"href":"https:\/\/agora.xtec.cat\/ceiptarra\/wp-json\/wp\/v2\/posts\/13643\/revisions\/13731"}],"wp:featuredmedia":[{"embeddable":true,"href":"https:\/\/agora.xtec.cat\/ceiptarra\/wp-json\/wp\/v2\/media\/13327"}],"wp:attachment":[{"href":"https:\/\/agora.xtec.cat\/ceiptarra\/wp-json\/wp\/v2\/media?parent=13643"}],"wp:term":[{"taxonomy":"category","embeddable":true,"href":"https:\/\/agora.xtec.cat\/ceiptarra\/wp-json\/wp\/v2\/categories?post=13643"},{"taxonomy":"post_tag","embeddable":true,"href":"https:\/\/agora.xtec.cat\/ceiptarra\/wp-json\/wp\/v2\/tags?post=13643"}],"curies":[{"name":"wp","href":"https:\/\/api.w.org\/{rel}","templated":true}]}}