{"id":13597,"date":"2020-05-18T09:00:32","date_gmt":"2020-05-18T07:00:32","guid":{"rendered":"http:\/\/agora.xtec.cat\/ceiptarra\/?p=13597"},"modified":"2020-05-17T13:28:14","modified_gmt":"2020-05-17T11:28:14","slug":"tasques-setmana-del-18-al-22-de-maig-2","status":"publish","type":"post","link":"https:\/\/agora.xtec.cat\/ceiptarra\/primaria\/cicle-mitja\/4t\/tasques-setmana-del-18-al-22-de-maig-2\/","title":{"rendered":"Tasques setmana del 18 al 22 de maig"},"content":{"rendered":"<p>Bona setmana noies i nois!<\/p>\n<p>Esperem que us agrad\u00e9s tant com a nosaltres veure&#8217;ns la setmana passada. Continuem avan\u00e7ant en el mes de maig i ja estem a la meitat.<\/p>\n<p>Aquesta setmana us tornem a presentar diferents propostes que esperem us agradin molt!<\/p>\n<p>Comencem!<\/p>\n<p>&nbsp;<\/p>\n<p><span style=\"color: #ff6600;\"><b>Mates<\/b><\/span><\/p>\n<ul>\n<li><b>Quinzet.\u00a0<\/b><\/li>\n<\/ul>\n<p><span style=\"font-weight: 400;\">Aquesta setmana us proposem <strong>dues s\u00e8ries de quinzet<\/strong>. Us les presentem en un <strong>Quizizz<\/strong> per tal que les pugueu fer a casa.<\/span><\/p>\n<p><span style=\"font-weight: 400;\">Com us va dir Marta la setmana passada podeu entrar a l\u2019aplicaci\u00f3 i posar el codi: <\/span><b>496200<\/b><span style=\"font-weight: 400;\"> o directament entrar en aquest <\/span><a href=\"http:\/\/quizizz.com\/join?gc=496200\"><span style=\"font-weight: 400;\">enlla\u00e7<\/span><\/a><span style=\"font-weight: 400;\">.<\/span><\/p>\n<p>&nbsp;<\/p>\n<ul>\n<li><b>Treballem les fraccions<\/b><\/li>\n<\/ul>\n<p><span style=\"font-weight: 400;\">En aquest altre <strong>Quizizz<\/strong> trobareu unes preguntes de <strong>fraccions.<\/strong>\u00a0 A veure com ho porteu.<\/span><\/p>\n<p><span style=\"font-weight: 400;\">Com abans podeu posar el codi <\/span><b>326776<\/b> <span style=\"font-weight: 400;\">a l\u2019aplicaci\u00f3 o entrar en aquest <\/span><a href=\"http:\/\/quizizz.com\/join?gc=326776\"><span style=\"font-weight: 400;\">enlla\u00e7<\/span><\/a><\/p>\n<p>&nbsp;<\/p>\n<ul>\n<li style=\"font-weight: 400;\"><b>Un radi d\u2019un quil\u00f2metre<\/b><span style=\"font-weight: 400;\">.\u00a0<\/span><\/li>\n<\/ul>\n<p><span style=\"font-weight: 400;\">Podem sortir a passejar per\u00f2 sense sortir d\u2019un radi d\u2019un quil\u00f2metre de casa. Saps qu\u00e8 vol dir \u201c<strong>a un radi d\u20191 quil\u00f2metre de casa<\/strong>\u201d?<\/span><\/p>\n<p><span style=\"font-weight: 400;\">El radi<\/span> <span style=\"font-weight: 400;\">\u00e9s la dist\u00e0ncia que hi ha en l\u00ednia recta des del centre del cercle fins a la circumfer\u00e8ncia. Vol dir que si prens casa teva com centre del centre, podries caminar la dist\u00e0ncia d\u2019un quil\u00f2metre en qualsevol direcci\u00f3.\u00a0<\/span><\/p>\n<p>&nbsp;<\/p>\n<p><a href=\"https:\/\/agora.xtec.cat\/ceiptarra\/wp-content\/uploads\/usu1004\/2020\/05\/radi.jpg\"><img loading=\"lazy\" decoding=\"async\" class=\"size-full wp-image-13608 aligncenter\" src=\"https:\/\/agora.xtec.cat\/ceiptarra\/wp-content\/uploads\/usu1004\/2020\/05\/radi.jpg\" alt=\"\" width=\"224\" height=\"220\" \/><\/a><\/p>\n<p><span style=\"font-weight: 400;\">Pensa qu\u00e8 trobaries:<\/span><\/p>\n<ul>\n<li style=\"list-style-type: none;\">\n<ul>\n<li style=\"font-weight: 400;\"><span style=\"font-weight: 400;\">Creus que trobaries l\u2019escola?<\/span><\/li>\n<li style=\"font-weight: 400;\"><span style=\"font-weight: 400;\">Podries anar a casa dels avis?<\/span><\/li>\n<li style=\"font-weight: 400;\"><span style=\"font-weight: 400;\">I a casa del teu amic o amiga?<\/span><\/li>\n<li style=\"font-weight: 400;\"><span style=\"font-weight: 400;\">Et trobaries un riu?<\/span><\/li>\n<li style=\"font-weight: 400;\"><span style=\"font-weight: 400;\">O la via del tren?<\/span><\/li>\n<li style=\"font-weight: 400;\"><span style=\"font-weight: 400;\">\u2026<\/span><\/li>\n<\/ul>\n<\/li>\n<\/ul>\n<p><span style=\"font-weight: 400;\">Com de llarg t\u2019imagines que \u00e9s 1km?\u00a0<\/span><\/p>\n<p><span style=\"font-weight: 400;\">Quantes passes penses que hauries de fer caminant 1 quil\u00f2metre en l\u00ednia recta? Quanta estona et sembla que es triga a caminar 1km?<\/span><\/p>\n<p><span style=\"font-weight: 400;\">Despr\u00e9s de pensar-ho amb l\u2019ajuda del pare, la mare o alg\u00fa m\u00e9s gran, obriu algun dels enlla\u00e7os que us deixem a continuaci\u00f3:<\/span><\/p>\n<ul>\n<li><b><a href=\"https:\/\/1km.geomatico.es\/\">Quant \u00e9s 1km?<\/a><\/b><\/li>\n<li><a href=\"https:\/\/2kmfromhome.com\/es\/index.html\">KmFromHome<\/a><\/li>\n<\/ul>\n<p><span style=\"font-weight: 400;\">Aquestes aplicacions ajuden a saber tot el que plantej\u00e0vem anteriorment, prenent casa teva com a centre, fins on arriba el radi d\u20191km.\u00a0<\/span><\/p>\n<p><a href=\"https:\/\/agora.xtec.cat\/ceiptarra\/wp-content\/uploads\/usu1004\/2020\/05\/apps.jpg\"><img loading=\"lazy\" decoding=\"async\" class=\"size-full wp-image-13609 aligncenter\" src=\"https:\/\/agora.xtec.cat\/ceiptarra\/wp-content\/uploads\/usu1004\/2020\/05\/apps.jpg\" alt=\"\" width=\"447\" height=\"196\" srcset=\"https:\/\/agora.xtec.cat\/ceiptarra\/wp-content\/uploads\/usu1004\/2020\/05\/apps.jpg 447w, https:\/\/agora.xtec.cat\/ceiptarra\/wp-content\/uploads\/usu1004\/2020\/05\/apps-300x132.jpg 300w\" sizes=\"auto, (max-width: 447px) 100vw, 447px\" \/><\/a><\/p>\n<p><span style=\"font-weight: 400;\">Situar-se a l\u2019espai dona seguretat i organitza el pensament. Val la pena aprofitar aquesta ocasi\u00f3 per ajudar-los a fer-se una idea de l\u2019espai m\u00e9s proper i per comprendre en una situaci\u00f3 amb sentit els pl\u00e0nols i mapes.<\/span><\/p>\n<p><span style=\"font-weight: 400;\">Poseu la vista sat\u00e8l\u00b7lit en els carrers dels voltants de casa, us engrescar\u00e0 molt.<\/span><\/p>\n<p>&nbsp;<\/p>\n<p><span style=\"color: #ff6600;\"><b>Catal\u00e0<\/b><\/span><\/p>\n<ul>\n<li style=\"font-weight: 400;\"><span style=\"font-weight: 400;\">Avui comencem amb unes fitxes de passatemps, hem fet alguna vegada a classe i pensem que van molt b\u00e9 per l\u2019atenci\u00f3 i concentraci\u00f3. <\/span><a href=\"https:\/\/cavallfort.cat\/llibres-i-reis\/\"><span style=\"font-weight: 400;\">Passatemps<\/span><\/a><span style=\"font-weight: 400;\"> i <\/span><a href=\"http:\/\/cavallfort.cat\/missatges-amagats\/\"><span style=\"font-weight: 400;\">Missatges amagats<\/span><\/a><\/li>\n<\/ul>\n<p>&nbsp;<\/p>\n<ul>\n<li style=\"font-weight: 400;\"><span style=\"font-weight: 400;\">La segona proposta \u00e9s per treballar la lectura. En la seg\u00fcent p\u00e0gina trobareu exercicis per treballar la <\/span><a href=\"http:\/\/www.jverdaguer.org\/jsmedia\/005eficas\/index.html\"><b>lectura efica\u00e7<\/b><\/a><span style=\"font-weight: 400;\">.\u00a0<\/span><\/li>\n<\/ul>\n<p><a href=\"https:\/\/agora.xtec.cat\/ceiptarra\/wp-content\/uploads\/usu1004\/2020\/05\/lectura-efica\u00e7.jpg\"><img loading=\"lazy\" decoding=\"async\" class=\"wp-image-13628 aligncenter\" src=\"https:\/\/agora.xtec.cat\/ceiptarra\/wp-content\/uploads\/usu1004\/2020\/05\/lectura-efica\u00e7-1024x612.jpg\" alt=\"\" width=\"537\" height=\"321\" srcset=\"https:\/\/agora.xtec.cat\/ceiptarra\/wp-content\/uploads\/usu1004\/2020\/05\/lectura-efica\u00e7-1024x612.jpg 1024w, https:\/\/agora.xtec.cat\/ceiptarra\/wp-content\/uploads\/usu1004\/2020\/05\/lectura-efica\u00e7-300x179.jpg 300w, https:\/\/agora.xtec.cat\/ceiptarra\/wp-content\/uploads\/usu1004\/2020\/05\/lectura-efica\u00e7-768x459.jpg 768w, https:\/\/agora.xtec.cat\/ceiptarra\/wp-content\/uploads\/usu1004\/2020\/05\/lectura-efica\u00e7.jpg 1198w\" sizes=\"auto, (max-width: 537px) 100vw, 537px\" \/><\/a><\/p>\n<p><span style=\"font-weight: 400;\">Com veieu hi ha molts i molt divertits per\u00f2 nosaltres us recomanem les activitats de:<\/span><\/p>\n<ul>\n<li style=\"font-weight: 400;\"><b>paraules,\u00a0<\/b><\/li>\n<li style=\"font-weight: 400;\"><b>mem\u00f2ria visual,<\/b><\/li>\n<li style=\"font-weight: 400;\"><b>ordre,\u00a0<\/b><\/li>\n<li style=\"font-weight: 400;\"><b>completa,<\/b><\/li>\n<li style=\"font-weight: 400;\"><b>endevina<\/b><\/li>\n<\/ul>\n<p>&nbsp;<\/p>\n<ul>\n<li style=\"font-weight: 400;\"><span style=\"font-weight: 400;\">Per \u00faltim us proposem escoltar una can\u00e7\u00f3, per\u00f2 hem perdut algunes paraules de la lletra, a veure si sou capa\u00e7os de completar-la.\u00a0<strong><span style=\"color: #008000;\">Teniu temps per fer-la fins el dia 24 de maig.<\/span><\/strong><\/span><\/li>\n<\/ul>\n<p><a href=\"https:\/\/es.liveworksheets.com\/c?a=s&amp;g=4t&amp;s=catal%C3%A0&amp;l=ld&amp;i=dzxxsd&amp;r=ky\"><span style=\"font-weight: 400;\">Escoltem m\u00fasica?\u00a0<\/span><\/a><\/p>\n<p>&nbsp;<\/p>\n<p><span style=\"color: #ff6600;\"><b>Castell\u00e0<\/b><\/span><\/p>\n<ul>\n<li style=\"font-weight: 400;\"><span style=\"font-weight: 400;\">Seguiremos practicando la entrevista pero esta semana con un <strong>edpuzzle<\/strong><\/span><\/li>\n<\/ul>\n<p><span style=\"font-weight: 400;\">Os recordamos que ten\u00e9is dos opciones para entrar:<\/span><\/p>\n<ol>\n<li style=\"font-weight: 400;\"><span style=\"font-weight: 400;\">clicar en el enlace de vuestra clase, despu\u00e9s pon\u00e9is vuestro nombre y clicar disfrutar de la clase:<\/span><\/li>\n<\/ol>\n<p><a href=\"https:\/\/edpuzzle.com\/open\/kertana\" target=\"_blank\" rel=\"noopener noreferrer\"><span style=\"font-weight: 400;\">4tA<\/span><\/a><\/p>\n<p><a href=\"https:\/\/edpuzzle.com\/open\/jekunov\" target=\"_blank\" rel=\"noopener noreferrer\"><span style=\"font-weight: 400;\">4tB<\/span><\/a><\/p>\n<p><span style=\"font-weight: 400;\">2. si dispon\u00e9is de la aplicaci\u00f3n <strong>d\u2019Edpuzzle<\/strong> clicar al bot\u00f3n \u201centrar c\u00f3digo de clase abierta\u201d. Escrib\u00eds el c\u00f3digo de vuestra clase, despu\u00e9s pon\u00e9is vuestro nombre y clicar disfrutar de la clase:<\/span><\/p>\n<p><span style=\"font-weight: 400;\">Si sois de 4tA el c\u00f3digo de clase para la aplicaci\u00f3n m\u00f3vil <\/span><b><i>kertana<\/i><\/b><\/p>\n<p><span style=\"font-weight: 400;\">Si sois de 4tB el c\u00f3digo de clase para la aplicaci\u00f3n m\u00f3vil <\/span><b><i>jekunov<\/i><\/b><\/p>\n<p><span style=\"font-weight: 400;\">Encontrar\u00e9is todos los v\u00eddeos que os hemos ido mandando, tendr\u00e9is que hacer solo el de <\/span><b>\u201cla entrevista\u201d<\/b><\/p>\n<p>&nbsp;<\/p>\n<ul>\n<li style=\"font-weight: 400;\"><span style=\"font-weight: 400;\">La segunda actividad que os proponemos es un <\/span><a href=\"https:\/\/recursosjoaprencacasa.cruilla.cat\/3-4EP-castella-dictapalabras\/\"><span style=\"font-weight: 400;\">dictado de palabras<\/span><\/a><span style=\"font-weight: 400;\">\u00a0<\/span><\/li>\n<\/ul>\n<p><span style=\"font-weight: 400;\"><a href=\"https:\/\/agora.xtec.cat\/ceiptarra\/wp-content\/uploads\/usu1004\/2020\/05\/dictado-de-palabras.jpg\"><img loading=\"lazy\" decoding=\"async\" class=\"wp-image-13630 aligncenter\" src=\"https:\/\/agora.xtec.cat\/ceiptarra\/wp-content\/uploads\/usu1004\/2020\/05\/dictado-de-palabras-1024x671.jpg\" alt=\"\" width=\"369\" height=\"242\" srcset=\"https:\/\/agora.xtec.cat\/ceiptarra\/wp-content\/uploads\/usu1004\/2020\/05\/dictado-de-palabras-1024x671.jpg 1024w, https:\/\/agora.xtec.cat\/ceiptarra\/wp-content\/uploads\/usu1004\/2020\/05\/dictado-de-palabras-300x196.jpg 300w, https:\/\/agora.xtec.cat\/ceiptarra\/wp-content\/uploads\/usu1004\/2020\/05\/dictado-de-palabras-768x503.jpg 768w, https:\/\/agora.xtec.cat\/ceiptarra\/wp-content\/uploads\/usu1004\/2020\/05\/dictado-de-palabras.jpg 1026w\" sizes=\"auto, (max-width: 369px) 100vw, 369px\" \/><\/a><\/span><\/p>\n<p><span style=\"font-weight: 400;\">Le ten\u00e9is que dar a entrar y despu\u00e9s a empezar. Os ir\u00e1 dictando palabras, s\u00f3lo ten\u00e9is que escribirlas. Son diferentes niveles con 5 palabras cada uno. A ver c\u00f3mo se os da.<\/span><\/p>\n<p>&nbsp;<\/p>\n<ul>\n<li style=\"font-weight: 400;\"><span style=\"font-weight: 400;\">La \u00faltima actividad de esta semana es <\/span><a href=\"https:\/\/recursosjoaprencacasa.cruilla.cat\/3-4EP-castella-frase-rota\/\"><span style=\"font-weight: 400;\">construcci\u00f3n de frases<\/span><\/a><span style=\"font-weight: 400;\">. Le ten\u00e9is que dar a entrar y despu\u00e9s a empezar. <\/span><\/li>\n<\/ul>\n<p><a href=\"https:\/\/agora.xtec.cat\/ceiptarra\/wp-content\/uploads\/usu1004\/2020\/05\/la-frase-rota.jpg\"><img loading=\"lazy\" decoding=\"async\" class=\"wp-image-13631 aligncenter\" src=\"https:\/\/agora.xtec.cat\/ceiptarra\/wp-content\/uploads\/usu1004\/2020\/05\/la-frase-rota.jpg\" alt=\"\" width=\"395\" height=\"247\" srcset=\"https:\/\/agora.xtec.cat\/ceiptarra\/wp-content\/uploads\/usu1004\/2020\/05\/la-frase-rota.jpg 962w, https:\/\/agora.xtec.cat\/ceiptarra\/wp-content\/uploads\/usu1004\/2020\/05\/la-frase-rota-300x188.jpg 300w, https:\/\/agora.xtec.cat\/ceiptarra\/wp-content\/uploads\/usu1004\/2020\/05\/la-frase-rota-768x481.jpg 768w\" sizes=\"auto, (max-width: 395px) 100vw, 395px\" \/><\/a><\/p>\n<p><span style=\"font-weight: 400;\">Os aparecer\u00e1n unas frases desordenadas que ten\u00e9is que ordenar correctamente, la dificultad es que ten\u00e9is un l\u00edmite de tiempo para cada frase. \u00a1\u00c1nimo, seguro que lo pod\u00e9is hacer!<\/span><\/p>\n<p>&nbsp;<\/p>\n<p><strong><span style=\"color: #ff9900;\">Angl\u00e8s<\/span><\/strong><\/p>\n<p>Aquesta setmana us deixo un parell d&#8217;activitats d&#8217;avaluaci\u00f3, per tant intenteu de fer-les sols, teniu temps fins el <strong>24 de maig<\/strong>.<\/p>\n<ul>\n<li><a href=\"https:\/\/www.liveworksheets.com\/c?a=s&amp;g=4&amp;s=English&amp;t=ghijpicm4h&amp;m=d&amp;l=cp&amp;i=fcusdn&amp;r=mg\" target=\"_blank\" rel=\"noopener noreferrer\">Activitat<\/a>\u00a0de comprensi\u00f3 lectora.<\/li>\n<li><a href=\"https:\/\/www.liveworksheets.com\/c?a=s&amp;g=4&amp;s=English&amp;t=ghijpicm4h&amp;m=d&amp;l=jk&amp;i=uontd&amp;r=ce\" target=\"_blank\" rel=\"noopener noreferrer\">Activitat<\/a> sobre les hores.<\/li>\n<\/ul>\n<p>Teniu els jocs, vocabulari i presentacions tot recopilat a la p\u00e0gina del\u00a0<a href=\"https:\/\/sites.google.com\/view\/english-tarra\/4th-grade\/unit-5\" target=\"_blank\" rel=\"noopener noreferrer\">bloc d\u2019angl\u00e8s<\/a>.<\/p>\n<p>&nbsp;<\/p>\n<p><span style=\"color: #ff6600;\"><b>Medi<\/b><\/span><\/p>\n<ul>\n<li style=\"font-weight: 400;\"><span style=\"font-weight: 400;\">Aquests dies a casa hem de conviure 24h amb la fam\u00edlia i hi ha coses en les que podem col\u00b7laborar tots. <\/span><a href=\"https:\/\/cavallfort.cat\/que-en-saps-de-les-feines-domestiques\/\"><span style=\"font-weight: 400;\">Per\u00f2 que en saps, de les feines dom\u00e8stiques?<\/span><\/a><span style=\"font-weight: 400;\"> Prova a fer aquest <strong>q\u00fcestionari<\/strong> i a veure que tal.<\/span><\/li>\n<\/ul>\n<p>&nbsp;<\/p>\n<ul>\n<li style=\"font-weight: 400;\"><span style=\"font-weight: 400;\">Aquesta setmana farem de <strong>meteor\u00f2legs:<\/strong><\/span><\/li>\n<\/ul>\n<p><span style=\"font-weight: 400;\">Entrem a la p\u00e0gina de l\u2019editorial <\/span><a href=\"https:\/\/web.editorialteide.com\/ca\/ensquedemacasa\/\"><span style=\"font-weight: 400;\">Teide\u00a0<\/span><\/a><\/p>\n<p><span style=\"font-weight: 400;\">Clicar el bot\u00f3 <strong>ACCEDEIX<\/strong><\/span><\/p>\n<p><span style=\"font-weight: 400;\">Despr\u00e8s vas a <strong>prim\u00e0ria.<\/strong> Tria el curs (<strong>4t<\/strong>) i despr\u00e9s la mat\u00e8ria (<strong>Ci\u00e8ncies Socials<\/strong>)<\/span><\/p>\n<p><span style=\"font-weight: 400;\">Feu<strong> l\u2019activitat 6: Observem al temps<\/strong><\/span><\/p>\n<p><span style=\"font-weight: 400;\">Si voleu tamb\u00e9 podeu fer la part de la cr\u00f2nica del temps que fa avui. A veure com feu de dones i homes del temps.<\/span><\/p>\n<p>&nbsp;<\/p>\n<ul>\n<li style=\"font-weight: 400;\"><span style=\"font-weight: 400;\">Continuant amb la observaci\u00f3 del temps, anem a donar una mica de sentit al nostre <strong>pluvi\u00f2metre.<\/strong> Ara toca recuperar les dades de la pluja i amb aquest registre fer l&#8217;activitat seg\u00fcent on heu d\u2019analitzar les dades, contestar les preguntes i fer uns gr\u00e0fics.<\/span><\/li>\n<\/ul>\n<p><a href=\"https:\/\/agora.xtec.cat\/ceiptarra\/wp-content\/uploads\/usu1004\/2020\/05\/Analitzem-les-dades-obtingudes-del-pluvi\u00f2metre.docx\">Analitzem les dades obtingudes del pluvi\u00f2metre<\/a><\/p>\n<p><span style=\"font-weight: 400;\">No cal que us amo\u00efneu si no vau poder fer el pluvi\u00f2metre o no teniu registre de les dades. En aquest document trobareu un registre estret de la p\u00e0gina del <strong>Meteocat,<\/strong> on apareix la pluja en mil\u00b7l\u00edmetres d&#8217;aquests mesos de confinament.<\/span><\/p>\n<p><a href=\"https:\/\/agora.xtec.cat\/ceiptarra\/wp-content\/uploads\/usu1004\/2020\/05\/taula-de-precipitacions.pdf\" target=\"_blank\" rel=\"noopener noreferrer\">Taula de precipitacions<\/a><\/p>\n<p><span style=\"font-weight: 400;\"><strong><span style=\"color: #008000;\">Teniu temps per fer-la fins el dia 24 de maig.<\/span><\/strong><\/span><\/p>\n<p>&nbsp;<\/p>\n<p><strong><span style=\"color: #ff00ff;\">Cultura digital<\/span><\/strong><\/p>\n<p>Aquesta setmana deixarem de costat l&#8217;Scratch i us oferim un <a href=\"https:\/\/www.vedoque.com\/juegos\/mecano\/canon-mecanografia.html\" target=\"_blank\" rel=\"noopener noreferrer\">joc<\/a> per guanyar agilitat a l&#8217;hora d&#8217;escriure amb l&#8217;ordinador. Heu d&#8217;escriure la lletra que surt a la bomba abans no arribi al castell i exploti! Aneu amb compte que cada nivell va m\u00e9s r\u00e0pid i costa m\u00e9s, sort!<\/p>\n<p>&nbsp;<\/p>\n<p><span style=\"color: #ff6600;\"><b>Educaci\u00f3 F\u00edsica<\/b><\/span><\/p>\n<p><span style=\"font-weight: 400;\">Aquesta setmana us deixem <strong>3 rutines esportives\u00a0 familiars<\/strong> i dos coreografies molt divertides i molt bailongues.<\/span><\/p>\n<p><span style=\"font-weight: 400;\">A moure&#8217;s!!<\/span><\/p>\n<p>&nbsp;<\/p>\n<p><b>Dilluns:<\/b><\/p>\n<p><span style=\"font-weight: 400;\">Rutina esportiva 1<\/span><\/p>\n<p><iframe loading=\"lazy\" src=\"\/\/www.youtube.com\/embed\/L_A_HjHZxfI?feature=emb_logo\" width=\"560\" height=\"314\"><\/iframe><b><\/b><\/p>\n<p><b>Dimarts:<\/b><\/p>\n<p><span style=\"font-weight: 400;\">coreografia space Jan<\/span><\/p>\n<p><iframe loading=\"lazy\" src=\"\/\/www.youtube.com\/embed\/z0evAuWFlPs?feature=emb_logo\" width=\"560\" height=\"314\"><\/iframe><\/p>\n<p><b>Dimecres:<\/b><\/p>\n<p><span style=\"font-weight: 400;\">Rutina esportiva 2<\/span><\/p>\n<p><iframe loading=\"lazy\" src=\"\/\/www.youtube.com\/embed\/FrRDG4krjv8?feature=emb_log\" width=\"560\" height=\"314\"><\/iframe><\/p>\n<p><b>Dijous:<\/b><\/p>\n<p><span style=\"font-weight: 400;\">coreografia The fred-Justin Bieber- Baby-Ludacris<\/span><\/p>\n<p><iframe loading=\"lazy\" src=\"\/\/www.youtube.com\/embed\/p65yfPCzUmc?feature=emb_logo\" width=\"560\" height=\"314\"><\/iframe><\/p>\n<p><b>Divendres:<\/b><\/p>\n<p><span style=\"font-weight: 400;\">Rutina 3<\/span><\/p>\n<p><iframe loading=\"lazy\" src=\"\/\/www.youtube.com\/embed\/lc1Ag9m7XQo?feature=emb_logo\" width=\"560\" height=\"314\"><\/iframe><\/p>\n<p>&nbsp;<\/p>\n<p>&nbsp;<\/p>\n<p><span style=\"color: #ff6600;\"><b>M\u00fasica<\/b><\/span><\/p>\n<p>&nbsp;<\/p>\n<p><span style=\"font-weight: 400;\">Aquesta setmana us proposo tocar els tubs musicals (virtuals). Us deixo un enlla\u00e7 amb els tubs i un altre on trobareu una can\u00e7oneta com les que treballem a classe amb els tubs de colors. Heu d\u2019aprendre les notes i quan les sapigueu intentar acompanyar-la seguint el nom de les notes.\u00a0\u00a0<\/span><\/p>\n<p><span style=\"font-weight: 400;\">Aquesta activitat \u00e9s avaluable aix\u00ed que quan acabeu m\u2019heu d\u2019enviar un <strong>correu especificant que \u00e9s per m\u00fasica abans del dia 24 de maig dient-me el nom de les notes i si us ha agradat.\u00a0<\/strong><\/span><\/p>\n<p><span style=\"font-weight: 400;\">Tubs de colors:\u00a0<\/span><\/p>\n<p><a href=\"https:\/\/www.musick8.com\/boomwhackers\/playboomwhackers.php\" target=\"_blank\" rel=\"noopener noreferrer\"><span style=\"font-weight: 400;\">https:\/\/www.musick8.com\/boomwhackers\/playboomwhackers.php<\/span><\/a><span style=\"font-weight: 400;\">\u00a0<\/span><\/p>\n<p>&nbsp;<\/p>\n<p><iframe loading=\"lazy\" src=\"\/\/www.youtube.com\/embed\/FP-Ho68LOmw?list=PLivGuCHhXpSnqpd9J9KeL-kH49N13atBy&amp;index=1\" width=\"560\" height=\"314\"><\/iframe><\/p>\n<p>&nbsp;<\/p>\n<p>&nbsp;<\/p>\n<p><span style=\"color: #ff6600;\"><b>Religi\u00f3<\/b><\/span><\/p>\n<p><span style=\"font-weight: 400;\">Ja estem al mes de maig, mes de Maria. Aquesta setmana has de veure el seg\u00fcent v\u00eddeo.\u00a0<\/span><\/p>\n<p><iframe loading=\"lazy\" src=\"\/\/www.youtube.com\/embed\/QB3laKdjvBw\" width=\"560\" height=\"314\"><\/iframe><\/p>\n<p><span style=\"font-weight: 400;\">Tamb\u00e9 et proposo que facis un <strong>dibuix de Maria<\/strong>. Pots imprimir i pintar una de les imatges que t\u2019adjunto, o b\u00e9 fer el teu propi dibuix. Quan el tinguis, <span style=\"color: #008000;\"><strong>envia\u2019m una foto al correu de la classe<\/strong><\/span>.<\/span><\/p>\n<p><a href=\"https:\/\/agora.xtec.cat\/ceiptarra\/wp-content\/uploads\/usu1004\/2020\/05\/Imatges-de-Maria.pdf\">Imatges de Maria<\/a><\/p>\n<p>&nbsp;<\/p>\n","protected":false},"excerpt":{"rendered":"<p>Bona setmana noies i nois! Esperem que us agrad\u00e9s tant com a nosaltres veure&#8217;ns la setmana passada. Continuem avan\u00e7ant en el mes de maig i ja estem a la meitat. Aquesta setmana us tornem a presentar diferents propostes que esperem us agradin molt! Comencem! &nbsp; Mates Quinzet.\u00a0 Aquesta setmana us proposem dues s\u00e8ries de quinzet. [&hellip;]<\/p>\n","protected":false},"author":10,"featured_media":13327,"comment_status":"open","ping_status":"closed","sticky":false,"template":"","format":"standard","meta":{"_bbp_topic_count":0,"_bbp_reply_count":0,"_bbp_total_topic_count":0,"_bbp_total_reply_count":0,"_bbp_voice_count":0,"_bbp_anonymous_reply_count":0,"_bbp_topic_count_hidden":0,"_bbp_reply_count_hidden":0,"_bbp_forum_subforum_count":0,"site-sidebar-layout":"default","site-content-layout":"","ast-site-content-layout":"","site-content-style":"default","site-sidebar-style":"default","ast-global-header-display":"","ast-banner-title-visibility":"","ast-main-header-display":"","ast-hfb-above-header-display":"","ast-hfb-below-header-display":"","ast-hfb-mobile-header-display":"","site-post-title":"","ast-breadcrumbs-content":"","ast-featured-img":"","footer-sml-layout":"","theme-transparent-header-meta":"","adv-header-id-meta":"","stick-header-meta":"","header-above-stick-meta":"","header-main-stick-meta":"","header-below-stick-meta":"","astra-migrate-meta-layouts":"default","ast-page-background-enabled":"default","ast-page-background-meta":{"desktop":{"background-color":"var(--ast-global-color-4)","background-image":"","background-repeat":"repeat","background-position":"center center","background-size":"auto","background-attachment":"scroll","background-type":"","background-media":"","overlay-type":"","overlay-color":"","overlay-opacity":"","overlay-gradient":""},"tablet":{"background-color":"","background-image":"","background-repeat":"repeat","background-position":"center center","background-size":"auto","background-attachment":"scroll","background-type":"","background-media":"","overlay-type":"","overlay-color":"","overlay-opacity":"","overlay-gradient":""},"mobile":{"background-color":"","background-image":"","background-repeat":"repeat","background-position":"center center","background-size":"auto","background-attachment":"scroll","background-type":"","background-media":"","overlay-type":"","overlay-color":"","overlay-opacity":"","overlay-gradient":""}},"ast-content-background-meta":{"desktop":{"background-color":"var(--ast-global-color-5)","background-image":"","background-repeat":"repeat","background-position":"center center","background-size":"auto","background-attachment":"scroll","background-type":"","background-media":"","overlay-type":"","overlay-color":"","overlay-opacity":"","overlay-gradient":""},"tablet":{"background-color":"var(--ast-global-color-5)","background-image":"","background-repeat":"repeat","background-position":"center center","background-size":"auto","background-attachment":"scroll","background-type":"","background-media":"","overlay-type":"","overlay-color":"","overlay-opacity":"","overlay-gradient":""},"mobile":{"background-color":"var(--ast-global-color-5)","background-image":"","background-repeat":"repeat","background-position":"center center","background-size":"auto","background-attachment":"scroll","background-type":"","background-media":"","overlay-type":"","overlay-color":"","overlay-opacity":"","overlay-gradient":""}},"footnotes":""},"categories":[13],"tags":[327],"class_list":["post-13597","post","type-post","status-publish","format-standard","has-post-thumbnail","hentry","category-4t","tag-ens-quedem-a-casa"],"post_mailing_queue_ids":[],"_links":{"self":[{"href":"https:\/\/agora.xtec.cat\/ceiptarra\/wp-json\/wp\/v2\/posts\/13597","targetHints":{"allow":["GET"]}}],"collection":[{"href":"https:\/\/agora.xtec.cat\/ceiptarra\/wp-json\/wp\/v2\/posts"}],"about":[{"href":"https:\/\/agora.xtec.cat\/ceiptarra\/wp-json\/wp\/v2\/types\/post"}],"author":[{"embeddable":true,"href":"https:\/\/agora.xtec.cat\/ceiptarra\/wp-json\/wp\/v2\/users\/10"}],"replies":[{"embeddable":true,"href":"https:\/\/agora.xtec.cat\/ceiptarra\/wp-json\/wp\/v2\/comments?post=13597"}],"version-history":[{"count":4,"href":"https:\/\/agora.xtec.cat\/ceiptarra\/wp-json\/wp\/v2\/posts\/13597\/revisions"}],"predecessor-version":[{"id":13730,"href":"https:\/\/agora.xtec.cat\/ceiptarra\/wp-json\/wp\/v2\/posts\/13597\/revisions\/13730"}],"wp:featuredmedia":[{"embeddable":true,"href":"https:\/\/agora.xtec.cat\/ceiptarra\/wp-json\/wp\/v2\/media\/13327"}],"wp:attachment":[{"href":"https:\/\/agora.xtec.cat\/ceiptarra\/wp-json\/wp\/v2\/media?parent=13597"}],"wp:term":[{"taxonomy":"category","embeddable":true,"href":"https:\/\/agora.xtec.cat\/ceiptarra\/wp-json\/wp\/v2\/categories?post=13597"},{"taxonomy":"post_tag","embeddable":true,"href":"https:\/\/agora.xtec.cat\/ceiptarra\/wp-json\/wp\/v2\/tags?post=13597"}],"curies":[{"name":"wp","href":"https:\/\/api.w.org\/{rel}","templated":true}]}}